{"id":439,"date":"2023-01-04T10:57:35","date_gmt":"2023-01-04T10:57:35","guid":{"rendered":"https:\/\/alminutonoticia.com\/noticias\/?p=439"},"modified":"2023-01-04T10:57:35","modified_gmt":"2023-01-04T10:57:35","slug":"instan-al-meduca-promover-derechos-humanos-en-planteles-tras-vulneracion-de-derechos","status":"publish","type":"post","link":"https:\/\/alminutonoticia.com\/noticias\/instan-al-meduca-promover-derechos-humanos-en-planteles-tras-vulneracion-de-derechos\/","title":{"rendered":"Instan al Meduca promover derechos humanos en planteles tras vulneraci\u00f3n de derechos."},"content":{"rendered":"\n<p>&nbsp;La Defensor\u00eda del Pueblo, tras finalizar una investigaci\u00f3n por quejas presentadas por padres de familia de dos colegios p\u00fablicos de la capital, evidenci\u00f3 que el Ministerio de Educaci\u00f3n (Meduca), vulner\u00f3 los derechos a la Integridad e Igualdad, a la Ni\u00f1ez y Adolescencia y al Debido Proceso en la escuela Rep\u00fablica \u00c1rabe de Libia y en el Colegio Jos\u00e9 Antonio Rem\u00f3n Cantera los derechos de Petici\u00f3n y a la Ni\u00f1ez y Adolescencia, ambos procesos est\u00e1n plasmados en las resoluciones N\u00b01493 y N\u00b03653 respectivamente.<\/p>\n\n\n\n<p>De acuerdo a la queja presentada, en la escuela Rep\u00fablica \u00c1rabe de Libia un padre de familia inform\u00f3 que su hijo de 2do grado, quien usa turbante era discriminado por su cultura, adem\u00e1s alert\u00f3 que fue agredido por tres compa\u00f1eros y producto de los golpes tuvo que recibir atenci\u00f3n m\u00e9dica. La Defensor\u00eda recomienda al Meduca en la caso de la escuela de educaci\u00f3n b\u00e1sica, dar continuidad y seguimiento al informe de la comisi\u00f3n de disciplina a fin que incidentes similares no vuelvan ocurrir y que la mejor decisi\u00f3n sea basada en el Inter\u00e9s Superior del Ni\u00f1o, igualmente insta al Meduca promover los deberes y derechos humanos de la ni\u00f1ez y la adolescencia mediante jornadas de capacitaci\u00f3n dirigidas a los Directores Regionales, sobre la Ley 7 de 14 de febrero de 2018 que adopta medidas para prevenir, prohibir y sancionar actos discriminatorios, al tiempo que le exhorta instruir al equipo docente sobre la Ley 285 sobre el Sistemas de Garant\u00edas de Protecci\u00f3n Integral de los Derechos de la Ni\u00f1ez y Adolescencia y la Convenci\u00f3n sobre los Derechos del Ni\u00f1o (CDN).<\/p>\n\n\n\n<p>Mientras que la queja presentada en el Colegio Jos\u00e9 Antonio Rem\u00f3n Cantera, los afectados (docentes, estudiantes y personal administrativo) expresaban acoso, humillaci\u00f3n e incluso permitiendo que los estudiantes que llegaban tarde permanecieran fuera del plantel mientras llov\u00eda. La entidad rectora de los derechos humanos en Panam\u00e1, en el caso del colegio de educaci\u00f3n premedia y media recomienda al Meduca dar seguimiento al informe e iniciar los procesos disciplinarios de ser necesarios para resolver el conflicto y que la mejor decisi\u00f3n sea basada en el Inter\u00e9s Superior del Ni\u00f1o, as\u00ed como la realizaci\u00f3n de talleres de capacitaci\u00f3n en materia de educaci\u00f3n entre ellos el Decreto N\u00b0100 sobre los deberes y derechos de los docentes, la CDN y la Ley 285 con el prop\u00f3sito de aplicar el mayor standard de atenci\u00f3n que requiere la poblaci\u00f3n escolar.<\/p>\n\n\n\n<figure class=\"wp-block-image size-large\"><a href=\"https:\/\/alminutonoticia.com\/noticias\/wp-content\/uploads\/2023\/01\/FOTO-FACHADA-scaled.jpg\"><img fetchpriority=\"high\" decoding=\"async\" width=\"1024\" height=\"683\" src=\"https:\/\/alminutonoticia.com\/noticias\/wp-content\/uploads\/2023\/01\/FOTO-FACHADA-1024x683.jpg\" alt=\"\" class=\"wp-image-440\" title=\"\" srcset=\"https:\/\/alminutonoticia.com\/noticias\/wp-content\/uploads\/2023\/01\/FOTO-FACHADA-1024x683.jpg 1024w, https:\/\/alminutonoticia.com\/noticias\/wp-content\/uploads\/2023\/01\/FOTO-FACHADA-300x200.jpg 300w, https:\/\/alminutonoticia.com\/noticias\/wp-content\/uploads\/2023\/01\/FOTO-FACHADA-768x512.jpg 768w, https:\/\/alminutonoticia.com\/noticias\/wp-content\/uploads\/2023\/01\/FOTO-FACHADA-1536x1024.jpg 1536w, https:\/\/alminutonoticia.com\/noticias\/wp-content\/uploads\/2023\/01\/FOTO-FACHADA-2048x1365.jpg 2048w, https:\/\/alminutonoticia.com\/noticias\/wp-content\/uploads\/2023\/01\/FOTO-FACHADA-600x400.jpg 600w\" sizes=\"(max-width: 1024px) 100vw, 1024px\" \/><\/a><\/figure>\n","protected":false},"excerpt":{"rendered":"<p>&nbsp;La Defensor\u00eda del Pueblo, tras finalizar una investigaci\u00f3n por quejas presentadas por padres de familia de dos colegios p\u00fablicos de la capital, evidenci\u00f3 que el Ministerio de Educaci\u00f3n (Meduca), vulner\u00f3 los derechos a la Integridad e Igualdad, a la Ni\u00f1ez y Adolescencia y al Debido Proceso en la escuela Rep\u00fablica \u00c1rabe de Libia y en [&hellip;]<\/p>\n","protected":false},"author":3,"featured_media":441,"comment_status":"open","ping_status":"open","sticky":false,"template":"","format":"standard","meta":{"footnotes":""},"categories":[36],"tags":[],"class_list":["post-439","post","type-post","status-publish","format-standard","has-post-thumbnail","hentry","category-nacionales"],"_links":{"self":[{"href":"https:\/\/alminutonoticia.com\/noticias\/wp-json\/wp\/v2\/posts\/439","targetHints":{"allow":["GET"]}}],"collection":[{"href":"https:\/\/alminutonoticia.com\/noticias\/wp-json\/wp\/v2\/posts"}],"about":[{"href":"https:\/\/alminutonoticia.com\/noticias\/wp-json\/wp\/v2\/types\/post"}],"author":[{"embeddable":true,"href":"https:\/\/alminutonoticia.com\/noticias\/wp-json\/wp\/v2\/users\/3"}],"replies":[{"embeddable":true,"href":"https:\/\/alminutonoticia.com\/noticias\/wp-json\/wp\/v2\/comments?post=439"}],"version-history":[{"count":1,"href":"https:\/\/alminutonoticia.com\/noticias\/wp-json\/wp\/v2\/posts\/439\/revisions"}],"predecessor-version":[{"id":442,"href":"https:\/\/alminutonoticia.com\/noticias\/wp-json\/wp\/v2\/posts\/439\/revisions\/442"}],"wp:featuredmedia":[{"embeddable":true,"href":"https:\/\/alminutonoticia.com\/noticias\/wp-json\/wp\/v2\/media\/441"}],"wp:attachment":[{"href":"https:\/\/alminutonoticia.com\/noticias\/wp-json\/wp\/v2\/media?parent=439"}],"wp:term":[{"taxonomy":"category","embeddable":true,"href":"https:\/\/alminutonoticia.com\/noticias\/wp-json\/wp\/v2\/categories?post=439"},{"taxonomy":"post_tag","embeddable":true,"href":"https:\/\/alminutonoticia.com\/noticias\/wp-json\/wp\/v2\/tags?post=439"}],"curies":[{"name":"wp","href":"https:\/\/api.w.org\/{rel}","templated":true}]}}