{"id":422,"date":"2023-01-03T12:58:11","date_gmt":"2023-01-03T12:58:11","guid":{"rendered":"https:\/\/alminutonoticia.com\/noticias\/?p=422"},"modified":"2023-01-03T13:15:08","modified_gmt":"2023-01-03T13:15:08","slug":"salud-pobreza-y-obras-fueron-parte-de-los-temas-abordados-por-el-mandatario-en-su-informe","status":"publish","type":"post","link":"https:\/\/alminutonoticia.com\/noticias\/salud-pobreza-y-obras-fueron-parte-de-los-temas-abordados-por-el-mandatario-en-su-informe\/","title":{"rendered":"Salud, pobreza y obras fueron parte de los temas abordados por el mandatario en su informe."},"content":{"rendered":"\n<p>Laurentino Cortizo Cohen, en materia de salud, indic\u00f3 que elev\u00f3 a tema de Estado el debastecimiento y altos precios de los medicamentos, con la creaci\u00f3n de la Comisi\u00f3n Nacional de Medicamentos.<\/p>\n\n\n\n<p>Mencion\u00f3 que dicha Comisi\u00f3n ha tomado medidas temporales para mejorar gradualmente para la poblaci\u00f3n el acceso a los medicamentos, como la que rige desde agosto de 2022, que establece la reducci\u00f3n del 30% en el precio de 170 medicamentos.<\/p>\n\n\n\n<p>Por recomendaci\u00f3n de la Comisi\u00f3n, el presidente record\u00f3 que derog\u00f3 el Decreto 95 de 2019 para permitir la apertura del mercado de medicamentos a nuevos agentes comerciales, con el fin de reducir el costo de medicamentos b\u00e1sicos.<\/p>\n\n\n\n<p>Sobre la\u00a0Caja de Seguro Social (CSS), manifest\u00f3 que el Gobierno es respetuoso de la autonom\u00eda de la entidad y\u00a0espera que de la mesa del di\u00e1logo surjan las opciones viables que permitan una respuesta\u00a0y que no se ponga en problema la recuperaci\u00f3n econ\u00f3mica.<\/p>\n\n\n\n<p>Anunci\u00f3 que, a finales de este a\u00f1o, su administraci\u00f3n entregar\u00e1 la Ciudad de la Salud, una de las principales obras de infraestructura p\u00fablica de su plan de rescate y recuperaci\u00f3n de obras.<\/p>\n\n\n\n<p>Indic\u00f3 que 3 mil obreros trabajan 24\/7 para terminar las obras de construcci\u00f3n y equipamiento de los 43 quir\u00f3fanos, 176 unidades de cuidados intensivos, 81 unidades de semiintensivos, 275 consultorios y cuartos de hospitalizaci\u00f3n con disponibilidad de 957 camas.<br><br>Cortizo destac\u00f3 los informes de la CEPAL que se\u00f1alan que Panam\u00e1 ha reducido la pobreza y la pobreza extrema, as\u00ed como el que sit\u00faa el crecimiento econ\u00f3mico del pa\u00eds en 8.4% para 2022, uno de los m\u00e1s altos de la regi\u00f3n.<\/p>\n\n\n\n<p>Entre esas acciones dirigidas a disminuir la pobreza y la desigualdad, el presidente se\u00f1al\u00f3 que ha encabezado 122 Giras de Trabajo Comunitario que han incluido 579 acciones, tambi\u00e9n mencion\u00f3 la institucionalizaci\u00f3n de la lucha contra la pobreza y la desigualdad a trav\u00e9s de la Ley 297 de 2022, que estableci\u00f3 la estrategia nacional del Plan Colmena, la cual, recomend\u00f3, \u201cdebe perdurar en el tiempo\u201d.<\/p>\n\n\n\n<p>Tambi\u00e9n destac\u00f3 el informe de la CEPAL que revela que en Panam\u00e1 la pobreza se redujo de 18.5% en 2014 a 15.6%, adem\u00e1s de la reducci\u00f3n de la pobreza extrema de 8% en 2014 a 5.7% en 2021.<\/p>\n\n\n\n<p>Present\u00f3 adem\u00e1s una lista de m\u00e1s de  200 proyectos ejecutados y en ejecuci\u00f3n en cada provincia del pa\u00eds.<\/p>\n\n\n\n<p><\/p>\n\n\n\n<figure class=\"wp-block-image size-full\"><a href=\"https:\/\/alminutonoticia.com\/noticias\/wp-content\/uploads\/2023\/01\/WhatsApp-Image-2023-01-02-at-11.34.25-AM-1.jpeg\"><img fetchpriority=\"high\" decoding=\"async\" width=\"1024\" height=\"683\" src=\"https:\/\/alminutonoticia.com\/noticias\/wp-content\/uploads\/2023\/01\/WhatsApp-Image-2023-01-02-at-11.34.25-AM-1.jpeg\" alt=\"\" class=\"wp-image-423\" title=\"\" srcset=\"https:\/\/alminutonoticia.com\/noticias\/wp-content\/uploads\/2023\/01\/WhatsApp-Image-2023-01-02-at-11.34.25-AM-1.jpeg 1024w, https:\/\/alminutonoticia.com\/noticias\/wp-content\/uploads\/2023\/01\/WhatsApp-Image-2023-01-02-at-11.34.25-AM-1-300x200.jpeg 300w, https:\/\/alminutonoticia.com\/noticias\/wp-content\/uploads\/2023\/01\/WhatsApp-Image-2023-01-02-at-11.34.25-AM-1-768x512.jpeg 768w, https:\/\/alminutonoticia.com\/noticias\/wp-content\/uploads\/2023\/01\/WhatsApp-Image-2023-01-02-at-11.34.25-AM-1-600x400.jpeg 600w\" sizes=\"(max-width: 1024px) 100vw, 1024px\" \/><\/a><\/figure>\n","protected":false},"excerpt":{"rendered":"<p>Laurentino Cortizo Cohen, en materia de salud, indic\u00f3 que elev\u00f3 a tema de Estado el debastecimiento y altos precios de los medicamentos, con la creaci\u00f3n de la Comisi\u00f3n Nacional de Medicamentos. Mencion\u00f3 que dicha Comisi\u00f3n ha tomado medidas temporales para mejorar gradualmente para la poblaci\u00f3n el acceso a los medicamentos, como la que rige desde [&hellip;]<\/p>\n","protected":false},"author":3,"featured_media":423,"comment_status":"open","ping_status":"open","sticky":false,"template":"","format":"standard","meta":{"footnotes":""},"categories":[36,1],"tags":[],"class_list":["post-422","post","type-post","status-publish","format-standard","has-post-thumbnail","hentry","category-nacionales","category-sin-categoria"],"_links":{"self":[{"href":"https:\/\/alminutonoticia.com\/noticias\/wp-json\/wp\/v2\/posts\/422","targetHints":{"allow":["GET"]}}],"collection":[{"href":"https:\/\/alminutonoticia.com\/noticias\/wp-json\/wp\/v2\/posts"}],"about":[{"href":"https:\/\/alminutonoticia.com\/noticias\/wp-json\/wp\/v2\/types\/post"}],"author":[{"embeddable":true,"href":"https:\/\/alminutonoticia.com\/noticias\/wp-json\/wp\/v2\/users\/3"}],"replies":[{"embeddable":true,"href":"https:\/\/alminutonoticia.com\/noticias\/wp-json\/wp\/v2\/comments?post=422"}],"version-history":[{"count":2,"href":"https:\/\/alminutonoticia.com\/noticias\/wp-json\/wp\/v2\/posts\/422\/revisions"}],"predecessor-version":[{"id":425,"href":"https:\/\/alminutonoticia.com\/noticias\/wp-json\/wp\/v2\/posts\/422\/revisions\/425"}],"wp:featuredmedia":[{"embeddable":true,"href":"https:\/\/alminutonoticia.com\/noticias\/wp-json\/wp\/v2\/media\/423"}],"wp:attachment":[{"href":"https:\/\/alminutonoticia.com\/noticias\/wp-json\/wp\/v2\/media?parent=422"}],"wp:term":[{"taxonomy":"category","embeddable":true,"href":"https:\/\/alminutonoticia.com\/noticias\/wp-json\/wp\/v2\/categories?post=422"},{"taxonomy":"post_tag","embeddable":true,"href":"https:\/\/alminutonoticia.com\/noticias\/wp-json\/wp\/v2\/tags?post=422"}],"curies":[{"name":"wp","href":"https:\/\/api.w.org\/{rel}","templated":true}]}}