{"id":4098,"date":"2023-06-04T11:41:54","date_gmt":"2023-06-04T11:41:54","guid":{"rendered":"https:\/\/alminutonoticia.com\/noticias\/?p=4098"},"modified":"2023-06-04T11:41:55","modified_gmt":"2023-06-04T11:41:55","slug":"las-tablas-del-ter-son-puestas-en-cero-0-para-las-elecciones-primarias-de-rm","status":"publish","type":"post","link":"https:\/\/alminutonoticia.com\/noticias\/las-tablas-del-ter-son-puestas-en-cero-0-para-las-elecciones-primarias-de-rm\/","title":{"rendered":"Las tablas del TER son puestas en cero (0) para las elecciones primarias de RM"},"content":{"rendered":"\n<p>El Tribunal Electoral&nbsp; puso en cero, este s\u00e1bado 3 de junio, todas las cifras de las tablas del sistema de Transmisi\u00f3n Extraoficial de Resultados (TER) para las elecciones primarias del partido Realizando Metas (RM), en las que se elegir\u00e1 &nbsp;al candidato presidencial del colectivo para los comicios del 2024. &nbsp;<\/p>\n\n\n\n<p>Los datos del sistema, que se encontraba cargado, &nbsp;fueron &nbsp;borrados luego del anuncio por parte &nbsp;del director nacional de Organizaci\u00f3n&nbsp;Electoral, Osman Vald\u00e9s.&nbsp;&nbsp;En el acto tambi\u00e9n particip\u00f3 como testigo el magistrado segundo vicepresidente, Luis A. Guerra Morales, &nbsp;directivos del TE, &nbsp;representantes del partido RM, &nbsp;delegados electorales y medios de comunicaci\u00f3n social.<\/p>\n\n\n\n<p>El magistrado Guerra Morales se\u00f1al\u00f3 que el TER \u201cle brinda garant\u00eda y transparencia tanto a los que est\u00e1n participando, a la membres\u00eda de los partidos pol\u00edticos y a la ciudadan\u00eda en general\u201d.<\/p>\n\n\n\n<p>El TER iniciar\u00e1 a partir de las 4:00 p.m. de este domingo 4 junio y una vez se cierren las mesas de votaci\u00f3n se proyectar\u00e1n los primeros datos en el sistema.<\/p>\n\n\n\n<p>Para garantizar la transparencia de los resultados la ciudadan\u00eda podr\u00e1 dar seguimiento a los resultados, accediendo desde&nbsp;sus computadoras o dispositivos port\u00e1tiles a la transmisi\u00f3n a trav\u00e9s del canal de YouTube del Tribunal Electoral.<\/p>\n\n\n\n<p>Un total de\u00a0<strong>234,700\u00a0<\/strong>miembros del partido Realizando Metas est\u00e1n habilitados para votar en estas elecciones internas.<\/p>\n\n\n\n<figure class=\"wp-block-image size-large\"><a href=\"https:\/\/alminutonoticia.com\/noticias\/wp-content\/uploads\/2023\/06\/Puesta-en-Cero-RM-4-scaled.jpg\"><img fetchpriority=\"high\" decoding=\"async\" width=\"1024\" height=\"714\" src=\"https:\/\/alminutonoticia.com\/noticias\/wp-content\/uploads\/2023\/06\/Puesta-en-Cero-RM-4-1024x714.jpg\" alt=\"\" class=\"wp-image-4099\" title=\"\" srcset=\"https:\/\/alminutonoticia.com\/noticias\/wp-content\/uploads\/2023\/06\/Puesta-en-Cero-RM-4-1024x714.jpg 1024w, https:\/\/alminutonoticia.com\/noticias\/wp-content\/uploads\/2023\/06\/Puesta-en-Cero-RM-4-300x209.jpg 300w, https:\/\/alminutonoticia.com\/noticias\/wp-content\/uploads\/2023\/06\/Puesta-en-Cero-RM-4-768x535.jpg 768w, https:\/\/alminutonoticia.com\/noticias\/wp-content\/uploads\/2023\/06\/Puesta-en-Cero-RM-4-1536x1071.jpg 1536w, https:\/\/alminutonoticia.com\/noticias\/wp-content\/uploads\/2023\/06\/Puesta-en-Cero-RM-4-2048x1428.jpg 2048w\" sizes=\"(max-width: 1024px) 100vw, 1024px\" \/><\/a><\/figure>\n\n\n\n<figure class=\"wp-block-image size-large\"><a href=\"https:\/\/alminutonoticia.com\/noticias\/wp-content\/uploads\/2023\/06\/Puesta-en-Cero-RM-1-scaled.jpg\"><img decoding=\"async\" width=\"1024\" height=\"680\" src=\"https:\/\/alminutonoticia.com\/noticias\/wp-content\/uploads\/2023\/06\/Puesta-en-Cero-RM-1-1024x680.jpg\" alt=\"\" class=\"wp-image-4100\" title=\"\" srcset=\"https:\/\/alminutonoticia.com\/noticias\/wp-content\/uploads\/2023\/06\/Puesta-en-Cero-RM-1-1024x680.jpg 1024w, https:\/\/alminutonoticia.com\/noticias\/wp-content\/uploads\/2023\/06\/Puesta-en-Cero-RM-1-300x199.jpg 300w, https:\/\/alminutonoticia.com\/noticias\/wp-content\/uploads\/2023\/06\/Puesta-en-Cero-RM-1-768x510.jpg 768w, https:\/\/alminutonoticia.com\/noticias\/wp-content\/uploads\/2023\/06\/Puesta-en-Cero-RM-1-1536x1020.jpg 1536w, https:\/\/alminutonoticia.com\/noticias\/wp-content\/uploads\/2023\/06\/Puesta-en-Cero-RM-1-2048x1361.jpg 2048w\" sizes=\"(max-width: 1024px) 100vw, 1024px\" \/><\/a><\/figure>\n\n\n\n<figure class=\"wp-block-image size-large\"><a href=\"https:\/\/alminutonoticia.com\/noticias\/wp-content\/uploads\/2023\/06\/Puesta-en-Cero-RM-3-scaled.jpg\"><img decoding=\"async\" width=\"1024\" height=\"738\" src=\"https:\/\/alminutonoticia.com\/noticias\/wp-content\/uploads\/2023\/06\/Puesta-en-Cero-RM-3-1024x738.jpg\" alt=\"\" class=\"wp-image-4101\" title=\"\" srcset=\"https:\/\/alminutonoticia.com\/noticias\/wp-content\/uploads\/2023\/06\/Puesta-en-Cero-RM-3-1024x738.jpg 1024w, https:\/\/alminutonoticia.com\/noticias\/wp-content\/uploads\/2023\/06\/Puesta-en-Cero-RM-3-300x216.jpg 300w, https:\/\/alminutonoticia.com\/noticias\/wp-content\/uploads\/2023\/06\/Puesta-en-Cero-RM-3-768x553.jpg 768w, https:\/\/alminutonoticia.com\/noticias\/wp-content\/uploads\/2023\/06\/Puesta-en-Cero-RM-3-1536x1107.jpg 1536w, https:\/\/alminutonoticia.com\/noticias\/wp-content\/uploads\/2023\/06\/Puesta-en-Cero-RM-3-2048x1476.jpg 2048w\" sizes=\"(max-width: 1024px) 100vw, 1024px\" \/><\/a><\/figure>\n","protected":false},"excerpt":{"rendered":"<p>El Tribunal Electoral&nbsp; puso en cero, este s\u00e1bado 3 de junio, todas las cifras de las tablas del sistema de Transmisi\u00f3n Extraoficial de Resultados (TER) para las elecciones primarias del partido Realizando Metas (RM), en las que se elegir\u00e1 &nbsp;al candidato presidencial del colectivo para los comicios del 2024. &nbsp; Los datos del sistema, que [&hellip;]<\/p>\n","protected":false},"author":3,"featured_media":4101,"comment_status":"open","ping_status":"open","sticky":false,"template":"","format":"standard","meta":{"footnotes":""},"categories":[36,37],"tags":[],"class_list":["post-4098","post","type-post","status-publish","format-standard","has-post-thumbnail","hentry","category-nacionales","category-politica"],"_links":{"self":[{"href":"https:\/\/alminutonoticia.com\/noticias\/wp-json\/wp\/v2\/posts\/4098","targetHints":{"allow":["GET"]}}],"collection":[{"href":"https:\/\/alminutonoticia.com\/noticias\/wp-json\/wp\/v2\/posts"}],"about":[{"href":"https:\/\/alminutonoticia.com\/noticias\/wp-json\/wp\/v2\/types\/post"}],"author":[{"embeddable":true,"href":"https:\/\/alminutonoticia.com\/noticias\/wp-json\/wp\/v2\/users\/3"}],"replies":[{"embeddable":true,"href":"https:\/\/alminutonoticia.com\/noticias\/wp-json\/wp\/v2\/comments?post=4098"}],"version-history":[{"count":1,"href":"https:\/\/alminutonoticia.com\/noticias\/wp-json\/wp\/v2\/posts\/4098\/revisions"}],"predecessor-version":[{"id":4102,"href":"https:\/\/alminutonoticia.com\/noticias\/wp-json\/wp\/v2\/posts\/4098\/revisions\/4102"}],"wp:featuredmedia":[{"embeddable":true,"href":"https:\/\/alminutonoticia.com\/noticias\/wp-json\/wp\/v2\/media\/4101"}],"wp:attachment":[{"href":"https:\/\/alminutonoticia.com\/noticias\/wp-json\/wp\/v2\/media?parent=4098"}],"wp:term":[{"taxonomy":"category","embeddable":true,"href":"https:\/\/alminutonoticia.com\/noticias\/wp-json\/wp\/v2\/categories?post=4098"},{"taxonomy":"post_tag","embeddable":true,"href":"https:\/\/alminutonoticia.com\/noticias\/wp-json\/wp\/v2\/tags?post=4098"}],"curies":[{"name":"wp","href":"https:\/\/api.w.org\/{rel}","templated":true}]}}