{"id":408,"date":"2023-01-03T02:24:19","date_gmt":"2023-01-03T02:24:19","guid":{"rendered":"https:\/\/alminutonoticia.com\/noticias\/?p=408"},"modified":"2023-01-03T02:24:19","modified_gmt":"2023-01-03T02:24:19","slug":"empiezan-a-sonar-nombres-para-la-presidencia-del-prd-camino-al-2024","status":"publish","type":"post","link":"https:\/\/alminutonoticia.com\/noticias\/empiezan-a-sonar-nombres-para-la-presidencia-del-prd-camino-al-2024\/","title":{"rendered":"Empiezan a sonar nombres para la presidencia del PRD camino al 2024"},"content":{"rendered":"\n<p>2023 a\u00f1o preelectoral y las maquinarias electorales de los partidos pol\u00edticos empiezan a calentar motores con el objetivo de convertirse en una opci\u00f3n camino a las elecciones generales de mayo del 2024.<\/p>\n\n\n\n<p>Dentro del oficialista Partido Revolucionario Democr\u00e1tico (PRD) ya se mencionan algunos nombres de posibles figuras que podr\u00edan aspirar a convertirse en el abanderado presidencial de este partido para las elecciones generales.<\/p>\n\n\n\n<p>Fue el ministro de Vivienda, Rogelio Paredes, quien al llegar a la Asamblea Nacional este lunes 2 de enero, para participar del informe del presidente Laurentino Cortizo, revel\u00f3 algunos detalles interesantes sobre las primarias del PRD que se celebrar\u00e1n en junio del 2023.<\/p>\n\n\n\n<p>Los nombres del vicepresidente Jos\u00e9 Gabriel Carrizo, \u00a0el diputado presidente de la Asamblea Nacional,\u00a0 Crispiano Adames y el expresidente Mart\u00edn Torrijos, fueron dados a conocer por Paredes, Ministro de Vivienda y miembro del CEN del PRD.<\/p>\n\n\n\n<p>Por su parte la Ministra de Trabajo, Doris Zapata, fue abordada por los medios de comunicaci\u00f3n sobre el tema  y dijo que su trabajo es garantizar la celebraci\u00f3n de elecciones internas justas y transparentes. Evit\u00f3 mostrar postura por alg\u00fan nombre espec\u00edfico.<\/p>\n\n\n\n<p>Revel\u00f3 adem\u00e1s que el pr\u00f3ximo 22 de enero se celebrar\u00e1 un congreso extraordinario con el fin de definir las reglas de las primarias de este partido.<\/p>\n\n\n\n<figure class=\"wp-block-image size-full\"><a href=\"https:\/\/alminutonoticia.com\/noticias\/wp-content\/uploads\/2023\/01\/elecciones-el-prd-1.webp\"><img fetchpriority=\"high\" decoding=\"async\" width=\"855\" height=\"569\" src=\"https:\/\/alminutonoticia.com\/noticias\/wp-content\/uploads\/2023\/01\/elecciones-el-prd-1.webp\" alt=\"\" class=\"wp-image-410\" title=\"\" srcset=\"https:\/\/alminutonoticia.com\/noticias\/wp-content\/uploads\/2023\/01\/elecciones-el-prd-1.webp 855w, https:\/\/alminutonoticia.com\/noticias\/wp-content\/uploads\/2023\/01\/elecciones-el-prd-1-300x200.webp 300w, https:\/\/alminutonoticia.com\/noticias\/wp-content\/uploads\/2023\/01\/elecciones-el-prd-1-768x511.webp 768w, https:\/\/alminutonoticia.com\/noticias\/wp-content\/uploads\/2023\/01\/elecciones-el-prd-1-600x399.webp 600w\" sizes=\"(max-width: 855px) 100vw, 855px\" \/><\/a><\/figure>\n","protected":false},"excerpt":{"rendered":"<p>2023 a\u00f1o preelectoral y las maquinarias electorales de los partidos pol\u00edticos empiezan a calentar motores con el objetivo de convertirse en una opci\u00f3n camino a las elecciones generales de mayo del 2024. Dentro del oficialista Partido Revolucionario Democr\u00e1tico (PRD) ya se mencionan algunos nombres de posibles figuras que podr\u00edan aspirar a convertirse en el abanderado [&hellip;]<\/p>\n","protected":false},"author":3,"featured_media":409,"comment_status":"open","ping_status":"open","sticky":false,"template":"","format":"standard","meta":{"footnotes":""},"categories":[36,37],"tags":[],"class_list":["post-408","post","type-post","status-publish","format-standard","has-post-thumbnail","hentry","category-nacionales","category-politica"],"_links":{"self":[{"href":"https:\/\/alminutonoticia.com\/noticias\/wp-json\/wp\/v2\/posts\/408","targetHints":{"allow":["GET"]}}],"collection":[{"href":"https:\/\/alminutonoticia.com\/noticias\/wp-json\/wp\/v2\/posts"}],"about":[{"href":"https:\/\/alminutonoticia.com\/noticias\/wp-json\/wp\/v2\/types\/post"}],"author":[{"embeddable":true,"href":"https:\/\/alminutonoticia.com\/noticias\/wp-json\/wp\/v2\/users\/3"}],"replies":[{"embeddable":true,"href":"https:\/\/alminutonoticia.com\/noticias\/wp-json\/wp\/v2\/comments?post=408"}],"version-history":[{"count":1,"href":"https:\/\/alminutonoticia.com\/noticias\/wp-json\/wp\/v2\/posts\/408\/revisions"}],"predecessor-version":[{"id":411,"href":"https:\/\/alminutonoticia.com\/noticias\/wp-json\/wp\/v2\/posts\/408\/revisions\/411"}],"wp:featuredmedia":[{"embeddable":true,"href":"https:\/\/alminutonoticia.com\/noticias\/wp-json\/wp\/v2\/media\/409"}],"wp:attachment":[{"href":"https:\/\/alminutonoticia.com\/noticias\/wp-json\/wp\/v2\/media?parent=408"}],"wp:term":[{"taxonomy":"category","embeddable":true,"href":"https:\/\/alminutonoticia.com\/noticias\/wp-json\/wp\/v2\/categories?post=408"},{"taxonomy":"post_tag","embeddable":true,"href":"https:\/\/alminutonoticia.com\/noticias\/wp-json\/wp\/v2\/tags?post=408"}],"curies":[{"name":"wp","href":"https:\/\/api.w.org\/{rel}","templated":true}]}}