{"id":405,"date":"2023-01-03T02:11:20","date_gmt":"2023-01-03T02:11:20","guid":{"rendered":"https:\/\/alminutonoticia.com\/noticias\/?p=405"},"modified":"2023-01-03T02:11:20","modified_gmt":"2023-01-03T02:11:20","slug":"gobierno-esta-apostando-a-un-acuerdo-con-minera-panama","status":"publish","type":"post","link":"https:\/\/alminutonoticia.com\/noticias\/gobierno-esta-apostando-a-un-acuerdo-con-minera-panama\/","title":{"rendered":"Gobierno est\u00e1 &#8216;apostando\u2019 a un acuerdo con Minera Panam\u00e1."},"content":{"rendered":"\n<p>Omar Montilla, viceministro de Comercio Interior,  reiter\u00f3 que el Gobierno est\u00e1 preparado en materia legal para cualquiera de los escenarios por los recursos que establezca Minera Panam\u00e1.<\/p>\n\n\n\n<p>Cabe mencionar que recientemente se retomaron conversaciones entre\u00a0First Quantum,<a rel=\"noreferrer noopener\" href=\"https:\/\/www.tvn-2.com\/temas\/minera-panama\/\" target=\"_blank\">\u00a0Minera Panam\u00e1\u00a0<\/a><strong>y <\/strong>el Gobierno Nacional<\/p>\n\n\n\n<p> \u00abYa\u00a0no hay negociaci\u00f3n, ese periodo culmin\u00f3 y ahora se est\u00e1 a la espera de que puedan firmar y tambi\u00e9n se mira de cerca los movimientos de la empresa en la parte legal, afirm\u00f3 Montilla.<\/p>\n\n\n\n<p>\u201cEsperamos que prontamente ellos puedan tomar la decisi\u00f3n de firmar\u201d, recalc\u00f3.<\/p>\n\n\n\n<p>Sostuvo que la posici\u00f3n del&nbsp;<strong>Gobierno es firme<\/strong>&nbsp;y est\u00e1n a la espera del anuncio, ya sea aceptaci\u00f3n o arbitraje.<\/p>\n\n\n\n<p>Sobre el plan de cuido y mantenimiento de la mina en este periodo, la empresa a\u00fan no lo ha presentado.<\/p>\n\n\n\n<p>Montilla dijo que ya Panam\u00e1 tuvo un arbitraje con el tema del Canal de Panam\u00e1 y la imagen del pa\u00eds no se afect\u00f3. \u201cSomos fiel creyentes como paname\u00f1os de la protecci\u00f3n a la inversi\u00f3n extranjera y nacional, sin embargo, los intereses nacionales est\u00e1n por encima de cualquiera otra cosa\u201d.<\/p>\n\n\n\n<p>Pese a lo anterior, dijo que esperan que la situaci\u00f3n culmine con un acuerdo.<\/p>\n\n\n\n<p>Cree que&nbsp;<strong>375 millones m\u00ednimo<\/strong>&nbsp;es lo que debe tener el pa\u00eds para solventar algunos temas sociales y de los jubilados.<\/p>\n\n\n\n<figure class=\"wp-block-image size-large\"><a href=\"https:\/\/alminutonoticia.com\/noticias\/wp-content\/uploads\/2023\/01\/WhatsApp-Image-2023-01-02-at-8.10.01-PM.jpeg\"><img fetchpriority=\"high\" decoding=\"async\" width=\"963\" height=\"1024\" src=\"https:\/\/alminutonoticia.com\/noticias\/wp-content\/uploads\/2023\/01\/WhatsApp-Image-2023-01-02-at-8.10.01-PM-963x1024.jpeg\" alt=\"\" class=\"wp-image-406\" title=\"\" srcset=\"https:\/\/alminutonoticia.com\/noticias\/wp-content\/uploads\/2023\/01\/WhatsApp-Image-2023-01-02-at-8.10.01-PM-963x1024.jpeg 963w, https:\/\/alminutonoticia.com\/noticias\/wp-content\/uploads\/2023\/01\/WhatsApp-Image-2023-01-02-at-8.10.01-PM-282x300.jpeg 282w, https:\/\/alminutonoticia.com\/noticias\/wp-content\/uploads\/2023\/01\/WhatsApp-Image-2023-01-02-at-8.10.01-PM-768x817.jpeg 768w, https:\/\/alminutonoticia.com\/noticias\/wp-content\/uploads\/2023\/01\/WhatsApp-Image-2023-01-02-at-8.10.01-PM-600x638.jpeg 600w, https:\/\/alminutonoticia.com\/noticias\/wp-content\/uploads\/2023\/01\/WhatsApp-Image-2023-01-02-at-8.10.01-PM.jpeg 1072w\" sizes=\"(max-width: 963px) 100vw, 963px\" \/><\/a><\/figure>\n","protected":false},"excerpt":{"rendered":"<p>Omar Montilla, viceministro de Comercio Interior, reiter\u00f3 que el Gobierno est\u00e1 preparado en materia legal para cualquiera de los escenarios por los recursos que establezca Minera Panam\u00e1. Cabe mencionar que recientemente se retomaron conversaciones entre\u00a0First Quantum,\u00a0Minera Panam\u00e1\u00a0y el Gobierno Nacional \u00abYa\u00a0no hay negociaci\u00f3n, ese periodo culmin\u00f3 y ahora se est\u00e1 a la espera de que [&hellip;]<\/p>\n","protected":false},"author":3,"featured_media":406,"comment_status":"open","ping_status":"open","sticky":false,"template":"","format":"standard","meta":{"footnotes":""},"categories":[36],"tags":[],"class_list":["post-405","post","type-post","status-publish","format-standard","has-post-thumbnail","hentry","category-nacionales"],"_links":{"self":[{"href":"https:\/\/alminutonoticia.com\/noticias\/wp-json\/wp\/v2\/posts\/405","targetHints":{"allow":["GET"]}}],"collection":[{"href":"https:\/\/alminutonoticia.com\/noticias\/wp-json\/wp\/v2\/posts"}],"about":[{"href":"https:\/\/alminutonoticia.com\/noticias\/wp-json\/wp\/v2\/types\/post"}],"author":[{"embeddable":true,"href":"https:\/\/alminutonoticia.com\/noticias\/wp-json\/wp\/v2\/users\/3"}],"replies":[{"embeddable":true,"href":"https:\/\/alminutonoticia.com\/noticias\/wp-json\/wp\/v2\/comments?post=405"}],"version-history":[{"count":1,"href":"https:\/\/alminutonoticia.com\/noticias\/wp-json\/wp\/v2\/posts\/405\/revisions"}],"predecessor-version":[{"id":407,"href":"https:\/\/alminutonoticia.com\/noticias\/wp-json\/wp\/v2\/posts\/405\/revisions\/407"}],"wp:featuredmedia":[{"embeddable":true,"href":"https:\/\/alminutonoticia.com\/noticias\/wp-json\/wp\/v2\/media\/406"}],"wp:attachment":[{"href":"https:\/\/alminutonoticia.com\/noticias\/wp-json\/wp\/v2\/media?parent=405"}],"wp:term":[{"taxonomy":"category","embeddable":true,"href":"https:\/\/alminutonoticia.com\/noticias\/wp-json\/wp\/v2\/categories?post=405"},{"taxonomy":"post_tag","embeddable":true,"href":"https:\/\/alminutonoticia.com\/noticias\/wp-json\/wp\/v2\/tags?post=405"}],"curies":[{"name":"wp","href":"https:\/\/api.w.org\/{rel}","templated":true}]}}