{"id":402,"date":"2023-01-03T02:01:57","date_gmt":"2023-01-03T02:01:57","guid":{"rendered":"https:\/\/alminutonoticia.com\/noticias\/?p=402"},"modified":"2023-01-03T02:01:57","modified_gmt":"2023-01-03T02:01:57","slug":"se-instala-segunda-legislatura-del-cuarto-periodo-de-sesiones-ordinarias","status":"publish","type":"post","link":"https:\/\/alminutonoticia.com\/noticias\/se-instala-segunda-legislatura-del-cuarto-periodo-de-sesiones-ordinarias\/","title":{"rendered":"Se instala segunda legislatura del cuarto periodo de sesiones ordinarias."},"content":{"rendered":"\n<p>Este lunes 2 de enero de 2023, se  dio inicio a  la segunda legislatura del cuarto periodo de sesiones ordinarias en la Asamblea Nacional,<\/p>\n\n\n\n<p>En los predios de la Asamblea Nacional, la seguridad  fue reforzada con agentes de la Polic\u00eda Nacional, y el acceso al legislativo fue bloqueado con vallas met\u00e1licas como ya es habitual para este proceso.<\/p>\n\n\n\n<p>Se espera que en esta nueva legislatura se tomen en cuenta varias iniciativas que quedaron pendientes, entre ellas, las relacionadas a transparentar la cosa p\u00fablica, la ley de reglamento interno de este \u00f3rgano del Estado y la Ley de Extinci\u00f3n de Dominio, que tiene varias posiciones enfrentadas y el contrato con minera.<\/p>\n\n\n\n<p>El Acto protocolar dio inicio con la izada de el pabell\u00f3n nacional, la entonaci\u00f3n del Himno Nacional y la izada de las banderas de los diversos partidos politicos y de libre postulaci\u00f3n representados en la Asamblea Nacional.<\/p>\n\n\n\n<p>Acto seguido en el emiciclo legislativo, se hicieron los llamados al qu\u00f3rum, la invocaci\u00f3n religiosa y los discursos del Presidente de la Asamblea Crispiano Adames y el Presidente de la Rep\u00fablica Laurentino Cortizo Cohen.<\/p>\n\n\n\n<figure class=\"wp-block-image size-full\"><a href=\"https:\/\/alminutonoticia.com\/noticias\/wp-content\/uploads\/2023\/01\/asamblea-8jpg.webp\"><img fetchpriority=\"high\" decoding=\"async\" width=\"855\" height=\"475\" src=\"https:\/\/alminutonoticia.com\/noticias\/wp-content\/uploads\/2023\/01\/asamblea-8jpg.webp\" alt=\"\" class=\"wp-image-403\" title=\"\" srcset=\"https:\/\/alminutonoticia.com\/noticias\/wp-content\/uploads\/2023\/01\/asamblea-8jpg.webp 855w, https:\/\/alminutonoticia.com\/noticias\/wp-content\/uploads\/2023\/01\/asamblea-8jpg-300x167.webp 300w, https:\/\/alminutonoticia.com\/noticias\/wp-content\/uploads\/2023\/01\/asamblea-8jpg-768x427.webp 768w, https:\/\/alminutonoticia.com\/noticias\/wp-content\/uploads\/2023\/01\/asamblea-8jpg-600x333.webp 600w\" sizes=\"(max-width: 855px) 100vw, 855px\" \/><\/a><\/figure>\n\n\n\n<p><\/p>\n","protected":false},"excerpt":{"rendered":"<p>Este lunes 2 de enero de 2023, se dio inicio a la segunda legislatura del cuarto periodo de sesiones ordinarias en la Asamblea Nacional, En los predios de la Asamblea Nacional, la seguridad fue reforzada con agentes de la Polic\u00eda Nacional, y el acceso al legislativo fue bloqueado con vallas met\u00e1licas como ya es habitual [&hellip;]<\/p>\n","protected":false},"author":3,"featured_media":403,"comment_status":"open","ping_status":"open","sticky":false,"template":"","format":"standard","meta":{"footnotes":""},"categories":[36],"tags":[],"class_list":["post-402","post","type-post","status-publish","format-standard","has-post-thumbnail","hentry","category-nacionales"],"_links":{"self":[{"href":"https:\/\/alminutonoticia.com\/noticias\/wp-json\/wp\/v2\/posts\/402","targetHints":{"allow":["GET"]}}],"collection":[{"href":"https:\/\/alminutonoticia.com\/noticias\/wp-json\/wp\/v2\/posts"}],"about":[{"href":"https:\/\/alminutonoticia.com\/noticias\/wp-json\/wp\/v2\/types\/post"}],"author":[{"embeddable":true,"href":"https:\/\/alminutonoticia.com\/noticias\/wp-json\/wp\/v2\/users\/3"}],"replies":[{"embeddable":true,"href":"https:\/\/alminutonoticia.com\/noticias\/wp-json\/wp\/v2\/comments?post=402"}],"version-history":[{"count":1,"href":"https:\/\/alminutonoticia.com\/noticias\/wp-json\/wp\/v2\/posts\/402\/revisions"}],"predecessor-version":[{"id":404,"href":"https:\/\/alminutonoticia.com\/noticias\/wp-json\/wp\/v2\/posts\/402\/revisions\/404"}],"wp:featuredmedia":[{"embeddable":true,"href":"https:\/\/alminutonoticia.com\/noticias\/wp-json\/wp\/v2\/media\/403"}],"wp:attachment":[{"href":"https:\/\/alminutonoticia.com\/noticias\/wp-json\/wp\/v2\/media?parent=402"}],"wp:term":[{"taxonomy":"category","embeddable":true,"href":"https:\/\/alminutonoticia.com\/noticias\/wp-json\/wp\/v2\/categories?post=402"},{"taxonomy":"post_tag","embeddable":true,"href":"https:\/\/alminutonoticia.com\/noticias\/wp-json\/wp\/v2\/tags?post=402"}],"curies":[{"name":"wp","href":"https:\/\/api.w.org\/{rel}","templated":true}]}}