{"id":3991,"date":"2023-06-01T20:20:00","date_gmt":"2023-06-01T20:20:00","guid":{"rendered":"https:\/\/alminutonoticia.com\/noticias\/?p=3991"},"modified":"2023-06-01T20:20:01","modified_gmt":"2023-06-01T20:20:01","slug":"todo-listo-para-las-elecciones-primarias","status":"publish","type":"post","link":"https:\/\/alminutonoticia.com\/noticias\/todo-listo-para-las-elecciones-primarias\/","title":{"rendered":"Todo\u00a0listo\u00a0para las\u00a0elecciones\u00a0primarias"},"content":{"rendered":"\n<p>El Tribunal Electoral (TE) tiene todo preparado para el inicio de las elecciones primarias de los partidos pol\u00edticos el pr\u00f3ximo domingo 4 de junio de 2023, para escoger durante los meses de junio y julio de este a\u00f1o a sus candidatos a presidente, diputados a la Asamblea Nacional, alcaldes y representantes de corregimiento, tal como lo establece el Decreto 29 del 30 de mayo de 2022.<\/p>\n\n\n\n<p>El padr\u00f3n electoral del partido RM es de 234,700, quienes votar\u00e1n en 513 centros y 655 mesas, cuya elecci\u00f3n interna tiene un costo de 1,353,111 balboas, mientras que el PRD est\u00e1n habilitados 731,267 miembros, en 1,165 centros de votaci\u00f3n y con 1,978 mesas de votaci\u00f3n. Las primarias &nbsp;del partido gobernante tiene un costo de 3,120,000 balboas.<\/p>\n\n\n\n<p>La instituci\u00f3n financiar\u00e1, fiscalizar\u00e1 los fondos y organizar\u00e1 la elecci\u00f3n primaria presidencial del partido Realizando Metas (RM) para este 4 de junio, y el 2 de julio se escoger\u00e1n las candidaturas a diputados, alcaldes, representantes de corregimiento y concejales.<\/p>\n\n\n\n<p>El TE solo financiar\u00e1 y fiscalizar\u00e1 el uso del dinero para las primarias del Partido Revolucionario Democr\u00e1tico (PRD) el 11 de junio, de Cambio Democr\u00e1tico (CD) el 9 de julio y del Partido Paname\u00f1ista el 23 de julio.<\/p>\n\n\n\n<p>El magistrado presidente Alfredo Junc\u00e1 Wendehake manifest\u00f3 que el jueves, antes de cualquier elecci\u00f3n, es un momento de reflexi\u00f3n de los votantes para analizar las propuestas de los candidatos, por lo que la propaganda electoral est\u00e1 permitida hasta las 11:59 de la noche.<\/p>\n\n\n\n<p>Por su parte, Eduardo Vald\u00e9s Escoffery, magistrado primer vicepresidente y director del PLAGEL, sostuvo que, desde hoy, y por 60 d\u00edas, se inicia el periodo para que los precandidatos por libre postulaci\u00f3n realicen sus campa\u00f1as pol\u00edticas o propaganda pagada.<\/p>\n\n\n\n<p>Mientras que el magistrado segundo vicepresidente, Luis A. Guerra Morales, destac\u00f3 que para las primarias habr\u00e1 observadores de la Organizaci\u00f3n de los Estados Americanos (OEA) y de la Uni\u00f3n Interamericana de Organismos Electorales (UNIORE).<\/p>\n\n\n\n<p>Tambi\u00e9n asistieron el director de Organizaci\u00f3n Electoral, Osman Vald\u00e9s,\u00a0\u00a0y Fausto Fern\u00e1ndez, presidente del Cuerpo de Delegados Electorales\u00a0(CDE).<\/p>\n\n\n\n<figure class=\"wp-block-image size-large\"><a href=\"https:\/\/alminutonoticia.com\/noticias\/wp-content\/uploads\/2023\/06\/Conferencia-de-Prensa-PLAGEL-11-003-scaled.jpg\"><img fetchpriority=\"high\" decoding=\"async\" width=\"1024\" height=\"701\" src=\"https:\/\/alminutonoticia.com\/noticias\/wp-content\/uploads\/2023\/06\/Conferencia-de-Prensa-PLAGEL-11-003-1024x701.jpg\" alt=\"\" class=\"wp-image-3992\" title=\"\" srcset=\"https:\/\/alminutonoticia.com\/noticias\/wp-content\/uploads\/2023\/06\/Conferencia-de-Prensa-PLAGEL-11-003-1024x701.jpg 1024w, https:\/\/alminutonoticia.com\/noticias\/wp-content\/uploads\/2023\/06\/Conferencia-de-Prensa-PLAGEL-11-003-300x205.jpg 300w, https:\/\/alminutonoticia.com\/noticias\/wp-content\/uploads\/2023\/06\/Conferencia-de-Prensa-PLAGEL-11-003-768x526.jpg 768w, https:\/\/alminutonoticia.com\/noticias\/wp-content\/uploads\/2023\/06\/Conferencia-de-Prensa-PLAGEL-11-003-1536x1051.jpg 1536w, https:\/\/alminutonoticia.com\/noticias\/wp-content\/uploads\/2023\/06\/Conferencia-de-Prensa-PLAGEL-11-003-2048x1402.jpg 2048w\" sizes=\"(max-width: 1024px) 100vw, 1024px\" \/><\/a><\/figure>\n\n\n\n<figure class=\"wp-block-image size-large\"><a href=\"https:\/\/alminutonoticia.com\/noticias\/wp-content\/uploads\/2023\/06\/0A8A9220-scaled.jpg\"><img decoding=\"async\" width=\"1024\" height=\"705\" src=\"https:\/\/alminutonoticia.com\/noticias\/wp-content\/uploads\/2023\/06\/0A8A9220-1024x705.jpg\" alt=\"\" class=\"wp-image-3993\" title=\"\" srcset=\"https:\/\/alminutonoticia.com\/noticias\/wp-content\/uploads\/2023\/06\/0A8A9220-1024x705.jpg 1024w, https:\/\/alminutonoticia.com\/noticias\/wp-content\/uploads\/2023\/06\/0A8A9220-300x207.jpg 300w, https:\/\/alminutonoticia.com\/noticias\/wp-content\/uploads\/2023\/06\/0A8A9220-768x529.jpg 768w, https:\/\/alminutonoticia.com\/noticias\/wp-content\/uploads\/2023\/06\/0A8A9220-1536x1058.jpg 1536w, https:\/\/alminutonoticia.com\/noticias\/wp-content\/uploads\/2023\/06\/0A8A9220-2048x1411.jpg 2048w\" sizes=\"(max-width: 1024px) 100vw, 1024px\" \/><\/a><\/figure>\n\n\n\n<figure class=\"wp-block-image size-large\"><a href=\"https:\/\/alminutonoticia.com\/noticias\/wp-content\/uploads\/2023\/06\/0A8A9599-scaled.jpg\"><img decoding=\"async\" width=\"1024\" height=\"683\" src=\"https:\/\/alminutonoticia.com\/noticias\/wp-content\/uploads\/2023\/06\/0A8A9599-1024x683.jpg\" alt=\"\" class=\"wp-image-3994\" title=\"\" srcset=\"https:\/\/alminutonoticia.com\/noticias\/wp-content\/uploads\/2023\/06\/0A8A9599-1024x683.jpg 1024w, https:\/\/alminutonoticia.com\/noticias\/wp-content\/uploads\/2023\/06\/0A8A9599-300x200.jpg 300w, https:\/\/alminutonoticia.com\/noticias\/wp-content\/uploads\/2023\/06\/0A8A9599-768x512.jpg 768w, https:\/\/alminutonoticia.com\/noticias\/wp-content\/uploads\/2023\/06\/0A8A9599-1536x1024.jpg 1536w, https:\/\/alminutonoticia.com\/noticias\/wp-content\/uploads\/2023\/06\/0A8A9599-2048x1365.jpg 2048w\" sizes=\"(max-width: 1024px) 100vw, 1024px\" \/><\/a><\/figure>\n","protected":false},"excerpt":{"rendered":"<p>El Tribunal Electoral (TE) tiene todo preparado para el inicio de las elecciones primarias de los partidos pol\u00edticos el pr\u00f3ximo domingo 4 de junio de 2023, para escoger durante los meses de junio y julio de este a\u00f1o a sus candidatos a presidente, diputados a la Asamblea Nacional, alcaldes y representantes de corregimiento, tal como [&hellip;]<\/p>\n","protected":false},"author":3,"featured_media":3994,"comment_status":"open","ping_status":"open","sticky":false,"template":"","format":"standard","meta":{"footnotes":""},"categories":[36,37],"tags":[],"class_list":["post-3991","post","type-post","status-publish","format-standard","has-post-thumbnail","hentry","category-nacionales","category-politica"],"_links":{"self":[{"href":"https:\/\/alminutonoticia.com\/noticias\/wp-json\/wp\/v2\/posts\/3991","targetHints":{"allow":["GET"]}}],"collection":[{"href":"https:\/\/alminutonoticia.com\/noticias\/wp-json\/wp\/v2\/posts"}],"about":[{"href":"https:\/\/alminutonoticia.com\/noticias\/wp-json\/wp\/v2\/types\/post"}],"author":[{"embeddable":true,"href":"https:\/\/alminutonoticia.com\/noticias\/wp-json\/wp\/v2\/users\/3"}],"replies":[{"embeddable":true,"href":"https:\/\/alminutonoticia.com\/noticias\/wp-json\/wp\/v2\/comments?post=3991"}],"version-history":[{"count":1,"href":"https:\/\/alminutonoticia.com\/noticias\/wp-json\/wp\/v2\/posts\/3991\/revisions"}],"predecessor-version":[{"id":3995,"href":"https:\/\/alminutonoticia.com\/noticias\/wp-json\/wp\/v2\/posts\/3991\/revisions\/3995"}],"wp:featuredmedia":[{"embeddable":true,"href":"https:\/\/alminutonoticia.com\/noticias\/wp-json\/wp\/v2\/media\/3994"}],"wp:attachment":[{"href":"https:\/\/alminutonoticia.com\/noticias\/wp-json\/wp\/v2\/media?parent=3991"}],"wp:term":[{"taxonomy":"category","embeddable":true,"href":"https:\/\/alminutonoticia.com\/noticias\/wp-json\/wp\/v2\/categories?post=3991"},{"taxonomy":"post_tag","embeddable":true,"href":"https:\/\/alminutonoticia.com\/noticias\/wp-json\/wp\/v2\/tags?post=3991"}],"curies":[{"name":"wp","href":"https:\/\/api.w.org\/{rel}","templated":true}]}}