{"id":3976,"date":"2023-06-01T20:04:58","date_gmt":"2023-06-01T20:04:58","guid":{"rendered":"https:\/\/alminutonoticia.com\/noticias\/?p=3976"},"modified":"2023-06-01T20:04:59","modified_gmt":"2023-06-01T20:04:59","slug":"la-comunidad-lgbtiq-iza-su-bandera-exigiendo-leyes-que-les-protejan","status":"publish","type":"post","link":"https:\/\/alminutonoticia.com\/noticias\/la-comunidad-lgbtiq-iza-su-bandera-exigiendo-leyes-que-les-protejan\/","title":{"rendered":"La comunidad LGBTIQ+ iza su bandera exigiendo leyes que les protejan."},"content":{"rendered":"\n<p>Con la izada de la Bandera del Orgullo LGBTIQ+, en la Plaza Catedral del Casco Antiguo, las organizaciones que luchan por los derechos de la poblaci\u00f3n LGBTIQ+ exigen al Estado paname\u00f1o la formulaci\u00f3n de pol\u00edticas p\u00fablicas que garanticen el ejercicio pleno de sus Derechos Civiles y el acceso universal a los servicios de educaci\u00f3n, salud y empleo sin ning\u00fan tipo de estigma o discriminacio\u0301n.<\/p>\n\n\n\n<p>La Izada de la Bandera del Orgullo en Panama\u0301, es una iniciativa que nos da visibilidad como poblacio\u0301n y reivindica la lucha por nuestros derechos que inicio\u0301 en Stonewall, Nueva York, en 1969. Es por esto por lo que hoy izar la bandera del arcoi\u0301ris cobra mayor relevancia, luego que la Corte Suprema de Justicia fallara contra el matrimonio igualitario, institucionalizando la discriminacio\u0301n y fortaleciendo los discursos de odio.<\/p>\n\n\n\n<p>\u201cQueremos recordarle al Estado Panamen\u0303o que es responsable de proteger y defender a todos sus ciudadanos sin discriminacio\u0301n alguna y que este fallo deja en desproteccio\u0301n a nuestras familias. Tambie\u0301n invitamos al Estado, a revisar los reglamentos de los estamentos de seguridad nacional, que penalizan la homosexualidad y la consideran un acto degradante\u201d, puntualizo\u0301 Samirah Armengol, directora ejecutiva del Panama Pride.<\/p>\n\n\n\n<p>Este an\u0303o es significativo, por eso nuestros abanderados son los sen\u0303ores A\u0301lvaro Levy y Ken Gilberg, que desde el 2014 legalizaron el reconocimiento de su familia, misma que es reconocida en la mayori\u0301a de los pai\u0301ses de la regio\u0301n, sin embargo, el Estado panamen\u0303o niega su existencia y por lo tanto los derechos que les corresponden.<\/p>\n\n\n\n<p>\u201cCreemos firmemente en la Declaraci\u00f3n Universal de Derechos Humanos donde dice, \u201cTodos los seres humanos nacen libres e iguales en dignidad y derechos,\u201d raz\u00f3n por la cual demandamos ante la Corte Suprema de Justicia establecer el matrimonio igualitario en Panam\u00e1. Es un v\u00ednculo primordial al derecho de la comunidad LGBTIQ+ en este pa\u00eds\u201d, sen\u0303ala A\u0301lvaro Levy.<\/p>\n\n\n\n<p>\u201cPanama Pride organiza una serie de eventos que buscan fomentar el di\u00e1logo, la empati\u0301a y el respeto. \u201cA lo largo de este mes, llevaremos a cabo: conferencias con relatores de la Comisio\u0301n Interamericana de Derechos Humanos, foros educativos, presentaciones arti\u0301sticas, proyecciones de peli\u0301culas, lanzamiento de libros y otras acciones que abordan los temas LGBTQ+ desde diferentes perspectivas, culminando la celebracio\u0301n con la Marcha del Orgullo que sale a las 2:00 pm desde calle 13 Casco Antiguo y termina en la Plaza V Centenario con un festival que inicia desde las 12:00 md hasta las 2:00 am. Para conocer el calendario de actividades pueden acceder a www.panamapride.org\u201d concluyo\u0301 Franklyn Robinson, presidente del Panama Pride 2023.<\/p>\n\n\n\n<p>El acto conto\u0301 con la participacio\u0301n de Ken Di \u0301Doll, Embajadora del Pride 2023, organizaciones aliadas, voluntarios, activistas y empresas comprometidas con los derechos humanos. Adema\u0301s participaron representantes de la Coalicio\u0301n de Embajadas por la Igualdad, entre ellas las embajadas de Alemania, Argentina, Canada\u0301, Costa Rica, Estados Unidos, Gran Bretan\u0303a, Me\u0301xico y Pai\u0301ses Bajos. Como representantes del Estado acompan\u0303aron la actividad el Ministerio de Cultura, la Autoridad de Turismo de Panama\u0301 y la Oficina del Casco Antiguo.<\/p>\n\n\n\n<figure class=\"wp-block-image size-large\"><a href=\"https:\/\/alminutonoticia.com\/noticias\/wp-content\/uploads\/2023\/06\/WhatsApp-Image-2023-06-01-at-11.53.52-AM.jpeg\"><img fetchpriority=\"high\" decoding=\"async\" width=\"1024\" height=\"878\" src=\"https:\/\/alminutonoticia.com\/noticias\/wp-content\/uploads\/2023\/06\/WhatsApp-Image-2023-06-01-at-11.53.52-AM-1024x878.jpeg\" alt=\"\" class=\"wp-image-3977\" title=\"\" srcset=\"https:\/\/alminutonoticia.com\/noticias\/wp-content\/uploads\/2023\/06\/WhatsApp-Image-2023-06-01-at-11.53.52-AM-1024x878.jpeg 1024w, https:\/\/alminutonoticia.com\/noticias\/wp-content\/uploads\/2023\/06\/WhatsApp-Image-2023-06-01-at-11.53.52-AM-300x257.jpeg 300w, https:\/\/alminutonoticia.com\/noticias\/wp-content\/uploads\/2023\/06\/WhatsApp-Image-2023-06-01-at-11.53.52-AM-768x659.jpeg 768w, https:\/\/alminutonoticia.com\/noticias\/wp-content\/uploads\/2023\/06\/WhatsApp-Image-2023-06-01-at-11.53.52-AM.jpeg 1399w\" sizes=\"(max-width: 1024px) 100vw, 1024px\" \/><\/a><\/figure>\n\n\n\n<figure class=\"wp-block-image size-large\"><a href=\"https:\/\/alminutonoticia.com\/noticias\/wp-content\/uploads\/2023\/06\/WhatsApp-Image-2023-06-01-at-11.53.51-AM-1.jpeg\"><img decoding=\"async\" width=\"1024\" height=\"768\" src=\"https:\/\/alminutonoticia.com\/noticias\/wp-content\/uploads\/2023\/06\/WhatsApp-Image-2023-06-01-at-11.53.51-AM-1-1024x768.jpeg\" alt=\"\" class=\"wp-image-3978\" title=\"\" srcset=\"https:\/\/alminutonoticia.com\/noticias\/wp-content\/uploads\/2023\/06\/WhatsApp-Image-2023-06-01-at-11.53.51-AM-1-1024x768.jpeg 1024w, https:\/\/alminutonoticia.com\/noticias\/wp-content\/uploads\/2023\/06\/WhatsApp-Image-2023-06-01-at-11.53.51-AM-1-300x225.jpeg 300w, https:\/\/alminutonoticia.com\/noticias\/wp-content\/uploads\/2023\/06\/WhatsApp-Image-2023-06-01-at-11.53.51-AM-1-768x576.jpeg 768w, https:\/\/alminutonoticia.com\/noticias\/wp-content\/uploads\/2023\/06\/WhatsApp-Image-2023-06-01-at-11.53.51-AM-1-1536x1152.jpeg 1536w, https:\/\/alminutonoticia.com\/noticias\/wp-content\/uploads\/2023\/06\/WhatsApp-Image-2023-06-01-at-11.53.51-AM-1.jpeg 1600w\" sizes=\"(max-width: 1024px) 100vw, 1024px\" \/><\/a><\/figure>\n\n\n\n<figure class=\"wp-block-image size-large\"><a href=\"https:\/\/alminutonoticia.com\/noticias\/wp-content\/uploads\/2023\/06\/WhatsApp-Image-2023-06-01-at-11.53.51-AM.jpeg\"><img decoding=\"async\" width=\"1024\" height=\"768\" src=\"https:\/\/alminutonoticia.com\/noticias\/wp-content\/uploads\/2023\/06\/WhatsApp-Image-2023-06-01-at-11.53.51-AM-1024x768.jpeg\" alt=\"\" class=\"wp-image-3979\" title=\"\" srcset=\"https:\/\/alminutonoticia.com\/noticias\/wp-content\/uploads\/2023\/06\/WhatsApp-Image-2023-06-01-at-11.53.51-AM-1024x768.jpeg 1024w, https:\/\/alminutonoticia.com\/noticias\/wp-content\/uploads\/2023\/06\/WhatsApp-Image-2023-06-01-at-11.53.51-AM-300x225.jpeg 300w, https:\/\/alminutonoticia.com\/noticias\/wp-content\/uploads\/2023\/06\/WhatsApp-Image-2023-06-01-at-11.53.51-AM-768x576.jpeg 768w, https:\/\/alminutonoticia.com\/noticias\/wp-content\/uploads\/2023\/06\/WhatsApp-Image-2023-06-01-at-11.53.51-AM-1536x1152.jpeg 1536w, https:\/\/alminutonoticia.com\/noticias\/wp-content\/uploads\/2023\/06\/WhatsApp-Image-2023-06-01-at-11.53.51-AM.jpeg 1600w\" sizes=\"(max-width: 1024px) 100vw, 1024px\" \/><\/a><\/figure>\n\n\n\n<figure class=\"wp-block-image size-large\"><a href=\"https:\/\/alminutonoticia.com\/noticias\/wp-content\/uploads\/2023\/06\/WhatsApp-Image-2023-06-01-at-11.53.50-AM.jpeg\"><img loading=\"lazy\" decoding=\"async\" width=\"1024\" height=\"717\" src=\"https:\/\/alminutonoticia.com\/noticias\/wp-content\/uploads\/2023\/06\/WhatsApp-Image-2023-06-01-at-11.53.50-AM-1024x717.jpeg\" alt=\"\" class=\"wp-image-3980\" title=\"\" srcset=\"https:\/\/alminutonoticia.com\/noticias\/wp-content\/uploads\/2023\/06\/WhatsApp-Image-2023-06-01-at-11.53.50-AM-1024x717.jpeg 1024w, https:\/\/alminutonoticia.com\/noticias\/wp-content\/uploads\/2023\/06\/WhatsApp-Image-2023-06-01-at-11.53.50-AM-300x210.jpeg 300w, https:\/\/alminutonoticia.com\/noticias\/wp-content\/uploads\/2023\/06\/WhatsApp-Image-2023-06-01-at-11.53.50-AM-768x538.jpeg 768w, https:\/\/alminutonoticia.com\/noticias\/wp-content\/uploads\/2023\/06\/WhatsApp-Image-2023-06-01-at-11.53.50-AM-1536x1075.jpeg 1536w, https:\/\/alminutonoticia.com\/noticias\/wp-content\/uploads\/2023\/06\/WhatsApp-Image-2023-06-01-at-11.53.50-AM.jpeg 1600w\" sizes=\"(max-width: 1024px) 100vw, 1024px\" \/><\/a><\/figure>\n","protected":false},"excerpt":{"rendered":"<p>Con la izada de la Bandera del Orgullo LGBTIQ+, en la Plaza Catedral del Casco Antiguo, las organizaciones que luchan por los derechos de la poblaci\u00f3n LGBTIQ+ exigen al Estado paname\u00f1o la formulaci\u00f3n de pol\u00edticas p\u00fablicas que garanticen el ejercicio pleno de sus Derechos Civiles y el acceso universal a los servicios de educaci\u00f3n, salud [&hellip;]<\/p>\n","protected":false},"author":3,"featured_media":3980,"comment_status":"open","ping_status":"open","sticky":false,"template":"","format":"standard","meta":{"footnotes":""},"categories":[36],"tags":[],"class_list":["post-3976","post","type-post","status-publish","format-standard","has-post-thumbnail","hentry","category-nacionales"],"_links":{"self":[{"href":"https:\/\/alminutonoticia.com\/noticias\/wp-json\/wp\/v2\/posts\/3976","targetHints":{"allow":["GET"]}}],"collection":[{"href":"https:\/\/alminutonoticia.com\/noticias\/wp-json\/wp\/v2\/posts"}],"about":[{"href":"https:\/\/alminutonoticia.com\/noticias\/wp-json\/wp\/v2\/types\/post"}],"author":[{"embeddable":true,"href":"https:\/\/alminutonoticia.com\/noticias\/wp-json\/wp\/v2\/users\/3"}],"replies":[{"embeddable":true,"href":"https:\/\/alminutonoticia.com\/noticias\/wp-json\/wp\/v2\/comments?post=3976"}],"version-history":[{"count":1,"href":"https:\/\/alminutonoticia.com\/noticias\/wp-json\/wp\/v2\/posts\/3976\/revisions"}],"predecessor-version":[{"id":3981,"href":"https:\/\/alminutonoticia.com\/noticias\/wp-json\/wp\/v2\/posts\/3976\/revisions\/3981"}],"wp:featuredmedia":[{"embeddable":true,"href":"https:\/\/alminutonoticia.com\/noticias\/wp-json\/wp\/v2\/media\/3980"}],"wp:attachment":[{"href":"https:\/\/alminutonoticia.com\/noticias\/wp-json\/wp\/v2\/media?parent=3976"}],"wp:term":[{"taxonomy":"category","embeddable":true,"href":"https:\/\/alminutonoticia.com\/noticias\/wp-json\/wp\/v2\/categories?post=3976"},{"taxonomy":"post_tag","embeddable":true,"href":"https:\/\/alminutonoticia.com\/noticias\/wp-json\/wp\/v2\/tags?post=3976"}],"curies":[{"name":"wp","href":"https:\/\/api.w.org\/{rel}","templated":true}]}}