{"id":395,"date":"2023-01-02T11:33:42","date_gmt":"2023-01-02T11:33:42","guid":{"rendered":"https:\/\/alminutonoticia.com\/noticias\/?p=395"},"modified":"2023-01-02T11:33:42","modified_gmt":"2023-01-02T11:33:42","slug":"hoy-cortizo-rinde-informe-a-la-nacion","status":"publish","type":"post","link":"https:\/\/alminutonoticia.com\/noticias\/hoy-cortizo-rinde-informe-a-la-nacion\/","title":{"rendered":"Hoy Cortizo rinde informe a la naci\u00f3n."},"content":{"rendered":"\n<p>El emiciclo de la Asamblea Nacional de Diputados, ser\u00e1 el esencenario en donde hoy 2 de enero del 2023, el Presidente de la Rep\u00fablica Laurentino Cortizo Chohen, rendira informe de su gesti\u00f3n a la naci\u00f3n.<\/p>\n\n\n\n<p>De acuerdo a el programa protocolar compartido con los medios por la Asamblea Nacional, el acto iniciara con la izada del pabell\u00f3n nacional, entonaci\u00f3n del Himno Nacional y la Izada de las banderas de los diversos partidos pol\u00edticos y por la libre postulaci\u00f3n.<\/p>\n\n\n\n<p>Cabe destacar que en el sexto punto de el orden del d\u00eda le correspondera dar el informe a el pa\u00eds a el Presidente Cortizo Chohen. <\/p>\n\n\n\n<p><\/p>\n\n\n\n<p><\/p>\n\n\n\n<p><\/p>\n","protected":false},"excerpt":{"rendered":"<p>El emiciclo de la Asamblea Nacional de Diputados, ser\u00e1 el esencenario en donde hoy 2 de enero del 2023, el Presidente de la Rep\u00fablica Laurentino Cortizo Chohen, rendira informe de su gesti\u00f3n a la naci\u00f3n. De acuerdo a el programa protocolar compartido con los medios por la Asamblea Nacional, el acto iniciara con la izada [&hellip;]<\/p>\n","protected":false},"author":3,"featured_media":396,"comment_status":"open","ping_status":"open","sticky":false,"template":"","format":"standard","meta":{"footnotes":""},"categories":[36],"tags":[],"class_list":["post-395","post","type-post","status-publish","format-standard","has-post-thumbnail","hentry","category-nacionales"],"_links":{"self":[{"href":"https:\/\/alminutonoticia.com\/noticias\/wp-json\/wp\/v2\/posts\/395","targetHints":{"allow":["GET"]}}],"collection":[{"href":"https:\/\/alminutonoticia.com\/noticias\/wp-json\/wp\/v2\/posts"}],"about":[{"href":"https:\/\/alminutonoticia.com\/noticias\/wp-json\/wp\/v2\/types\/post"}],"author":[{"embeddable":true,"href":"https:\/\/alminutonoticia.com\/noticias\/wp-json\/wp\/v2\/users\/3"}],"replies":[{"embeddable":true,"href":"https:\/\/alminutonoticia.com\/noticias\/wp-json\/wp\/v2\/comments?post=395"}],"version-history":[{"count":1,"href":"https:\/\/alminutonoticia.com\/noticias\/wp-json\/wp\/v2\/posts\/395\/revisions"}],"predecessor-version":[{"id":397,"href":"https:\/\/alminutonoticia.com\/noticias\/wp-json\/wp\/v2\/posts\/395\/revisions\/397"}],"wp:featuredmedia":[{"embeddable":true,"href":"https:\/\/alminutonoticia.com\/noticias\/wp-json\/wp\/v2\/media\/396"}],"wp:attachment":[{"href":"https:\/\/alminutonoticia.com\/noticias\/wp-json\/wp\/v2\/media?parent=395"}],"wp:term":[{"taxonomy":"category","embeddable":true,"href":"https:\/\/alminutonoticia.com\/noticias\/wp-json\/wp\/v2\/categories?post=395"},{"taxonomy":"post_tag","embeddable":true,"href":"https:\/\/alminutonoticia.com\/noticias\/wp-json\/wp\/v2\/tags?post=395"}],"curies":[{"name":"wp","href":"https:\/\/api.w.org\/{rel}","templated":true}]}}