{"id":3914,"date":"2023-05-31T10:11:29","date_gmt":"2023-05-31T10:11:29","guid":{"rendered":"https:\/\/alminutonoticia.com\/noticias\/?p=3914"},"modified":"2023-05-31T10:11:29","modified_gmt":"2023-05-31T10:11:29","slug":"gobierno-nacional-aprobo-extender-vigencia-del-precio-del-combustible-a-b-3-25-hasta-el-15-de-julio-proximo","status":"publish","type":"post","link":"https:\/\/alminutonoticia.com\/noticias\/gobierno-nacional-aprobo-extender-vigencia-del-precio-del-combustible-a-b-3-25-hasta-el-15-de-julio-proximo\/","title":{"rendered":"Gobierno Nacional aprob\u00f3 extender vigencia del precio del combustible a B\/.3.25 hasta el 15 de julio pr\u00f3ximo"},"content":{"rendered":"\n<p>El Consejo de Gabinete de este martes 30, aprob\u00f3 la extensi\u00f3n del precio del gal\u00f3n de combustible solidario a B\/.3.25 para la gasolina de 91 octanos, al igual que el di\u00e9sel hasta el 15 de julio pr\u00f3ximo.<\/p>\n\n\n\n<p>Con esta aprobaci\u00f3n se prorroga a partir del 1 de junio hasta el 15 de julio pr\u00f3ximo, los efectos del art\u00edculo 1 de la Resoluci\u00f3n de Gabinete 60 de 19 de mayo de 2022 con un aporte del Estado de hasta por la suma de B\/.14,325,000.00.<\/p>\n\n\n\n<p>De acuerdo al presidente de la Rep\u00fablica Laurentino Cortizo Cohen, quien encabez\u00f3 el Consejo de Gabinete, \u201cesta medida ha servido para la recuperaci\u00f3n econ\u00f3mica del pa\u00eds y que tengamos la inflaci\u00f3n de 1.4% una de las m\u00e1s bajas del mundo\u201d.<\/p>\n\n\n\n<p>Anteriormente el Gobierno Nacional aprob\u00f3 que, del 22 de abril hasta el 31 de mayo, se mantendr\u00eda el precio a B\/.3.25 para la gasolina de 91 octanos y el di\u00e9sel, prorrog\u00e1ndose este beneficio ahora hasta el 15 de julio.<\/p>\n\n\n\n<p>Con estas medidas el Gobierno Nacional busca seguir impulsando el crecimiento econ\u00f3mico en sectores como: agricultura, ganader\u00eda, industria manufacturera, pesca, construcci\u00f3n, comercio, industria y turismo, entre otros, que no se encarezca el precio del pasaje a la poblaci\u00f3n adem\u00e1s de garantizar la generaci\u00f3n de empleos y que la inflaci\u00f3n en Panam\u00e1 se mantenga entre las m\u00e1s bajas a nivel mundial para que el pa\u00eds avance.<\/p>\n\n\n\n<p>La extensi\u00f3n de este subsidio aprobado por el Gobierno Nacional, representa un gran esfuerzo y un sacrificio fiscal, con el \u00fanico fin de aliviar los altos costos de productos y servicios a la poblaci\u00f3n en general, as\u00ed como un impulso adicional para continuar con la reactivaci\u00f3n de la econom\u00eda.<\/p>\n\n\n\n<figure class=\"wp-block-image size-full\"><a href=\"https:\/\/alminutonoticia.com\/noticias\/wp-content\/uploads\/2023\/05\/WhatsApp-Image-2023-05-30-at-6.06.09-PM.jpeg\"><img fetchpriority=\"high\" decoding=\"async\" width=\"1024\" height=\"682\" src=\"https:\/\/alminutonoticia.com\/noticias\/wp-content\/uploads\/2023\/05\/WhatsApp-Image-2023-05-30-at-6.06.09-PM.jpeg\" alt=\"\" class=\"wp-image-3915\" title=\"\" srcset=\"https:\/\/alminutonoticia.com\/noticias\/wp-content\/uploads\/2023\/05\/WhatsApp-Image-2023-05-30-at-6.06.09-PM.jpeg 1024w, https:\/\/alminutonoticia.com\/noticias\/wp-content\/uploads\/2023\/05\/WhatsApp-Image-2023-05-30-at-6.06.09-PM-300x200.jpeg 300w, https:\/\/alminutonoticia.com\/noticias\/wp-content\/uploads\/2023\/05\/WhatsApp-Image-2023-05-30-at-6.06.09-PM-768x512.jpeg 768w\" sizes=\"(max-width: 1024px) 100vw, 1024px\" \/><\/a><\/figure>\n\n\n\n<figure class=\"wp-block-image size-full\"><a href=\"https:\/\/alminutonoticia.com\/noticias\/wp-content\/uploads\/2023\/05\/WhatsApp-Image-2023-05-30-at-6.06.10-PM.jpeg\"><img decoding=\"async\" width=\"1024\" height=\"682\" src=\"https:\/\/alminutonoticia.com\/noticias\/wp-content\/uploads\/2023\/05\/WhatsApp-Image-2023-05-30-at-6.06.10-PM.jpeg\" alt=\"\" class=\"wp-image-3916\" title=\"\" srcset=\"https:\/\/alminutonoticia.com\/noticias\/wp-content\/uploads\/2023\/05\/WhatsApp-Image-2023-05-30-at-6.06.10-PM.jpeg 1024w, https:\/\/alminutonoticia.com\/noticias\/wp-content\/uploads\/2023\/05\/WhatsApp-Image-2023-05-30-at-6.06.10-PM-300x200.jpeg 300w, https:\/\/alminutonoticia.com\/noticias\/wp-content\/uploads\/2023\/05\/WhatsApp-Image-2023-05-30-at-6.06.10-PM-768x512.jpeg 768w\" sizes=\"(max-width: 1024px) 100vw, 1024px\" \/><\/a><\/figure>\n","protected":false},"excerpt":{"rendered":"<p>El Consejo de Gabinete de este martes 30, aprob\u00f3 la extensi\u00f3n del precio del gal\u00f3n de combustible solidario a B\/.3.25 para la gasolina de 91 octanos, al igual que el di\u00e9sel hasta el 15 de julio pr\u00f3ximo. Con esta aprobaci\u00f3n se prorroga a partir del 1 de junio hasta el 15 de julio pr\u00f3ximo, los [&hellip;]<\/p>\n","protected":false},"author":3,"featured_media":3915,"comment_status":"open","ping_status":"open","sticky":false,"template":"","format":"standard","meta":{"footnotes":""},"categories":[38,45],"tags":[],"class_list":["post-3914","post","type-post","status-publish","format-standard","has-post-thumbnail","hentry","category-economia","category-salud"],"_links":{"self":[{"href":"https:\/\/alminutonoticia.com\/noticias\/wp-json\/wp\/v2\/posts\/3914","targetHints":{"allow":["GET"]}}],"collection":[{"href":"https:\/\/alminutonoticia.com\/noticias\/wp-json\/wp\/v2\/posts"}],"about":[{"href":"https:\/\/alminutonoticia.com\/noticias\/wp-json\/wp\/v2\/types\/post"}],"author":[{"embeddable":true,"href":"https:\/\/alminutonoticia.com\/noticias\/wp-json\/wp\/v2\/users\/3"}],"replies":[{"embeddable":true,"href":"https:\/\/alminutonoticia.com\/noticias\/wp-json\/wp\/v2\/comments?post=3914"}],"version-history":[{"count":1,"href":"https:\/\/alminutonoticia.com\/noticias\/wp-json\/wp\/v2\/posts\/3914\/revisions"}],"predecessor-version":[{"id":3917,"href":"https:\/\/alminutonoticia.com\/noticias\/wp-json\/wp\/v2\/posts\/3914\/revisions\/3917"}],"wp:featuredmedia":[{"embeddable":true,"href":"https:\/\/alminutonoticia.com\/noticias\/wp-json\/wp\/v2\/media\/3915"}],"wp:attachment":[{"href":"https:\/\/alminutonoticia.com\/noticias\/wp-json\/wp\/v2\/media?parent=3914"}],"wp:term":[{"taxonomy":"category","embeddable":true,"href":"https:\/\/alminutonoticia.com\/noticias\/wp-json\/wp\/v2\/categories?post=3914"},{"taxonomy":"post_tag","embeddable":true,"href":"https:\/\/alminutonoticia.com\/noticias\/wp-json\/wp\/v2\/tags?post=3914"}],"curies":[{"name":"wp","href":"https:\/\/api.w.org\/{rel}","templated":true}]}}