{"id":387,"date":"2023-01-01T22:44:21","date_gmt":"2023-01-01T22:44:21","guid":{"rendered":"https:\/\/alminutonoticia.com\/noticias\/?p=387"},"modified":"2023-01-01T22:45:02","modified_gmt":"2023-01-01T22:45:02","slug":"vicepresidente-de-la-republica-participo-de-la-toma-de-posesion-del-presidente-de-brasil","status":"publish","type":"post","link":"https:\/\/alminutonoticia.com\/noticias\/vicepresidente-de-la-republica-participo-de-la-toma-de-posesion-del-presidente-de-brasil\/","title":{"rendered":"Vicepresidente de la Rep\u00fablica particip\u00f3 de la toma de posesi\u00f3n del presidente de Brasil"},"content":{"rendered":"\n<p>El vicepresidente de la Rep\u00fablica y ministro de la Presidencia, Jos\u00e9 Gabriel Carrizo Ja\u00e9n, particip\u00f3, en representaci\u00f3n del Gobierno Nacional, de la toma de posesi\u00f3n del presidente de Brasil, Luiz In\u00e1cio Lula da Silva, en una ceremonia oficial que se llev\u00f3 a cabo en la ciudad de Brasilia.<\/p>\n\n\n\n<p><br>Carrizo Ja\u00e9n viaj\u00f3 a Brasil este el viernes 30 de diciembre por designaci\u00f3n del presidente de la Rep\u00fablica, Laurentino Cortizo Cohen, para junto a la la ministra de Relaciones Exteriores Janaina Tewaney Mencomo asistir al acto de traspaso de mando, en un evento que re\u00fane a 300 mil personas, con la presencia de delegaciones de 120 pa\u00edses representadas por jefes de Estado y de Gobierno.<\/p>\n\n\n\n<p><br>Carrizo Ja\u00e9n, fue recibido con honores por las autoridades brasile\u00f1as, que reconocieron los lazos de hermandad entre ambos pa\u00edses, marcadas por acuerdos en materia educativa, cultural y comercial que data de varias d\u00e9cadas.<\/p>\n\n\n\n<p><br>Luego, el presidente Lula Da Silva se traslad\u00f3 al Palacio de Planalto para ofrecer su discurso oficial y saludar a los jefes de Estado y de Gobierno de los pa\u00edses invitados, entre ellos el vicepresidente de Panam\u00e1 Jos\u00e9 Gabriel Carrizo Ja\u00e9n.<\/p>\n\n\n\n<p><br>El vicepresidente Carrizo Ja\u00e9n y la canciller Tewaney Mencomo retornan a Panam\u00e1 el lunes 2 de enero de 2023.<\/p>\n\n\n\n<figure class=\"wp-block-image size-full\"><a href=\"https:\/\/alminutonoticia.com\/noticias\/wp-content\/uploads\/2023\/01\/WhatsApp-Image-2023-01-01-at-4.24.26-PM.jpeg\"><img fetchpriority=\"high\" decoding=\"async\" width=\"1024\" height=\"840\" src=\"https:\/\/alminutonoticia.com\/noticias\/wp-content\/uploads\/2023\/01\/WhatsApp-Image-2023-01-01-at-4.24.26-PM.jpeg\" alt=\"\" class=\"wp-image-388\" title=\"\" srcset=\"https:\/\/alminutonoticia.com\/noticias\/wp-content\/uploads\/2023\/01\/WhatsApp-Image-2023-01-01-at-4.24.26-PM.jpeg 1024w, https:\/\/alminutonoticia.com\/noticias\/wp-content\/uploads\/2023\/01\/WhatsApp-Image-2023-01-01-at-4.24.26-PM-300x246.jpeg 300w, https:\/\/alminutonoticia.com\/noticias\/wp-content\/uploads\/2023\/01\/WhatsApp-Image-2023-01-01-at-4.24.26-PM-768x630.jpeg 768w, https:\/\/alminutonoticia.com\/noticias\/wp-content\/uploads\/2023\/01\/WhatsApp-Image-2023-01-01-at-4.24.26-PM-600x492.jpeg 600w\" sizes=\"(max-width: 1024px) 100vw, 1024px\" \/><\/a><\/figure>\n\n\n\n<figure class=\"wp-block-image size-full\"><a href=\"https:\/\/alminutonoticia.com\/noticias\/wp-content\/uploads\/2023\/01\/WhatsApp-Image-2023-01-01-at-4.24.27-PM.jpeg\"><img decoding=\"async\" width=\"1024\" height=\"683\" src=\"https:\/\/alminutonoticia.com\/noticias\/wp-content\/uploads\/2023\/01\/WhatsApp-Image-2023-01-01-at-4.24.27-PM.jpeg\" alt=\"\" class=\"wp-image-389\" title=\"\" srcset=\"https:\/\/alminutonoticia.com\/noticias\/wp-content\/uploads\/2023\/01\/WhatsApp-Image-2023-01-01-at-4.24.27-PM.jpeg 1024w, https:\/\/alminutonoticia.com\/noticias\/wp-content\/uploads\/2023\/01\/WhatsApp-Image-2023-01-01-at-4.24.27-PM-300x200.jpeg 300w, https:\/\/alminutonoticia.com\/noticias\/wp-content\/uploads\/2023\/01\/WhatsApp-Image-2023-01-01-at-4.24.27-PM-768x512.jpeg 768w, https:\/\/alminutonoticia.com\/noticias\/wp-content\/uploads\/2023\/01\/WhatsApp-Image-2023-01-01-at-4.24.27-PM-600x400.jpeg 600w\" sizes=\"(max-width: 1024px) 100vw, 1024px\" \/><\/a><\/figure>\n\n\n\n<figure class=\"wp-block-image size-full\"><a href=\"https:\/\/alminutonoticia.com\/noticias\/wp-content\/uploads\/2023\/01\/WhatsApp-Image-2023-01-01-at-4.24.28-PM.jpeg\"><img decoding=\"async\" width=\"1024\" height=\"683\" src=\"https:\/\/alminutonoticia.com\/noticias\/wp-content\/uploads\/2023\/01\/WhatsApp-Image-2023-01-01-at-4.24.28-PM.jpeg\" alt=\"\" class=\"wp-image-390\" title=\"\" srcset=\"https:\/\/alminutonoticia.com\/noticias\/wp-content\/uploads\/2023\/01\/WhatsApp-Image-2023-01-01-at-4.24.28-PM.jpeg 1024w, https:\/\/alminutonoticia.com\/noticias\/wp-content\/uploads\/2023\/01\/WhatsApp-Image-2023-01-01-at-4.24.28-PM-300x200.jpeg 300w, https:\/\/alminutonoticia.com\/noticias\/wp-content\/uploads\/2023\/01\/WhatsApp-Image-2023-01-01-at-4.24.28-PM-768x512.jpeg 768w, https:\/\/alminutonoticia.com\/noticias\/wp-content\/uploads\/2023\/01\/WhatsApp-Image-2023-01-01-at-4.24.28-PM-600x400.jpeg 600w\" sizes=\"(max-width: 1024px) 100vw, 1024px\" \/><\/a><\/figure>\n\n\n\n<figure class=\"wp-block-image size-full\"><a href=\"https:\/\/alminutonoticia.com\/noticias\/wp-content\/uploads\/2023\/01\/WhatsApp-Image-2023-01-01-at-4.24.29-PM.jpeg\"><img loading=\"lazy\" decoding=\"async\" width=\"1024\" height=\"683\" src=\"https:\/\/alminutonoticia.com\/noticias\/wp-content\/uploads\/2023\/01\/WhatsApp-Image-2023-01-01-at-4.24.29-PM.jpeg\" alt=\"\" class=\"wp-image-391\" title=\"\" srcset=\"https:\/\/alminutonoticia.com\/noticias\/wp-content\/uploads\/2023\/01\/WhatsApp-Image-2023-01-01-at-4.24.29-PM.jpeg 1024w, https:\/\/alminutonoticia.com\/noticias\/wp-content\/uploads\/2023\/01\/WhatsApp-Image-2023-01-01-at-4.24.29-PM-300x200.jpeg 300w, https:\/\/alminutonoticia.com\/noticias\/wp-content\/uploads\/2023\/01\/WhatsApp-Image-2023-01-01-at-4.24.29-PM-768x512.jpeg 768w, https:\/\/alminutonoticia.com\/noticias\/wp-content\/uploads\/2023\/01\/WhatsApp-Image-2023-01-01-at-4.24.29-PM-600x400.jpeg 600w\" sizes=\"(max-width: 1024px) 100vw, 1024px\" \/><\/a><\/figure>\n\n\n\n<figure class=\"wp-block-image size-large\"><a href=\"https:\/\/alminutonoticia.com\/noticias\/wp-content\/uploads\/2023\/01\/WhatsApp-Image-2023-01-01-at-4.24.30-PM.jpeg\"><img loading=\"lazy\" decoding=\"async\" width=\"1024\" height=\"1024\" src=\"https:\/\/alminutonoticia.com\/noticias\/wp-content\/uploads\/2023\/01\/WhatsApp-Image-2023-01-01-at-4.24.30-PM-1024x1024.jpeg\" alt=\"\" class=\"wp-image-392\" title=\"\" srcset=\"https:\/\/alminutonoticia.com\/noticias\/wp-content\/uploads\/2023\/01\/WhatsApp-Image-2023-01-01-at-4.24.30-PM.jpeg 1024w, https:\/\/alminutonoticia.com\/noticias\/wp-content\/uploads\/2023\/01\/WhatsApp-Image-2023-01-01-at-4.24.30-PM-300x300.jpeg 300w, https:\/\/alminutonoticia.com\/noticias\/wp-content\/uploads\/2023\/01\/WhatsApp-Image-2023-01-01-at-4.24.30-PM-150x150.jpeg 150w, https:\/\/alminutonoticia.com\/noticias\/wp-content\/uploads\/2023\/01\/WhatsApp-Image-2023-01-01-at-4.24.30-PM-768x768.jpeg 768w, https:\/\/alminutonoticia.com\/noticias\/wp-content\/uploads\/2023\/01\/WhatsApp-Image-2023-01-01-at-4.24.30-PM-600x600.jpeg 600w, https:\/\/alminutonoticia.com\/noticias\/wp-content\/uploads\/2023\/01\/WhatsApp-Image-2023-01-01-at-4.24.30-PM-100x100.jpeg 100w\" sizes=\"(max-width: 1024px) 100vw, 1024px\" \/><\/a><\/figure>\n\n\n\n<figure class=\"wp-block-image size-large\"><a href=\"https:\/\/alminutonoticia.com\/noticias\/wp-content\/uploads\/2023\/01\/WhatsApp-Image-2023-01-01-at-4.40.50-PM.jpeg\"><img loading=\"lazy\" decoding=\"async\" width=\"1024\" height=\"683\" src=\"https:\/\/alminutonoticia.com\/noticias\/wp-content\/uploads\/2023\/01\/WhatsApp-Image-2023-01-01-at-4.40.50-PM-1024x683.jpeg\" alt=\"\" class=\"wp-image-393\" title=\"\" srcset=\"https:\/\/alminutonoticia.com\/noticias\/wp-content\/uploads\/2023\/01\/WhatsApp-Image-2023-01-01-at-4.40.50-PM-1024x683.jpeg 1024w, https:\/\/alminutonoticia.com\/noticias\/wp-content\/uploads\/2023\/01\/WhatsApp-Image-2023-01-01-at-4.40.50-PM-300x200.jpeg 300w, https:\/\/alminutonoticia.com\/noticias\/wp-content\/uploads\/2023\/01\/WhatsApp-Image-2023-01-01-at-4.40.50-PM-768x512.jpeg 768w, https:\/\/alminutonoticia.com\/noticias\/wp-content\/uploads\/2023\/01\/WhatsApp-Image-2023-01-01-at-4.40.50-PM-600x400.jpeg 600w, https:\/\/alminutonoticia.com\/noticias\/wp-content\/uploads\/2023\/01\/WhatsApp-Image-2023-01-01-at-4.40.50-PM.jpeg 1280w\" sizes=\"(max-width: 1024px) 100vw, 1024px\" \/><\/a><\/figure>\n","protected":false},"excerpt":{"rendered":"<p>El vicepresidente de la Rep\u00fablica y ministro de la Presidencia, Jos\u00e9 Gabriel Carrizo Ja\u00e9n, particip\u00f3, en representaci\u00f3n del Gobierno Nacional, de la toma de posesi\u00f3n del presidente de Brasil, Luiz In\u00e1cio Lula da Silva, en una ceremonia oficial que se llev\u00f3 a cabo en la ciudad de Brasilia. Carrizo Ja\u00e9n viaj\u00f3 a Brasil este el [&hellip;]<\/p>\n","protected":false},"author":3,"featured_media":393,"comment_status":"open","ping_status":"open","sticky":false,"template":"","format":"standard","meta":{"footnotes":""},"categories":[39,36],"tags":[],"class_list":["post-387","post","type-post","status-publish","format-standard","has-post-thumbnail","hentry","category-internacionales","category-nacionales"],"_links":{"self":[{"href":"https:\/\/alminutonoticia.com\/noticias\/wp-json\/wp\/v2\/posts\/387","targetHints":{"allow":["GET"]}}],"collection":[{"href":"https:\/\/alminutonoticia.com\/noticias\/wp-json\/wp\/v2\/posts"}],"about":[{"href":"https:\/\/alminutonoticia.com\/noticias\/wp-json\/wp\/v2\/types\/post"}],"author":[{"embeddable":true,"href":"https:\/\/alminutonoticia.com\/noticias\/wp-json\/wp\/v2\/users\/3"}],"replies":[{"embeddable":true,"href":"https:\/\/alminutonoticia.com\/noticias\/wp-json\/wp\/v2\/comments?post=387"}],"version-history":[{"count":1,"href":"https:\/\/alminutonoticia.com\/noticias\/wp-json\/wp\/v2\/posts\/387\/revisions"}],"predecessor-version":[{"id":394,"href":"https:\/\/alminutonoticia.com\/noticias\/wp-json\/wp\/v2\/posts\/387\/revisions\/394"}],"wp:featuredmedia":[{"embeddable":true,"href":"https:\/\/alminutonoticia.com\/noticias\/wp-json\/wp\/v2\/media\/393"}],"wp:attachment":[{"href":"https:\/\/alminutonoticia.com\/noticias\/wp-json\/wp\/v2\/media?parent=387"}],"wp:term":[{"taxonomy":"category","embeddable":true,"href":"https:\/\/alminutonoticia.com\/noticias\/wp-json\/wp\/v2\/categories?post=387"},{"taxonomy":"post_tag","embeddable":true,"href":"https:\/\/alminutonoticia.com\/noticias\/wp-json\/wp\/v2\/tags?post=387"}],"curies":[{"name":"wp","href":"https:\/\/api.w.org\/{rel}","templated":true}]}}