{"id":313,"date":"2022-12-31T22:54:00","date_gmt":"2022-12-31T22:54:00","guid":{"rendered":"https:\/\/alminutonoticia.com\/noticias\/?p=313"},"modified":"2022-12-31T22:54:00","modified_gmt":"2022-12-31T22:54:00","slug":"micultura-presente-en-la-quincuagesima-version-del-encuentro-folclorico-del-canajagua","status":"publish","type":"post","link":"https:\/\/alminutonoticia.com\/noticias\/micultura-presente-en-la-quincuagesima-version-del-encuentro-folclorico-del-canajagua\/","title":{"rendered":"MiCultura presente en la quincuag\u00e9sima versi\u00f3n del Encuentro folcl\u00f3rico del Canajagua"},"content":{"rendered":"\n<p>Con el fin de conservar, divulgar y promover las costumbres y tradiciones folcl\u00f3ricas nacionales el Ministerio de Cultura (MiCultura) apoya la edici\u00f3n 50 del Encuentro Folcl\u00f3rico del Canajagua, donde sobresale el \u201cDrama de los Reyes Magos\u201d, actividad a realizarse en el distrito de Macaracas, provincia de Los Santos del 4 al 8 de enero del 2023.<\/p>\n\n\n\n<p>Desfile de carretas, junta de embarra, bailes t\u00edpicos, concursos de toque de Mejorana, grito de saloma, confecci\u00f3n de cutarras, noche de violines entre otros, son parte de lo que ofrecer\u00e1 el festival a sus visitantes, durante los cuatro d\u00edas que durar\u00e1 la festividad.<\/p>\n\n\n\n<p>Jos\u00e9 Guti\u00e9rrez, presidente del Patronato del Festival, recalc\u00f3 \u201cque con este evento masivo reactivamos la econom\u00eda de la provincia y le damos la oportunidad a la ciudadan\u00eda de observar las tradiciones y manifestaciones del folclore nacional\u201d.<\/p>\n\n\n\n<p>Por su parte Esther P\u00e9rez, directora Nacional de Artesan\u00eda de MiCultura felicit\u00f3 a los miembros del patronato, organizadores y a la comunidad por los 50 a\u00f1os de este evento donde a trav\u00e9s de sus manifestaciones mantienen vivas las tradiciones para las presentes y futuras generaciones.<\/p>\n\n\n\n<p>El Encuentro folcl\u00f3rico del Canajagua y Teatro Popular Paname\u00f1o del Drama de Los Santos de los Reyes Magos, es el primer festival folcl\u00f3rico que se celebra al iniciar el a\u00f1o, seg\u00fan Ley 98 del 12 de noviembre del 2013 que&nbsp; declara fiesta nacional al encuentro y crea su Patronato.<\/p>\n\n\n\n<figure class=\"wp-block-image size-full\"><a href=\"https:\/\/alminutonoticia.com\/noticias\/wp-content\/uploads\/2022\/12\/WhatsApp-Image-2022-12-27-at-11.23.01-AM-1-1024x682-1.jpeg\"><img fetchpriority=\"high\" decoding=\"async\" width=\"1024\" height=\"682\" src=\"https:\/\/alminutonoticia.com\/noticias\/wp-content\/uploads\/2022\/12\/WhatsApp-Image-2022-12-27-at-11.23.01-AM-1-1024x682-1.jpeg\" alt=\"\" class=\"wp-image-314\" title=\"\" srcset=\"https:\/\/alminutonoticia.com\/noticias\/wp-content\/uploads\/2022\/12\/WhatsApp-Image-2022-12-27-at-11.23.01-AM-1-1024x682-1.jpeg 1024w, https:\/\/alminutonoticia.com\/noticias\/wp-content\/uploads\/2022\/12\/WhatsApp-Image-2022-12-27-at-11.23.01-AM-1-1024x682-1-300x200.jpeg 300w, https:\/\/alminutonoticia.com\/noticias\/wp-content\/uploads\/2022\/12\/WhatsApp-Image-2022-12-27-at-11.23.01-AM-1-1024x682-1-768x512.jpeg 768w, https:\/\/alminutonoticia.com\/noticias\/wp-content\/uploads\/2022\/12\/WhatsApp-Image-2022-12-27-at-11.23.01-AM-1-1024x682-1-600x400.jpeg 600w\" sizes=\"(max-width: 1024px) 100vw, 1024px\" \/><\/a><\/figure>\n\n\n\n<figure class=\"wp-block-image size-full\"><a href=\"https:\/\/alminutonoticia.com\/noticias\/wp-content\/uploads\/2022\/12\/WhatsApp-Image-2022-12-27-at-11.22.59-AM-1024x682-1.jpeg\"><img decoding=\"async\" width=\"1024\" height=\"682\" src=\"https:\/\/alminutonoticia.com\/noticias\/wp-content\/uploads\/2022\/12\/WhatsApp-Image-2022-12-27-at-11.22.59-AM-1024x682-1.jpeg\" alt=\"\" class=\"wp-image-315\" title=\"\" srcset=\"https:\/\/alminutonoticia.com\/noticias\/wp-content\/uploads\/2022\/12\/WhatsApp-Image-2022-12-27-at-11.22.59-AM-1024x682-1.jpeg 1024w, https:\/\/alminutonoticia.com\/noticias\/wp-content\/uploads\/2022\/12\/WhatsApp-Image-2022-12-27-at-11.22.59-AM-1024x682-1-300x200.jpeg 300w, https:\/\/alminutonoticia.com\/noticias\/wp-content\/uploads\/2022\/12\/WhatsApp-Image-2022-12-27-at-11.22.59-AM-1024x682-1-768x512.jpeg 768w, https:\/\/alminutonoticia.com\/noticias\/wp-content\/uploads\/2022\/12\/WhatsApp-Image-2022-12-27-at-11.22.59-AM-1024x682-1-600x400.jpeg 600w\" sizes=\"(max-width: 1024px) 100vw, 1024px\" \/><\/a><\/figure>\n","protected":false},"excerpt":{"rendered":"<p>Con el fin de conservar, divulgar y promover las costumbres y tradiciones folcl\u00f3ricas nacionales el Ministerio de Cultura (MiCultura) apoya la edici\u00f3n 50 del Encuentro Folcl\u00f3rico del Canajagua, donde sobresale el \u201cDrama de los Reyes Magos\u201d, actividad a realizarse en el distrito de Macaracas, provincia de Los Santos del 4 al 8 de enero del [&hellip;]<\/p>\n","protected":false},"author":2,"featured_media":314,"comment_status":"open","ping_status":"open","sticky":false,"template":"","format":"standard","meta":{"footnotes":""},"categories":[41,36],"tags":[],"class_list":["post-313","post","type-post","status-publish","format-standard","has-post-thumbnail","hentry","category-cultura-y-farandula","category-nacionales"],"_links":{"self":[{"href":"https:\/\/alminutonoticia.com\/noticias\/wp-json\/wp\/v2\/posts\/313","targetHints":{"allow":["GET"]}}],"collection":[{"href":"https:\/\/alminutonoticia.com\/noticias\/wp-json\/wp\/v2\/posts"}],"about":[{"href":"https:\/\/alminutonoticia.com\/noticias\/wp-json\/wp\/v2\/types\/post"}],"author":[{"embeddable":true,"href":"https:\/\/alminutonoticia.com\/noticias\/wp-json\/wp\/v2\/users\/2"}],"replies":[{"embeddable":true,"href":"https:\/\/alminutonoticia.com\/noticias\/wp-json\/wp\/v2\/comments?post=313"}],"version-history":[{"count":1,"href":"https:\/\/alminutonoticia.com\/noticias\/wp-json\/wp\/v2\/posts\/313\/revisions"}],"predecessor-version":[{"id":316,"href":"https:\/\/alminutonoticia.com\/noticias\/wp-json\/wp\/v2\/posts\/313\/revisions\/316"}],"wp:featuredmedia":[{"embeddable":true,"href":"https:\/\/alminutonoticia.com\/noticias\/wp-json\/wp\/v2\/media\/314"}],"wp:attachment":[{"href":"https:\/\/alminutonoticia.com\/noticias\/wp-json\/wp\/v2\/media?parent=313"}],"wp:term":[{"taxonomy":"category","embeddable":true,"href":"https:\/\/alminutonoticia.com\/noticias\/wp-json\/wp\/v2\/categories?post=313"},{"taxonomy":"post_tag","embeddable":true,"href":"https:\/\/alminutonoticia.com\/noticias\/wp-json\/wp\/v2\/tags?post=313"}],"curies":[{"name":"wp","href":"https:\/\/api.w.org\/{rel}","templated":true}]}}