{"id":296,"date":"2022-12-31T22:36:21","date_gmt":"2022-12-31T22:36:21","guid":{"rendered":"https:\/\/alminutonoticia.com\/noticias\/?p=296"},"modified":"2022-12-31T22:39:11","modified_gmt":"2022-12-31T22:39:11","slug":"extienden-vale-digital-por-dos-meses-mas","status":"publish","type":"post","link":"https:\/\/alminutonoticia.com\/noticias\/extienden-vale-digital-por-dos-meses-mas\/","title":{"rendered":"Extienden hasta febrero Vale Digital."},"content":{"rendered":"\n<p>Laurentino Cortizo Cohen, presidente de la Rep\u00fablica anunci\u00f3 este viernes 30, la extensi\u00f3n del vale digital por dos meses m\u00e1s (enero y febrero de 2023) para los beneficiarios activos del Vale Digital Solidario.<\/p>\n\n\n\n<p>Para extender el beneficio del Vale Digital Solidario se debe cumplir una serie de requisitos que incluyen:<\/p>\n\n\n\n<p>Completar en la p\u00e1gina web vale.panamasolidario.gob.pa, el formulario de actualizaci\u00f3n de datos del beneficiario.<\/p>\n\n\n\n<p>Importante este formulario deber\u00e1 actualizarse entre el 5 y el 14 de enero de 2023.<\/p>\n\n\n\n<p>Se mantiene la corresponsabilidad de los beneficiarios, establecida en el Decreto Ejecutivo No.11 de 13 de enero de 2022 y las que determine la Comisi\u00f3n Interministerial del Nuevo Plan Panam\u00e1 Solidario.<\/p>\n\n\n\n<p>S\u00f3lo puede haber un beneficiario del Vale Digital por vivienda.<\/p>\n\n\n\n<p>Este programa es una iniciativa del Presidente Cortizo Cohen, que se ejecuta a trav\u00e9s del Ministerio de Desarrollo Social, con el fin de aliviar la situaci\u00f3n de miles de familias paname\u00f1as afectadas por la crisis econ\u00f3mica derivada de la pandemia por COVID-19.<\/p>\n\n\n\n<p>Se trata de una respuesta inmediata del Gobierno Nacional adoptada desde marzo de 2020 cuando comenz\u00f3 la pandemia y con lo que m\u00e1s de 1 mill\u00f3n 300 mil paname\u00f1os han podido adquirir alimentos, art\u00edculos de primera necesidad y medicamentos, como parte del Programa Panam\u00e1 Solidario.<\/p>\n\n\n\n<figure class=\"wp-block-image size-full\"><a href=\"https:\/\/alminutonoticia.com\/noticias\/wp-content\/uploads\/2022\/12\/vale-digital_0.jpg\"><img fetchpriority=\"high\" decoding=\"async\" width=\"600\" height=\"398\" src=\"https:\/\/alminutonoticia.com\/noticias\/wp-content\/uploads\/2022\/12\/vale-digital_0.jpg\" alt=\"\" class=\"wp-image-297\" title=\"\" srcset=\"https:\/\/alminutonoticia.com\/noticias\/wp-content\/uploads\/2022\/12\/vale-digital_0.jpg 600w, https:\/\/alminutonoticia.com\/noticias\/wp-content\/uploads\/2022\/12\/vale-digital_0-300x199.jpg 300w\" sizes=\"(max-width: 600px) 100vw, 600px\" \/><\/a><\/figure>\n","protected":false},"excerpt":{"rendered":"<p>Laurentino Cortizo Cohen, presidente de la Rep\u00fablica anunci\u00f3 este viernes 30, la extensi\u00f3n del vale digital por dos meses m\u00e1s (enero y febrero de 2023) para los beneficiarios activos del Vale Digital Solidario. Para extender el beneficio del Vale Digital Solidario se debe cumplir una serie de requisitos que incluyen: Completar en la p\u00e1gina web [&hellip;]<\/p>\n","protected":false},"author":2,"featured_media":297,"comment_status":"open","ping_status":"open","sticky":false,"template":"","format":"standard","meta":{"footnotes":""},"categories":[38,36,1],"tags":[],"class_list":["post-296","post","type-post","status-publish","format-standard","has-post-thumbnail","hentry","category-economia","category-nacionales","category-sin-categoria"],"_links":{"self":[{"href":"https:\/\/alminutonoticia.com\/noticias\/wp-json\/wp\/v2\/posts\/296","targetHints":{"allow":["GET"]}}],"collection":[{"href":"https:\/\/alminutonoticia.com\/noticias\/wp-json\/wp\/v2\/posts"}],"about":[{"href":"https:\/\/alminutonoticia.com\/noticias\/wp-json\/wp\/v2\/types\/post"}],"author":[{"embeddable":true,"href":"https:\/\/alminutonoticia.com\/noticias\/wp-json\/wp\/v2\/users\/2"}],"replies":[{"embeddable":true,"href":"https:\/\/alminutonoticia.com\/noticias\/wp-json\/wp\/v2\/comments?post=296"}],"version-history":[{"count":3,"href":"https:\/\/alminutonoticia.com\/noticias\/wp-json\/wp\/v2\/posts\/296\/revisions"}],"predecessor-version":[{"id":300,"href":"https:\/\/alminutonoticia.com\/noticias\/wp-json\/wp\/v2\/posts\/296\/revisions\/300"}],"wp:featuredmedia":[{"embeddable":true,"href":"https:\/\/alminutonoticia.com\/noticias\/wp-json\/wp\/v2\/media\/297"}],"wp:attachment":[{"href":"https:\/\/alminutonoticia.com\/noticias\/wp-json\/wp\/v2\/media?parent=296"}],"wp:term":[{"taxonomy":"category","embeddable":true,"href":"https:\/\/alminutonoticia.com\/noticias\/wp-json\/wp\/v2\/categories?post=296"},{"taxonomy":"post_tag","embeddable":true,"href":"https:\/\/alminutonoticia.com\/noticias\/wp-json\/wp\/v2\/tags?post=296"}],"curies":[{"name":"wp","href":"https:\/\/api.w.org\/{rel}","templated":true}]}}