{"id":293,"date":"2022-12-31T22:26:32","date_gmt":"2022-12-31T22:26:32","guid":{"rendered":"https:\/\/alminutonoticia.com\/noticias\/?p=293"},"modified":"2022-12-31T22:26:32","modified_gmt":"2022-12-31T22:26:32","slug":"inician-trabajos-para-la-demarcacion-del-area-protegida-del-cerro-canajagua","status":"publish","type":"post","link":"https:\/\/alminutonoticia.com\/noticias\/inician-trabajos-para-la-demarcacion-del-area-protegida-del-cerro-canajagua\/","title":{"rendered":"Inician trabajos para la demarcaci\u00f3n del \u00c1rea protegida del Cerro Canajagua"},"content":{"rendered":"\n<p><em>El Ministerio de Ambiente (MiAMBIENTE) a trav\u00e9s de las direcciones de Informaci\u00f3n Ambiental, Forestal y la Regional de Los Santos han iniciado el levantamiento de los l\u00edmites del \u00c1rea Protegida Cerro Canajagua que forman parte del distrito de las Tablas.<\/em><\/p>\n\n\n\n<p>Seg\u00fan explic\u00f3 Elida Bernal, directora regional de Los Santos, este proceso comprende la se\u00f1alizaci\u00f3n del \u00e1rea aplicando en cada 500 metros, una coordenada (UTM WGS 84) con aparatos receptores de posicionamiento satelital y que se identificar\u00e1 con una varilla corrugada, en donde luego se construir\u00e1 un hito con su respectivo letrero.<\/p>\n\n\n\n<p>Bernal indic\u00f3 que estos trabajos se llevan a cabo dentro de las \u00e1reas distrito de Las Tablas luego de que el Consejo Municipal table\u00f1o emitiera 2 resoluciones. Se trata de la resoluci\u00f3n 22 del 31 de junio de 1990 que establece la creaci\u00f3n de \u00e1rea municipal del Cerro Canajagua y la N\u00b0 19 del 21 de junio del 2022 que establece los hitos de esta \u00e1rea protegida dentro del distrito.<\/p>\n\n\n\n<p>De acuerdo a Alex De Gracia, director nacional de Informaci\u00f3n Ambiental de MiAMBIENTE esta \u00faltima resoluci\u00f3n establece las coordenadas que forman el pol\u00edgono localizado en el corregimiento de Bayano, dentro del distrito con lo que se da inicio al proceso de demarcaci\u00f3n y recategorizacion del \u00e1rea protegida del Cerro Canajagua.<\/p>\n\n\n\n<p>De Gracia, indic\u00f3 adem\u00e1s, que este proyecto fue dividido en tres fases de las que se han cumplido las 2 primeras. La primera consist\u00eda en socializar el proyecto de restauraci\u00f3n y la segunda en la restauraci\u00f3n con especies forestales de la zona.<\/p>\n\n\n\n<p>Cabe mencionar que esta \u00faltima etapa dio inicio el d\u00eda pasado 16 de diciembre desarrollando trabajos levantamiento topogr\u00e1fico de puntos de amarre en la zona cercana al cerro Canajagua y en el que se cont\u00f3 con el apoyo del personal del Departamento de Teledetecci\u00f3n de la Direcci\u00f3n de Informaci\u00f3n Ambiental y t\u00e9cnicos \u00c1reas de Protegidas de la Regional de Los Santos.<\/p>\n\n\n\n<figure class=\"wp-block-image size-large\"><a href=\"https:\/\/alminutonoticia.com\/noticias\/wp-content\/uploads\/2022\/12\/IMG-20221220-WA0029-1-e1671710856328.jpg\"><img fetchpriority=\"high\" decoding=\"async\" width=\"1024\" height=\"635\" src=\"https:\/\/alminutonoticia.com\/noticias\/wp-content\/uploads\/2022\/12\/IMG-20221220-WA0029-1-e1671710856328-1024x635.jpg\" alt=\"\" class=\"wp-image-294\" title=\"\" srcset=\"https:\/\/alminutonoticia.com\/noticias\/wp-content\/uploads\/2022\/12\/IMG-20221220-WA0029-1-e1671710856328-1024x635.jpg 1024w, https:\/\/alminutonoticia.com\/noticias\/wp-content\/uploads\/2022\/12\/IMG-20221220-WA0029-1-e1671710856328-300x186.jpg 300w, https:\/\/alminutonoticia.com\/noticias\/wp-content\/uploads\/2022\/12\/IMG-20221220-WA0029-1-e1671710856328-768x476.jpg 768w, https:\/\/alminutonoticia.com\/noticias\/wp-content\/uploads\/2022\/12\/IMG-20221220-WA0029-1-e1671710856328-600x372.jpg 600w, https:\/\/alminutonoticia.com\/noticias\/wp-content\/uploads\/2022\/12\/IMG-20221220-WA0029-1-e1671710856328.jpg 1200w\" sizes=\"(max-width: 1024px) 100vw, 1024px\" \/><\/a><\/figure>\n\n\n","protected":false},"excerpt":{"rendered":"<p>El Ministerio de Ambiente (MiAMBIENTE) a trav\u00e9s de las direcciones de Informaci\u00f3n Ambiental, Forestal y la Regional de Los Santos han iniciado el levantamiento de los l\u00edmites del \u00c1rea Protegida Cerro Canajagua que forman parte del distrito de las Tablas. Seg\u00fan explic\u00f3 Elida Bernal, directora regional de Los Santos, este proceso comprende la se\u00f1alizaci\u00f3n del [&hellip;]<\/p>\n","protected":false},"author":2,"featured_media":294,"comment_status":"open","ping_status":"open","sticky":false,"template":"","format":"standard","meta":{"footnotes":""},"categories":[42,36],"tags":[],"class_list":["post-293","post","type-post","status-publish","format-standard","has-post-thumbnail","hentry","category-ambiente","category-nacionales"],"_links":{"self":[{"href":"https:\/\/alminutonoticia.com\/noticias\/wp-json\/wp\/v2\/posts\/293","targetHints":{"allow":["GET"]}}],"collection":[{"href":"https:\/\/alminutonoticia.com\/noticias\/wp-json\/wp\/v2\/posts"}],"about":[{"href":"https:\/\/alminutonoticia.com\/noticias\/wp-json\/wp\/v2\/types\/post"}],"author":[{"embeddable":true,"href":"https:\/\/alminutonoticia.com\/noticias\/wp-json\/wp\/v2\/users\/2"}],"replies":[{"embeddable":true,"href":"https:\/\/alminutonoticia.com\/noticias\/wp-json\/wp\/v2\/comments?post=293"}],"version-history":[{"count":1,"href":"https:\/\/alminutonoticia.com\/noticias\/wp-json\/wp\/v2\/posts\/293\/revisions"}],"predecessor-version":[{"id":295,"href":"https:\/\/alminutonoticia.com\/noticias\/wp-json\/wp\/v2\/posts\/293\/revisions\/295"}],"wp:featuredmedia":[{"embeddable":true,"href":"https:\/\/alminutonoticia.com\/noticias\/wp-json\/wp\/v2\/media\/294"}],"wp:attachment":[{"href":"https:\/\/alminutonoticia.com\/noticias\/wp-json\/wp\/v2\/media?parent=293"}],"wp:term":[{"taxonomy":"category","embeddable":true,"href":"https:\/\/alminutonoticia.com\/noticias\/wp-json\/wp\/v2\/categories?post=293"},{"taxonomy":"post_tag","embeddable":true,"href":"https:\/\/alminutonoticia.com\/noticias\/wp-json\/wp\/v2\/tags?post=293"}],"curies":[{"name":"wp","href":"https:\/\/api.w.org\/{rel}","templated":true}]}}