{"id":273,"date":"2022-12-31T22:03:41","date_gmt":"2022-12-31T22:03:41","guid":{"rendered":"https:\/\/alminutonoticia.com\/noticias\/?p=273"},"modified":"2022-12-31T22:15:09","modified_gmt":"2022-12-31T22:15:09","slug":"inauguran-dos-nuevas-agrodistribuidoras-de-alimentos-en-buenos-aires-y-chichica-en-la-comarca-ngabe-bugle","status":"publish","type":"post","link":"https:\/\/alminutonoticia.com\/noticias\/inauguran-dos-nuevas-agrodistribuidoras-de-alimentos-en-buenos-aires-y-chichica-en-la-comarca-ngabe-bugle\/","title":{"rendered":"Inauguran dos nuevas agrodistribuidoras de alimentos en Buenos Aires y Chichica, en la comarca Ng\u00e4be Bugl\u00e9."},"content":{"rendered":"\n<p>Con una inversi\u00f3n de<strong>&nbsp;<\/strong>B\/.226,301.68, fueron inauguradas este viernes dos nuevas agrodistribuidas del Instituto de Mercadeo Agropecuario (IMA) en los corregimientos de Buenos Aires y Chichica, de los distritos de \u00d1urum y M\u00fcna, respectivamente, para ofrecer productos de la canasta b\u00e1sica a precios econ\u00f3micos.<\/p>\n\n\n\n<p>El vicepresidente de la Rep\u00fablica y ministro de la Presidencia, Jos\u00e9 Gabriel Carrizo Ja\u00e9n, inaugur\u00f3 la agrodistribuidora de la comunidad de Buenos Aires, con lo cual se cumplen los objetivos del Plan Colmena para ir cerrando las brechas de la pobreza y la desigualdad.&nbsp;<\/p>\n\n\n\n<p>La agrodistribuidora crea un canal de comercializaci\u00f3n que ofrece a locales de expendio de comestibles, como tiendas y quioscos, formalmente registrados ante las autoridades, alimentos de la canasta b\u00e1sica a precios de distribuidor para que lleguen a comunidades distantes y de dif\u00edcil acceso.<\/p>\n\n\n\n<p>El vicepresidente Carrizo Ja\u00e9n dijo que este \u201cha sido el compromiso del presidente, Laurentino Cortizo Cohen, llevar comida barata a los hogares de quienes m\u00e1s lo necesitan, alimentos de calidad que producimos en el territorio nacional\u201d.<\/p>\n\n\n\n<p>Agreg\u00f3 que esta agrodistribuidora \u201ctambi\u00e9n representa un trabajo en equipo de las instancias gubernamentales que se unen con un solo prop\u00f3sito: ayudar a paname\u00f1as y paname\u00f1os como ustedes\u201d.<\/p>\n\n\n\n<p>En tanto, los ministros Augusto Valderrama (Desarrollo Agropecuario) y Roger Tejada (Gobierno), junto a otras autoridades, inauguraron la agrodistribuidora del IMA en la comunidad de Chichica.&nbsp;<\/p>\n\n\n\n<p>M\u00e1s de 23 mil habitantes se benefician con estas nuevas agrodistribuidoras para abastecer de alimentos a m\u00e1s de 200 comercios.<\/p>\n\n\n\n<p>El ministro Valderrama manifest\u00f3 que este proyecto \u201clleva esperanza y deseos de superaci\u00f3n; la alimentaci\u00f3n, que es la base de la vida y ahora esta agrodistribuidora va a tener productos paname\u00f1os a buen precio y asequibles, generando empleos\u201d.<\/p>\n\n\n\n<p>Carlo Rognoni, director del IMA, se\u00f1al\u00f3 que el gobierno del presidente Cortizo Cohen y el vicepresidente Carrizo Ja\u00e9n \u201cse comprometi\u00f3 con lo que hoy estamos cumpliendo y entregando, la puesta en marcha de cinco&nbsp; agrodistribuidoras este a\u00f1o 2022\u201d.<\/p>\n\n\n\n<p>En estas instalaciones se distribuyen a tiendas y quioscos productos de la canasta b\u00e1sica de alimentos como arroz, az\u00facar, sal, aceite, caf\u00e9, porotos, piezas de pollo y huevos, entre otros.<\/p>\n\n\n\n<p>Adem\u00e1s de las dos agrodistribuidoras de Chichica y Buenos Aires, el IMA ya ha puesto en funcionamiento locales de distribuci\u00f3n de alimentos en Hato Jul\u00ed, Soloy y Sabanita.<\/p>\n\n\n\n<p>Hasta el momento, han atendido 256 comercios de la comarca Ng\u00e4be Bugl\u00e9 y distribuido 59,501 paquetes de arroz, 19,475 de az\u00facar y 7,440 de sal, entre otros.<\/p>\n\n\n\n<p>En 2023 se prev\u00e9 inaugurar otras 4 agrodistribuidoras, para as\u00ed tener disponibles estos locales en cada uno de los 9 distritos de la comarca Ng\u00e4be Bugl\u00e9.<\/p>\n\n\n\n<p>Adem\u00e1s, el Ministerio de Comercio e Industrias y el Ministerio de Gobierno prepararon una fiesta de Navidad para los ni\u00f1os de los corregimientos de Buenos Aires y Chichica, quienes disfrutaron de juegos, payasos y recibieron juguetes y un agasajo.<\/p>\n\n\n\n<p>Acompa\u00f1aron al vicepresidente Carrizo Ja\u00e9n, los ministros Augusto Valderrama (Desarrollo Agropecuario) y Roger Tejada (Gobierno); los viceministros Omar Montilla (Comercio Interior e Industrias) y Librada De Fr\u00edas (Obras P\u00fablicas); el director del IMA, Carlo Rognoni; el gobernador de la comarca Ng\u00e4be Bugl\u00e9, Juan Pablo Palacio; la alcaldesa de \u00d1urum, In\u00e9s Carpintero; y el representante de Buenos Aires, Rub\u00e9n Vald\u00e9s.<\/p>\n\n\n\n<figure class=\"wp-block-image size-full\"><a href=\"https:\/\/alminutonoticia.com\/noticias\/wp-content\/uploads\/2022\/12\/pri_a87674aaf98847e7cd42cc86704d69c2.jpeg\"><img fetchpriority=\"high\" decoding=\"async\" width=\"1024\" height=\"682\" src=\"https:\/\/alminutonoticia.com\/noticias\/wp-content\/uploads\/2022\/12\/pri_a87674aaf98847e7cd42cc86704d69c2.jpeg\" alt=\"\" class=\"wp-image-274\" title=\"\" srcset=\"https:\/\/alminutonoticia.com\/noticias\/wp-content\/uploads\/2022\/12\/pri_a87674aaf98847e7cd42cc86704d69c2.jpeg 1024w, https:\/\/alminutonoticia.com\/noticias\/wp-content\/uploads\/2022\/12\/pri_a87674aaf98847e7cd42cc86704d69c2-300x200.jpeg 300w, https:\/\/alminutonoticia.com\/noticias\/wp-content\/uploads\/2022\/12\/pri_a87674aaf98847e7cd42cc86704d69c2-768x512.jpeg 768w, https:\/\/alminutonoticia.com\/noticias\/wp-content\/uploads\/2022\/12\/pri_a87674aaf98847e7cd42cc86704d69c2-600x400.jpeg 600w\" sizes=\"(max-width: 1024px) 100vw, 1024px\" \/><\/a><\/figure>\n\n\n\n<figure class=\"wp-block-image size-full\"><a href=\"https:\/\/alminutonoticia.com\/noticias\/wp-content\/uploads\/2022\/12\/AGRODISTRIBUIDORA-DE-BUENOS-AIRES-2.jpeg\"><img decoding=\"async\" width=\"1024\" height=\"682\" src=\"https:\/\/alminutonoticia.com\/noticias\/wp-content\/uploads\/2022\/12\/AGRODISTRIBUIDORA-DE-BUENOS-AIRES-2.jpeg\" alt=\"\" class=\"wp-image-275\" title=\"\" srcset=\"https:\/\/alminutonoticia.com\/noticias\/wp-content\/uploads\/2022\/12\/AGRODISTRIBUIDORA-DE-BUENOS-AIRES-2.jpeg 1024w, https:\/\/alminutonoticia.com\/noticias\/wp-content\/uploads\/2022\/12\/AGRODISTRIBUIDORA-DE-BUENOS-AIRES-2-300x200.jpeg 300w, https:\/\/alminutonoticia.com\/noticias\/wp-content\/uploads\/2022\/12\/AGRODISTRIBUIDORA-DE-BUENOS-AIRES-2-768x512.jpeg 768w, https:\/\/alminutonoticia.com\/noticias\/wp-content\/uploads\/2022\/12\/AGRODISTRIBUIDORA-DE-BUENOS-AIRES-2-600x400.jpeg 600w\" sizes=\"(max-width: 1024px) 100vw, 1024px\" \/><\/a><\/figure>\n\n\n\n<figure class=\"wp-block-image size-full\"><a href=\"https:\/\/alminutonoticia.com\/noticias\/wp-content\/uploads\/2022\/12\/AGRODISTRIBUIDORA-DE-CHICHICA-2.jpeg\"><img decoding=\"async\" width=\"1024\" height=\"682\" src=\"https:\/\/alminutonoticia.com\/noticias\/wp-content\/uploads\/2022\/12\/AGRODISTRIBUIDORA-DE-CHICHICA-2.jpeg\" alt=\"\" class=\"wp-image-276\" title=\"\" srcset=\"https:\/\/alminutonoticia.com\/noticias\/wp-content\/uploads\/2022\/12\/AGRODISTRIBUIDORA-DE-CHICHICA-2.jpeg 1024w, https:\/\/alminutonoticia.com\/noticias\/wp-content\/uploads\/2022\/12\/AGRODISTRIBUIDORA-DE-CHICHICA-2-300x200.jpeg 300w, https:\/\/alminutonoticia.com\/noticias\/wp-content\/uploads\/2022\/12\/AGRODISTRIBUIDORA-DE-CHICHICA-2-768x512.jpeg 768w, https:\/\/alminutonoticia.com\/noticias\/wp-content\/uploads\/2022\/12\/AGRODISTRIBUIDORA-DE-CHICHICA-2-600x400.jpeg 600w\" sizes=\"(max-width: 1024px) 100vw, 1024px\" \/><\/a><\/figure>\n\n\n\n<figure class=\"wp-block-image size-full\"><a href=\"https:\/\/alminutonoticia.com\/noticias\/wp-content\/uploads\/2022\/12\/AGRODISTRIBUIDORA-DE-CHICHICA-3.jpeg\"><img loading=\"lazy\" decoding=\"async\" width=\"1024\" height=\"682\" src=\"https:\/\/alminutonoticia.com\/noticias\/wp-content\/uploads\/2022\/12\/AGRODISTRIBUIDORA-DE-CHICHICA-3.jpeg\" alt=\"\" class=\"wp-image-277\" title=\"\" srcset=\"https:\/\/alminutonoticia.com\/noticias\/wp-content\/uploads\/2022\/12\/AGRODISTRIBUIDORA-DE-CHICHICA-3.jpeg 1024w, https:\/\/alminutonoticia.com\/noticias\/wp-content\/uploads\/2022\/12\/AGRODISTRIBUIDORA-DE-CHICHICA-3-300x200.jpeg 300w, https:\/\/alminutonoticia.com\/noticias\/wp-content\/uploads\/2022\/12\/AGRODISTRIBUIDORA-DE-CHICHICA-3-768x512.jpeg 768w, https:\/\/alminutonoticia.com\/noticias\/wp-content\/uploads\/2022\/12\/AGRODISTRIBUIDORA-DE-CHICHICA-3-600x400.jpeg 600w\" sizes=\"(max-width: 1024px) 100vw, 1024px\" \/><\/a><\/figure>\n\n\n\n<h2 class=\"wp-block-heading\"><\/h2>\n\n\n\n<h2 class=\"wp-block-heading\"><\/h2>\n\n\n\n<h2 class=\"wp-block-heading\"><\/h2>\n","protected":false},"excerpt":{"rendered":"<p>Con una inversi\u00f3n de&nbsp;B\/.226,301.68, fueron inauguradas este viernes dos nuevas agrodistribuidas del Instituto de Mercadeo Agropecuario (IMA) en los corregimientos de Buenos Aires y Chichica, de los distritos de \u00d1urum y M\u00fcna, respectivamente, para ofrecer productos de la canasta b\u00e1sica a precios econ\u00f3micos. El vicepresidente de la Rep\u00fablica y ministro de la Presidencia, Jos\u00e9 Gabriel [&hellip;]<\/p>\n","protected":false},"author":2,"featured_media":274,"comment_status":"open","ping_status":"open","sticky":false,"template":"","format":"standard","meta":{"footnotes":""},"categories":[36],"tags":[],"class_list":["post-273","post","type-post","status-publish","format-standard","has-post-thumbnail","hentry","category-nacionales"],"_links":{"self":[{"href":"https:\/\/alminutonoticia.com\/noticias\/wp-json\/wp\/v2\/posts\/273","targetHints":{"allow":["GET"]}}],"collection":[{"href":"https:\/\/alminutonoticia.com\/noticias\/wp-json\/wp\/v2\/posts"}],"about":[{"href":"https:\/\/alminutonoticia.com\/noticias\/wp-json\/wp\/v2\/types\/post"}],"author":[{"embeddable":true,"href":"https:\/\/alminutonoticia.com\/noticias\/wp-json\/wp\/v2\/users\/2"}],"replies":[{"embeddable":true,"href":"https:\/\/alminutonoticia.com\/noticias\/wp-json\/wp\/v2\/comments?post=273"}],"version-history":[{"count":2,"href":"https:\/\/alminutonoticia.com\/noticias\/wp-json\/wp\/v2\/posts\/273\/revisions"}],"predecessor-version":[{"id":286,"href":"https:\/\/alminutonoticia.com\/noticias\/wp-json\/wp\/v2\/posts\/273\/revisions\/286"}],"wp:featuredmedia":[{"embeddable":true,"href":"https:\/\/alminutonoticia.com\/noticias\/wp-json\/wp\/v2\/media\/274"}],"wp:attachment":[{"href":"https:\/\/alminutonoticia.com\/noticias\/wp-json\/wp\/v2\/media?parent=273"}],"wp:term":[{"taxonomy":"category","embeddable":true,"href":"https:\/\/alminutonoticia.com\/noticias\/wp-json\/wp\/v2\/categories?post=273"},{"taxonomy":"post_tag","embeddable":true,"href":"https:\/\/alminutonoticia.com\/noticias\/wp-json\/wp\/v2\/tags?post=273"}],"curies":[{"name":"wp","href":"https:\/\/api.w.org\/{rel}","templated":true}]}}