{"id":2439,"date":"2023-04-13T12:18:35","date_gmt":"2023-04-13T12:18:35","guid":{"rendered":"https:\/\/alminutonoticia.com\/noticias\/?p=2439"},"modified":"2023-04-13T12:18:36","modified_gmt":"2023-04-13T12:18:36","slug":"gaby-carrizo-inicia-su-recorrido-politico-en-chiriqui","status":"publish","type":"post","link":"https:\/\/alminutonoticia.com\/noticias\/gaby-carrizo-inicia-su-recorrido-politico-en-chiriqui\/","title":{"rendered":"Gaby Carrizo inicia su recorrido pol\u00edtico en Chiriqu\u00ed"},"content":{"rendered":"\n<p>En el primer d\u00eda de recorrido por el pa\u00eds, m\u00e1s de 4,500 copartidarios le brindaron su apoyo a Jos\u00e9 Gabriel Carrizo en la provincia de Chiriqu\u00ed.<\/p>\n\n\n\n<p>El candidato presidencial del PRD, les reiter\u00f3 a sus simpatizantes su agradecimiento e hizo un llamado a la unidad de esta gran familia PRD, para hacer m\u00e1s fuerte el colectivo y trabajar por los que m\u00e1s lo necesitan a nivel nacional.<\/p>\n\n\n\n<p>Gaby recorri\u00f3 David, Bar\u00fa, Bugaba y Boquer\u00f3n, donde sostuvo reuniones muy concurridas con la mayor\u00eda de los precandidatos a puestos de representantes, diputados y alcaldes, qui\u00e9nes manifestaron su apoyo a su candidatura presidencial.<\/p>\n\n\n\n<p>Para este jueves se espera que el precandidato presidencial visite los sectores de Gualaca, Boquete y Dolega en donde seguir\u00e1 su caminar dialogando con la membres\u00eda del PRD en la provincia de Chiriqu\u00ed.<\/p>\n\n\n\n<figure class=\"wp-block-image size-full\"><a href=\"https:\/\/alminutonoticia.com\/noticias\/wp-content\/uploads\/2023\/04\/WhatsApp-Image-2023-04-12-at-8.33.04-PM-1-2-1024x768-1.jpeg\"><img fetchpriority=\"high\" decoding=\"async\" width=\"1024\" height=\"768\" src=\"https:\/\/alminutonoticia.com\/noticias\/wp-content\/uploads\/2023\/04\/WhatsApp-Image-2023-04-12-at-8.33.04-PM-1-2-1024x768-1.jpeg\" alt=\"\" class=\"wp-image-2440\" title=\"\" srcset=\"https:\/\/alminutonoticia.com\/noticias\/wp-content\/uploads\/2023\/04\/WhatsApp-Image-2023-04-12-at-8.33.04-PM-1-2-1024x768-1.jpeg 1024w, https:\/\/alminutonoticia.com\/noticias\/wp-content\/uploads\/2023\/04\/WhatsApp-Image-2023-04-12-at-8.33.04-PM-1-2-1024x768-1-300x225.jpeg 300w, https:\/\/alminutonoticia.com\/noticias\/wp-content\/uploads\/2023\/04\/WhatsApp-Image-2023-04-12-at-8.33.04-PM-1-2-1024x768-1-768x576.jpeg 768w\" sizes=\"(max-width: 1024px) 100vw, 1024px\" \/><\/a><\/figure>\n\n\n\n<figure class=\"wp-block-image size-full\"><a href=\"https:\/\/alminutonoticia.com\/noticias\/wp-content\/uploads\/2023\/04\/WhatsApp-Image-2023-04-12-at-8.33.04-PM-2-1-1024x768-1.jpeg\"><img decoding=\"async\" width=\"1024\" height=\"768\" src=\"https:\/\/alminutonoticia.com\/noticias\/wp-content\/uploads\/2023\/04\/WhatsApp-Image-2023-04-12-at-8.33.04-PM-2-1-1024x768-1.jpeg\" alt=\"\" class=\"wp-image-2441\" title=\"\" srcset=\"https:\/\/alminutonoticia.com\/noticias\/wp-content\/uploads\/2023\/04\/WhatsApp-Image-2023-04-12-at-8.33.04-PM-2-1-1024x768-1.jpeg 1024w, https:\/\/alminutonoticia.com\/noticias\/wp-content\/uploads\/2023\/04\/WhatsApp-Image-2023-04-12-at-8.33.04-PM-2-1-1024x768-1-300x225.jpeg 300w, https:\/\/alminutonoticia.com\/noticias\/wp-content\/uploads\/2023\/04\/WhatsApp-Image-2023-04-12-at-8.33.04-PM-2-1-1024x768-1-768x576.jpeg 768w\" sizes=\"(max-width: 1024px) 100vw, 1024px\" \/><\/a><\/figure>\n","protected":false},"excerpt":{"rendered":"<p>En el primer d\u00eda de recorrido por el pa\u00eds, m\u00e1s de 4,500 copartidarios le brindaron su apoyo a Jos\u00e9 Gabriel Carrizo en la provincia de Chiriqu\u00ed. El candidato presidencial del PRD, les reiter\u00f3 a sus simpatizantes su agradecimiento e hizo un llamado a la unidad de esta gran familia PRD, para hacer m\u00e1s fuerte el [&hellip;]<\/p>\n","protected":false},"author":3,"featured_media":2440,"comment_status":"open","ping_status":"open","sticky":false,"template":"","format":"standard","meta":{"footnotes":""},"categories":[36,37],"tags":[],"class_list":["post-2439","post","type-post","status-publish","format-standard","has-post-thumbnail","hentry","category-nacionales","category-politica"],"_links":{"self":[{"href":"https:\/\/alminutonoticia.com\/noticias\/wp-json\/wp\/v2\/posts\/2439","targetHints":{"allow":["GET"]}}],"collection":[{"href":"https:\/\/alminutonoticia.com\/noticias\/wp-json\/wp\/v2\/posts"}],"about":[{"href":"https:\/\/alminutonoticia.com\/noticias\/wp-json\/wp\/v2\/types\/post"}],"author":[{"embeddable":true,"href":"https:\/\/alminutonoticia.com\/noticias\/wp-json\/wp\/v2\/users\/3"}],"replies":[{"embeddable":true,"href":"https:\/\/alminutonoticia.com\/noticias\/wp-json\/wp\/v2\/comments?post=2439"}],"version-history":[{"count":1,"href":"https:\/\/alminutonoticia.com\/noticias\/wp-json\/wp\/v2\/posts\/2439\/revisions"}],"predecessor-version":[{"id":2442,"href":"https:\/\/alminutonoticia.com\/noticias\/wp-json\/wp\/v2\/posts\/2439\/revisions\/2442"}],"wp:featuredmedia":[{"embeddable":true,"href":"https:\/\/alminutonoticia.com\/noticias\/wp-json\/wp\/v2\/media\/2440"}],"wp:attachment":[{"href":"https:\/\/alminutonoticia.com\/noticias\/wp-json\/wp\/v2\/media?parent=2439"}],"wp:term":[{"taxonomy":"category","embeddable":true,"href":"https:\/\/alminutonoticia.com\/noticias\/wp-json\/wp\/v2\/categories?post=2439"},{"taxonomy":"post_tag","embeddable":true,"href":"https:\/\/alminutonoticia.com\/noticias\/wp-json\/wp\/v2\/tags?post=2439"}],"curies":[{"name":"wp","href":"https:\/\/api.w.org\/{rel}","templated":true}]}}