{"id":243,"date":"2022-12-31T21:08:14","date_gmt":"2022-12-31T21:08:14","guid":{"rendered":"https:\/\/alminutonoticia.com\/noticias\/?p=243"},"modified":"2022-12-31T21:08:14","modified_gmt":"2022-12-31T21:08:14","slug":"muere-el-papa-emerito-benedicto-xvi","status":"publish","type":"post","link":"https:\/\/alminutonoticia.com\/noticias\/muere-el-papa-emerito-benedicto-xvi\/","title":{"rendered":"Muere el papa em\u00e9rito Benedicto XVI"},"content":{"rendered":"\n<p>El expapa Benedicto XVI, un te\u00f3logo alem\u00e1n que en 2013 sorprendi\u00f3 al mundo renunciando a dirigir a una Iglesia sacudida por intrigas y esc\u00e1ndalos, falleci\u00f3 este s\u00e1bado, a la edad de 95 a\u00f1os, anunci\u00f3 el Vaticano.<\/p>\n\n\n\n<p>\u00abCon pesar doy a conocer que el Papa em\u00e9rito Benedicto XVI ha fallecido hoy a las 9:34 horas, en el Monasterio Mater Ecclesiae del Vaticano\u00bb, indic\u00f3 en un comunicado el director del servicio de prensa de la santa sede, Matteo Bruni.<\/p>\n\n\n\n<p>El Vaticano anunci\u00f3 tambi\u00e9n que el cuerpo del pont\u00edfice em\u00e9rito ser\u00e1 expuesto a partir del lunes en la bas\u00edlica de San Pedro para ser venerado por los creyentes.<\/p>\n\n\n\n<p>Poco antes de las 11H00 locales (10H00 GMT), las campanas de la bas\u00edlica repicaron por la muerte del expapa, mientras cientos de personas se acercaban a la plaza para recordar la figura de Joseph Ratzinger, un refinado te\u00f3logo ultraconservador, que escogi\u00f3 el nombre de Benedicto XVI tras ser nombrado al frente de la Iglesia Cat\u00f3lica en 2005.<\/p>\n\n\n\n<p>Su salud se hab\u00eda deteriorado en los \u00faltimos d\u00edas, aunque el Vaticano indic\u00f3 el viernes que se hallaba en condici\u00f3n \u00abestable\u00bb y que hab\u00eda participado el jueves en la misa celebrada en su habitaci\u00f3n del monasterio vaticano.<\/p>\n\n\n\n<p>El funeral del papa n\u00famero 265 de la historia deber\u00e1 ser celebrado por su sucesor Francisco, un evento sin precedentes en los dos mil a\u00f1os de historia de la Iglesia.<\/p>\n\n\n\n<p>Se espera la asistencia de decenas de miles de personas, entre ellas jefes de Estado y l\u00edderes de otras religiones.<\/p>\n\n\n\n<figure class=\"wp-block-image size-full\"><a href=\"https:\/\/alminutonoticia.com\/noticias\/wp-content\/uploads\/2022\/12\/cq5dam.thumbnail.cropped.1000.563.jpeg\"><img fetchpriority=\"high\" decoding=\"async\" width=\"1000\" height=\"563\" src=\"https:\/\/alminutonoticia.com\/noticias\/wp-content\/uploads\/2022\/12\/cq5dam.thumbnail.cropped.1000.563.jpeg\" alt=\"\" class=\"wp-image-244\" title=\"\" srcset=\"https:\/\/alminutonoticia.com\/noticias\/wp-content\/uploads\/2022\/12\/cq5dam.thumbnail.cropped.1000.563.jpeg 1000w, https:\/\/alminutonoticia.com\/noticias\/wp-content\/uploads\/2022\/12\/cq5dam.thumbnail.cropped.1000.563-300x169.jpeg 300w, https:\/\/alminutonoticia.com\/noticias\/wp-content\/uploads\/2022\/12\/cq5dam.thumbnail.cropped.1000.563-768x432.jpeg 768w, https:\/\/alminutonoticia.com\/noticias\/wp-content\/uploads\/2022\/12\/cq5dam.thumbnail.cropped.1000.563-600x338.jpeg 600w\" sizes=\"(max-width: 1000px) 100vw, 1000px\" \/><\/a><\/figure>\n","protected":false},"excerpt":{"rendered":"<p>El expapa Benedicto XVI, un te\u00f3logo alem\u00e1n que en 2013 sorprendi\u00f3 al mundo renunciando a dirigir a una Iglesia sacudida por intrigas y esc\u00e1ndalos, falleci\u00f3 este s\u00e1bado, a la edad de 95 a\u00f1os, anunci\u00f3 el Vaticano. \u00abCon pesar doy a conocer que el Papa em\u00e9rito Benedicto XVI ha fallecido hoy a las 9:34 horas, en [&hellip;]<\/p>\n","protected":false},"author":2,"featured_media":244,"comment_status":"open","ping_status":"open","sticky":false,"template":"","format":"standard","meta":{"footnotes":""},"categories":[39],"tags":[],"class_list":["post-243","post","type-post","status-publish","format-standard","has-post-thumbnail","hentry","category-internacionales"],"_links":{"self":[{"href":"https:\/\/alminutonoticia.com\/noticias\/wp-json\/wp\/v2\/posts\/243","targetHints":{"allow":["GET"]}}],"collection":[{"href":"https:\/\/alminutonoticia.com\/noticias\/wp-json\/wp\/v2\/posts"}],"about":[{"href":"https:\/\/alminutonoticia.com\/noticias\/wp-json\/wp\/v2\/types\/post"}],"author":[{"embeddable":true,"href":"https:\/\/alminutonoticia.com\/noticias\/wp-json\/wp\/v2\/users\/2"}],"replies":[{"embeddable":true,"href":"https:\/\/alminutonoticia.com\/noticias\/wp-json\/wp\/v2\/comments?post=243"}],"version-history":[{"count":1,"href":"https:\/\/alminutonoticia.com\/noticias\/wp-json\/wp\/v2\/posts\/243\/revisions"}],"predecessor-version":[{"id":245,"href":"https:\/\/alminutonoticia.com\/noticias\/wp-json\/wp\/v2\/posts\/243\/revisions\/245"}],"wp:featuredmedia":[{"embeddable":true,"href":"https:\/\/alminutonoticia.com\/noticias\/wp-json\/wp\/v2\/media\/244"}],"wp:attachment":[{"href":"https:\/\/alminutonoticia.com\/noticias\/wp-json\/wp\/v2\/media?parent=243"}],"wp:term":[{"taxonomy":"category","embeddable":true,"href":"https:\/\/alminutonoticia.com\/noticias\/wp-json\/wp\/v2\/categories?post=243"},{"taxonomy":"post_tag","embeddable":true,"href":"https:\/\/alminutonoticia.com\/noticias\/wp-json\/wp\/v2\/tags?post=243"}],"curies":[{"name":"wp","href":"https:\/\/api.w.org\/{rel}","templated":true}]}}