{"id":2323,"date":"2023-04-05T00:56:54","date_gmt":"2023-04-05T00:56:54","guid":{"rendered":"https:\/\/alminutonoticia.com\/noticias\/?p=2323"},"modified":"2023-04-05T00:56:54","modified_gmt":"2023-04-05T00:56:54","slug":"la-mayoria-de-las-escuelas-en-la-comarca-ngabe-bugle-estan-funcionando","status":"publish","type":"post","link":"https:\/\/alminutonoticia.com\/noticias\/la-mayoria-de-las-escuelas-en-la-comarca-ngabe-bugle-estan-funcionando\/","title":{"rendered":"La mayor\u00eda de las escuelas en la comarca Ng\u00e4be Bugl\u00e9 est\u00e1n funcionando"},"content":{"rendered":"\n<p>En la comarca Ng\u00e4be Bugl\u00e9, el informe del Centro de Operaci\u00f3n Escuelas 2023 (CON Escuelas 2023), presentado recientemente, detalla que de 378 centros educativos, 341 atienden a sus estudiantes, mientras que, en otros siete planteles escolares se les construyen aulas modulares para atender.<\/p>\n\n\n\n<p>Durante este a\u00f1o escolar, 30 escuelas est\u00e1n programadas para recibir aulas modulares. El Ministerio de Educaci\u00f3n contempla instalar salones de clases temporales, por un valor de 2 millones 727 mil 369 balboas, para atender a la poblaci\u00f3n estudiantil de esos 30 centros educativos, que demandan salones de clases, por el aumento de matr\u00edcula en algunas \u00e1reas del pa\u00eds.<\/p>\n\n\n\n<p>Las aulas modulares ser\u00e1n construidas en centros escolares de la comarca Ng\u00e4be Bugl\u00e9 y distribuidas de la siguiente manera: en 11 escuelas de la regi\u00f3n de Nedrini, 15 en la regi\u00f3n \u00d1okribo, dos en escuelas Panam\u00e1 Oeste y dos m\u00e1s en centros educativos de Panam\u00e1 Este.<\/p>\n\n\n\n<p>Por otra parte, se dio a conocer que mediante el Fondo Agropecuario se han podido atender 52 planteles escolares, en tanto, se ha dado respuestas a 84 escuelas que tienen necesidad de personal y 278 posiciones solicitadas en evaluaci\u00f3n.<\/p>\n\n\n\n<p>En la entidad tambi\u00e9n se atendi\u00f3 la solicitud de 84 centros educativos que tienen necesidades de aulas, ba\u00f1os higi\u00e9nicos, sistema fotovoltaico, cielo raso, abastecimiento de agua y laboratorios.<\/p>\n\n\n\n<p>En cuanto al uso del Fondo de Equidad y Calidad de la Educaci\u00f3n (FECE), se atendieron 84 centros escolares con consultas sobre pagos y asignaciones de partidas. Tres actos p\u00fablicos est\u00e1n en tr\u00e1mite por un monto de B\/.104,472 y se brinda apoyo en la elaboraci\u00f3n de sus documentos y pendientes de ejecuci\u00f3n del acto p\u00fablico.<\/p>\n\n\n\n<p>La comarca Ng\u00e4be Bugl\u00e9 tambi\u00e9n recibi\u00f3 la visita de la Direcci\u00f3n Nacional de Nutrici\u00f3n y Salud Escolar y se atendieron 27 escuelas con solicitud de mejoras en las cocinas, adici\u00f3n del programa Estudiar sin Hambre, granos y aumento de beneficios nutricionales para los ni\u00f1os de esa zona del pa\u00eds.<\/p>\n\n\n\n<figure class=\"wp-block-image size-full\"><a href=\"https:\/\/alminutonoticia.com\/noticias\/wp-content\/uploads\/2023\/04\/Meduca-Comarca.jpg\"><img fetchpriority=\"high\" decoding=\"async\" width=\"700\" height=\"512\" src=\"https:\/\/alminutonoticia.com\/noticias\/wp-content\/uploads\/2023\/04\/Meduca-Comarca.jpg\" alt=\"\" class=\"wp-image-2324\" title=\"\" srcset=\"https:\/\/alminutonoticia.com\/noticias\/wp-content\/uploads\/2023\/04\/Meduca-Comarca.jpg 700w, https:\/\/alminutonoticia.com\/noticias\/wp-content\/uploads\/2023\/04\/Meduca-Comarca-300x219.jpg 300w\" sizes=\"(max-width: 700px) 100vw, 700px\" \/><\/a><\/figure>\n","protected":false},"excerpt":{"rendered":"<p>En la comarca Ng\u00e4be Bugl\u00e9, el informe del Centro de Operaci\u00f3n Escuelas 2023 (CON Escuelas 2023), presentado recientemente, detalla que de 378 centros educativos, 341 atienden a sus estudiantes, mientras que, en otros siete planteles escolares se les construyen aulas modulares para atender. Durante este a\u00f1o escolar, 30 escuelas est\u00e1n programadas para recibir aulas modulares. [&hellip;]<\/p>\n","protected":false},"author":3,"featured_media":2324,"comment_status":"open","ping_status":"open","sticky":false,"template":"","format":"standard","meta":{"footnotes":""},"categories":[36],"tags":[],"class_list":["post-2323","post","type-post","status-publish","format-standard","has-post-thumbnail","hentry","category-nacionales"],"_links":{"self":[{"href":"https:\/\/alminutonoticia.com\/noticias\/wp-json\/wp\/v2\/posts\/2323","targetHints":{"allow":["GET"]}}],"collection":[{"href":"https:\/\/alminutonoticia.com\/noticias\/wp-json\/wp\/v2\/posts"}],"about":[{"href":"https:\/\/alminutonoticia.com\/noticias\/wp-json\/wp\/v2\/types\/post"}],"author":[{"embeddable":true,"href":"https:\/\/alminutonoticia.com\/noticias\/wp-json\/wp\/v2\/users\/3"}],"replies":[{"embeddable":true,"href":"https:\/\/alminutonoticia.com\/noticias\/wp-json\/wp\/v2\/comments?post=2323"}],"version-history":[{"count":1,"href":"https:\/\/alminutonoticia.com\/noticias\/wp-json\/wp\/v2\/posts\/2323\/revisions"}],"predecessor-version":[{"id":2325,"href":"https:\/\/alminutonoticia.com\/noticias\/wp-json\/wp\/v2\/posts\/2323\/revisions\/2325"}],"wp:featuredmedia":[{"embeddable":true,"href":"https:\/\/alminutonoticia.com\/noticias\/wp-json\/wp\/v2\/media\/2324"}],"wp:attachment":[{"href":"https:\/\/alminutonoticia.com\/noticias\/wp-json\/wp\/v2\/media?parent=2323"}],"wp:term":[{"taxonomy":"category","embeddable":true,"href":"https:\/\/alminutonoticia.com\/noticias\/wp-json\/wp\/v2\/categories?post=2323"},{"taxonomy":"post_tag","embeddable":true,"href":"https:\/\/alminutonoticia.com\/noticias\/wp-json\/wp\/v2\/tags?post=2323"}],"curies":[{"name":"wp","href":"https:\/\/api.w.org\/{rel}","templated":true}]}}