{"id":2317,"date":"2023-04-05T00:54:05","date_gmt":"2023-04-05T00:54:05","guid":{"rendered":"https:\/\/alminutonoticia.com\/noticias\/?p=2317"},"modified":"2023-04-05T00:54:07","modified_gmt":"2023-04-05T00:54:07","slug":"yanibel-se-postula","status":"publish","type":"post","link":"https:\/\/alminutonoticia.com\/noticias\/yanibel-se-postula\/","title":{"rendered":"Yanibel se postula"},"content":{"rendered":"\n<p><strong>Yanibel \u00c1brego,<\/strong>&nbsp;diputada y secretaria general del partido&nbsp;<strong>Cambio Democr\u00e1tico (CD),<\/strong>&nbsp;se postulo este martes a la precandidatura presidencial del colectivo de oposici\u00f3n el pr\u00f3ximo 9 de julio.&nbsp;<\/p>\n\n\n\n<p>\u00c1brego expreso \u00abagradecemos a las bases de&nbsp;<strong>Cambio Democr\u00e1tico<\/strong>, a los diputados, representantes y a los precandidatos a diferentes puestos de elecci\u00f3n popular a los que se le han cercenado su derecho a postularse en democracia\u00bb.&nbsp;<\/p>\n\n\n\n<p>La diputada por el CD indic\u00f3 \u00abtenemos un equipo organizado que ha ganado elecciones. Somos la esperanza para que Cambio Democr\u00e1tico pueda recuperar la democracia\u00bb, destac\u00f3.<\/p>\n\n\n\n<p>A juicio de la Diputada por el CD, \u00aba\u00fan se mantienen de nuestro lado los mismos 14 diputados, alcaldes y representantes que no se han dejado amedrentar del chantaje y la injusticia de un presidente que no sabe qu\u00e9 es la democracia\u00bb.\u00bb<\/p>\n\n\n\n<p>Resalt\u00f3 la Diputada que el Tribunal Electoral haya tomado los correctivos necesarios y ponga los cuatro miembros de las Comisi\u00f3n de Elecciones nos da algo de tranquilidad en el proceso transparente que requerimos para ir en esta elecciones.\u00a0<\/p>\n\n\n\n<p>Yanibel \u00c1brego tambi\u00e9n neg\u00f3 la posibilidad de cederle la candidatura presidencial a Ricardo Martinelli en caso de ganar. \u201cNosotros no hemos dicho eso\u201d, dijo, tras ser cuestionada.<\/p>\n\n\n\n<p>\u201cHaremos los arreglos necesarios para ser gobierno, porque Cambio Democr\u00e1tico lo que merece es ser gobierno y devolverle la esperanza a miles de paname\u00f1os\u201d, concluy\u00f3 la diputada y secretaria general del CD.<\/p>\n\n\n\n<figure class=\"wp-block-image size-full\"><a href=\"https:\/\/alminutonoticia.com\/noticias\/wp-content\/uploads\/2023\/04\/WhatsApp-Image-2023-04-04-at-5.30.55-PM.jpeg\"><img fetchpriority=\"high\" decoding=\"async\" width=\"1024\" height=\"673\" src=\"https:\/\/alminutonoticia.com\/noticias\/wp-content\/uploads\/2023\/04\/WhatsApp-Image-2023-04-04-at-5.30.55-PM.jpeg\" alt=\"\" class=\"wp-image-2318\" title=\"\" srcset=\"https:\/\/alminutonoticia.com\/noticias\/wp-content\/uploads\/2023\/04\/WhatsApp-Image-2023-04-04-at-5.30.55-PM.jpeg 1024w, https:\/\/alminutonoticia.com\/noticias\/wp-content\/uploads\/2023\/04\/WhatsApp-Image-2023-04-04-at-5.30.55-PM-300x197.jpeg 300w, https:\/\/alminutonoticia.com\/noticias\/wp-content\/uploads\/2023\/04\/WhatsApp-Image-2023-04-04-at-5.30.55-PM-768x505.jpeg 768w\" sizes=\"(max-width: 1024px) 100vw, 1024px\" \/><\/a><\/figure>\n\n\n\n<figure class=\"wp-block-image size-full\"><a href=\"https:\/\/alminutonoticia.com\/noticias\/wp-content\/uploads\/2023\/04\/WhatsApp-Image-2023-04-04-at-5.30.14-PM.jpeg\"><img decoding=\"async\" width=\"1024\" height=\"642\" src=\"https:\/\/alminutonoticia.com\/noticias\/wp-content\/uploads\/2023\/04\/WhatsApp-Image-2023-04-04-at-5.30.14-PM.jpeg\" alt=\"\" class=\"wp-image-2319\" title=\"\" srcset=\"https:\/\/alminutonoticia.com\/noticias\/wp-content\/uploads\/2023\/04\/WhatsApp-Image-2023-04-04-at-5.30.14-PM.jpeg 1024w, https:\/\/alminutonoticia.com\/noticias\/wp-content\/uploads\/2023\/04\/WhatsApp-Image-2023-04-04-at-5.30.14-PM-300x188.jpeg 300w, https:\/\/alminutonoticia.com\/noticias\/wp-content\/uploads\/2023\/04\/WhatsApp-Image-2023-04-04-at-5.30.14-PM-768x482.jpeg 768w\" sizes=\"(max-width: 1024px) 100vw, 1024px\" \/><\/a><\/figure>\n\n\n\n<figure class=\"wp-block-image size-full\"><a href=\"https:\/\/alminutonoticia.com\/noticias\/wp-content\/uploads\/2023\/04\/WhatsApp-Image-2023-04-04-at-5.30.32-PM.jpeg\"><img decoding=\"async\" width=\"1024\" height=\"671\" src=\"https:\/\/alminutonoticia.com\/noticias\/wp-content\/uploads\/2023\/04\/WhatsApp-Image-2023-04-04-at-5.30.32-PM.jpeg\" alt=\"\" class=\"wp-image-2320\" title=\"\" srcset=\"https:\/\/alminutonoticia.com\/noticias\/wp-content\/uploads\/2023\/04\/WhatsApp-Image-2023-04-04-at-5.30.32-PM.jpeg 1024w, https:\/\/alminutonoticia.com\/noticias\/wp-content\/uploads\/2023\/04\/WhatsApp-Image-2023-04-04-at-5.30.32-PM-300x197.jpeg 300w, https:\/\/alminutonoticia.com\/noticias\/wp-content\/uploads\/2023\/04\/WhatsApp-Image-2023-04-04-at-5.30.32-PM-768x503.jpeg 768w\" sizes=\"(max-width: 1024px) 100vw, 1024px\" \/><\/a><\/figure>\n\n\n\n<figure class=\"wp-block-image size-large\"><a href=\"https:\/\/alminutonoticia.com\/noticias\/wp-content\/uploads\/2023\/04\/WhatsApp-Image-2023-04-04-at-5.38.19-PM.jpeg\"><img loading=\"lazy\" decoding=\"async\" width=\"1024\" height=\"682\" src=\"https:\/\/alminutonoticia.com\/noticias\/wp-content\/uploads\/2023\/04\/WhatsApp-Image-2023-04-04-at-5.38.19-PM-1024x682.jpeg\" alt=\"\" class=\"wp-image-2321\" title=\"\" srcset=\"https:\/\/alminutonoticia.com\/noticias\/wp-content\/uploads\/2023\/04\/WhatsApp-Image-2023-04-04-at-5.38.19-PM-1024x682.jpeg 1024w, https:\/\/alminutonoticia.com\/noticias\/wp-content\/uploads\/2023\/04\/WhatsApp-Image-2023-04-04-at-5.38.19-PM-300x200.jpeg 300w, https:\/\/alminutonoticia.com\/noticias\/wp-content\/uploads\/2023\/04\/WhatsApp-Image-2023-04-04-at-5.38.19-PM-768x512.jpeg 768w, https:\/\/alminutonoticia.com\/noticias\/wp-content\/uploads\/2023\/04\/WhatsApp-Image-2023-04-04-at-5.38.19-PM-1536x1023.jpeg 1536w, https:\/\/alminutonoticia.com\/noticias\/wp-content\/uploads\/2023\/04\/WhatsApp-Image-2023-04-04-at-5.38.19-PM.jpeg 1600w\" sizes=\"(max-width: 1024px) 100vw, 1024px\" \/><\/a><\/figure>\n\n\n","protected":false},"excerpt":{"rendered":"<p>Yanibel \u00c1brego,&nbsp;diputada y secretaria general del partido&nbsp;Cambio Democr\u00e1tico (CD),&nbsp;se postulo este martes a la precandidatura presidencial del colectivo de oposici\u00f3n el pr\u00f3ximo 9 de julio.&nbsp; \u00c1brego expreso \u00abagradecemos a las bases de&nbsp;Cambio Democr\u00e1tico, a los diputados, representantes y a los precandidatos a diferentes puestos de elecci\u00f3n popular a los que se le han cercenado su [&hellip;]<\/p>\n","protected":false},"author":3,"featured_media":2321,"comment_status":"open","ping_status":"open","sticky":false,"template":"","format":"standard","meta":{"footnotes":""},"categories":[36,37],"tags":[],"class_list":["post-2317","post","type-post","status-publish","format-standard","has-post-thumbnail","hentry","category-nacionales","category-politica"],"_links":{"self":[{"href":"https:\/\/alminutonoticia.com\/noticias\/wp-json\/wp\/v2\/posts\/2317","targetHints":{"allow":["GET"]}}],"collection":[{"href":"https:\/\/alminutonoticia.com\/noticias\/wp-json\/wp\/v2\/posts"}],"about":[{"href":"https:\/\/alminutonoticia.com\/noticias\/wp-json\/wp\/v2\/types\/post"}],"author":[{"embeddable":true,"href":"https:\/\/alminutonoticia.com\/noticias\/wp-json\/wp\/v2\/users\/3"}],"replies":[{"embeddable":true,"href":"https:\/\/alminutonoticia.com\/noticias\/wp-json\/wp\/v2\/comments?post=2317"}],"version-history":[{"count":1,"href":"https:\/\/alminutonoticia.com\/noticias\/wp-json\/wp\/v2\/posts\/2317\/revisions"}],"predecessor-version":[{"id":2322,"href":"https:\/\/alminutonoticia.com\/noticias\/wp-json\/wp\/v2\/posts\/2317\/revisions\/2322"}],"wp:featuredmedia":[{"embeddable":true,"href":"https:\/\/alminutonoticia.com\/noticias\/wp-json\/wp\/v2\/media\/2321"}],"wp:attachment":[{"href":"https:\/\/alminutonoticia.com\/noticias\/wp-json\/wp\/v2\/media?parent=2317"}],"wp:term":[{"taxonomy":"category","embeddable":true,"href":"https:\/\/alminutonoticia.com\/noticias\/wp-json\/wp\/v2\/categories?post=2317"},{"taxonomy":"post_tag","embeddable":true,"href":"https:\/\/alminutonoticia.com\/noticias\/wp-json\/wp\/v2\/tags?post=2317"}],"curies":[{"name":"wp","href":"https:\/\/api.w.org\/{rel}","templated":true}]}}