{"id":2301,"date":"2023-04-05T00:40:16","date_gmt":"2023-04-05T00:40:16","guid":{"rendered":"https:\/\/alminutonoticia.com\/noticias\/?p=2301"},"modified":"2023-04-05T00:40:17","modified_gmt":"2023-04-05T00:40:17","slug":"aeropuerto-internacional-de-tocumen-abre-convocatoria-para-concesionar-terminal-aerea-de-colon","status":"publish","type":"post","link":"https:\/\/alminutonoticia.com\/noticias\/aeropuerto-internacional-de-tocumen-abre-convocatoria-para-concesionar-terminal-aerea-de-colon\/","title":{"rendered":"Aeropuerto Internacional de Tocumen abre convocatoria para concesionar terminal a\u00e9rea de Col\u00f3n"},"content":{"rendered":"\n<p>El Aeropuerto Internacional de Tocumen, S. A. anunci\u00f3 la convocatoria nacional e internacional para la concesi\u00f3n del Aeropuerto Enrique A. Jim\u00e9nez de la provincia de Col\u00f3n, con el objetivo de contribuir con el desarrollo de la actividad log\u00edstica y con la conectividad a\u00e9rea de la provincia.<\/p>\n\n\n\n<p>El concurso comercial n\u00famero 006-2023-CONCE, incluye la prestaci\u00f3n de servicios no aeron\u00e1uticos, a t\u00edtulo oneroso, para la explotaci\u00f3n comercial, construcci\u00f3n, mantenimiento y operaci\u00f3n de \u00e1reas dentro de la terminal de pasajeros, zona de carga, aparcamientos y accesos del aeropuerto internacional Enrique A. Jim\u00e9nez. Los proponentes podr\u00e1n comprar los pliegos del acto p\u00fablico, entre el 10 y 14 de abril de 2023 en las oficinas administrativas del Aeropuerto Internacional de Tocumen. La licitaci\u00f3n est\u00e1 prevista para el 26 de junio de 2023.<\/p>\n\n\n\n<p>Raffoul Arab, gerente general de Tocumen S.A., destac\u00f3 que la administraci\u00f3n y desarrollo de terminales a\u00e9reas mediante operadores especializados es una pr\u00e1ctica exitosa y extendida en muchos pa\u00edses. \u201cEstamos abriendo la posibilidad de que un concesionario haga las inversiones, mantenga y promueva internacionalmente una terminal con potencial de complementar el transporte a\u00e9reo y mar\u00edtimo de carga, compras en la Zona Libre y el turismo regional\u201d, subray\u00f3 Arab.<\/p>\n\n\n\n<p>El aeropuerto Enrique Jim\u00e9nez de Col\u00f3n fue inaugurado en 2013 tras una inversi\u00f3n de 58 millones de d\u00f3lares y cuenta con una pista de 2 mil 700 metros con capacidad de recibir aeronaves tipo Boeing 757-200. Por otra parte, tambi\u00e9n se estudia la posibilidad de concesionar las terminales Enrique Malek en Chiriqu\u00ed y Scarlett Mart\u00ednez en R\u00edo Hato, mientras que la terminal de Panam\u00e1 Pac\u00edfico pudiera permanecer bajo control de Tocumen, S.A. al ser una terminal alterna del aeropuerto internacional de Tocumen, el principal del pa\u00eds. Las terminales regionales representan un costo anual estimado en 10 millones para Tocumen, S.A.<\/p>\n\n\n\n<p>\u201cAnte los grandes desaf\u00edos y el surgimiento de competidores en nuestros segmentos de mercado Tocumen, S.A. debe concentrarse en el mantenimiento y desarrollo del Aeropuerto Internacional de Tocumen, elevando la calidad de sus instalaciones y de sus servicios para hacerlo m\u00e1s competitivo y relevante como principal puerto de conexiones de la regi\u00f3n\u201d, sentenci\u00f3 Arab.<\/p>\n\n\n\n<p>Acerca de Tocumen, S.A.<\/p>\n\n\n\n<p>Tocumen, S.A. es una empresa 100% propiedad del Estado Paname\u00f1o, creada mediante la Ley 23 del 29 de enero de 2003. Es regulada por la Autoridad de Aeron\u00e1utica Civil y cumple los est\u00e1ndares de la Organizaci\u00f3n de Aviaci\u00f3n Civil Internacional (OACI). Autogestiona sus ingresos, aporta al Estado, a las Autoridades de Turismo de Panam\u00e1, Aeron\u00e1utica Civil; a la Comisi\u00f3n Nacional para la Prevenci\u00f3n de los Delitos de Explotaci\u00f3n Sexual (CONAPREDES), y est\u00e1 sujeta a las leyes y regulaciones generales, aplicables a las instituciones p\u00fablicas del pa\u00eds. Es responsable de la operaci\u00f3n y administraci\u00f3n del Aeropuerto Internacional de Tocumen, principal puerta de ingreso y salida de Panam\u00e1 y hub a\u00e9reo de la regi\u00f3n.<\/p>\n\n\n\n<p>Tambi\u00e9n administra y opera una terminal de carga y las terminales regionales Enrique Malek en Chiriqu\u00ed; Panam\u00e1 Pac\u00edfico, en Panam\u00e1 Oeste; Scarlett Mart\u00ednez en la Provincia de Cocl\u00e9 y Enrique Jim\u00e9nez en la provincia de Col\u00f3n.<\/p>\n\n\n\n<figure class=\"wp-block-image size-large\"><a href=\"https:\/\/alminutonoticia.com\/noticias\/wp-content\/uploads\/2023\/04\/WhatsApp-Image-2023-04-04-at-11.18.22-AM.jpeg\"><img fetchpriority=\"high\" decoding=\"async\" width=\"1024\" height=\"682\" src=\"https:\/\/alminutonoticia.com\/noticias\/wp-content\/uploads\/2023\/04\/WhatsApp-Image-2023-04-04-at-11.18.22-AM-1024x682.jpeg\" alt=\"\" class=\"wp-image-2302\" title=\"\" srcset=\"https:\/\/alminutonoticia.com\/noticias\/wp-content\/uploads\/2023\/04\/WhatsApp-Image-2023-04-04-at-11.18.22-AM-1024x682.jpeg 1024w, https:\/\/alminutonoticia.com\/noticias\/wp-content\/uploads\/2023\/04\/WhatsApp-Image-2023-04-04-at-11.18.22-AM-300x200.jpeg 300w, https:\/\/alminutonoticia.com\/noticias\/wp-content\/uploads\/2023\/04\/WhatsApp-Image-2023-04-04-at-11.18.22-AM-768x512.jpeg 768w, https:\/\/alminutonoticia.com\/noticias\/wp-content\/uploads\/2023\/04\/WhatsApp-Image-2023-04-04-at-11.18.22-AM-1536x1023.jpeg 1536w, https:\/\/alminutonoticia.com\/noticias\/wp-content\/uploads\/2023\/04\/WhatsApp-Image-2023-04-04-at-11.18.22-AM.jpeg 1600w\" sizes=\"(max-width: 1024px) 100vw, 1024px\" \/><\/a><\/figure>\n\n\n","protected":false},"excerpt":{"rendered":"<p>El Aeropuerto Internacional de Tocumen, S. A. anunci\u00f3 la convocatoria nacional e internacional para la concesi\u00f3n del Aeropuerto Enrique A. Jim\u00e9nez de la provincia de Col\u00f3n, con el objetivo de contribuir con el desarrollo de la actividad log\u00edstica y con la conectividad a\u00e9rea de la provincia. El concurso comercial n\u00famero 006-2023-CONCE, incluye la prestaci\u00f3n de [&hellip;]<\/p>\n","protected":false},"author":3,"featured_media":2302,"comment_status":"open","ping_status":"open","sticky":false,"template":"","format":"standard","meta":{"footnotes":""},"categories":[38,36],"tags":[],"class_list":["post-2301","post","type-post","status-publish","format-standard","has-post-thumbnail","hentry","category-economia","category-nacionales"],"_links":{"self":[{"href":"https:\/\/alminutonoticia.com\/noticias\/wp-json\/wp\/v2\/posts\/2301","targetHints":{"allow":["GET"]}}],"collection":[{"href":"https:\/\/alminutonoticia.com\/noticias\/wp-json\/wp\/v2\/posts"}],"about":[{"href":"https:\/\/alminutonoticia.com\/noticias\/wp-json\/wp\/v2\/types\/post"}],"author":[{"embeddable":true,"href":"https:\/\/alminutonoticia.com\/noticias\/wp-json\/wp\/v2\/users\/3"}],"replies":[{"embeddable":true,"href":"https:\/\/alminutonoticia.com\/noticias\/wp-json\/wp\/v2\/comments?post=2301"}],"version-history":[{"count":1,"href":"https:\/\/alminutonoticia.com\/noticias\/wp-json\/wp\/v2\/posts\/2301\/revisions"}],"predecessor-version":[{"id":2303,"href":"https:\/\/alminutonoticia.com\/noticias\/wp-json\/wp\/v2\/posts\/2301\/revisions\/2303"}],"wp:featuredmedia":[{"embeddable":true,"href":"https:\/\/alminutonoticia.com\/noticias\/wp-json\/wp\/v2\/media\/2302"}],"wp:attachment":[{"href":"https:\/\/alminutonoticia.com\/noticias\/wp-json\/wp\/v2\/media?parent=2301"}],"wp:term":[{"taxonomy":"category","embeddable":true,"href":"https:\/\/alminutonoticia.com\/noticias\/wp-json\/wp\/v2\/categories?post=2301"},{"taxonomy":"post_tag","embeddable":true,"href":"https:\/\/alminutonoticia.com\/noticias\/wp-json\/wp\/v2\/tags?post=2301"}],"curies":[{"name":"wp","href":"https:\/\/api.w.org\/{rel}","templated":true}]}}