{"id":227,"date":"2022-12-31T20:52:08","date_gmt":"2022-12-31T20:52:08","guid":{"rendered":"https:\/\/alminutonoticia.com\/noticias\/?p=227"},"modified":"2022-12-31T20:52:08","modified_gmt":"2022-12-31T20:52:08","slug":"el-imhpa-inicia-funciones-como-instituto-autonomo-del-estado","status":"publish","type":"post","link":"https:\/\/alminutonoticia.com\/noticias\/el-imhpa-inicia-funciones-como-instituto-autonomo-del-estado\/","title":{"rendered":"El IMHPA inicia funciones como instituto aut\u00f3nomo del Estado."},"content":{"rendered":"\n<p>El pr\u00f3ximo 1 de enero de 2023, inicia labores el Instituto de Meteorolog\u00eda e Hidrolog\u00eda de Panam\u00e1 (IMHPA) \u201cIng. Ovigildo Herrera Marcucci\u201d, como una entidad aut\u00f3noma del Estado, encargada de generar avisos, hacer predicciones del tiempo atmosf\u00e9rico y suministrar informaci\u00f3n meteorol\u00f3gica e hidrol\u00f3gica autorizada, confiable y oportuna sobre el estado y el comportamiento de la atm\u00f3sfera y todos los recursos h\u00eddricos en la Rep\u00fablica de Panam\u00e1.<\/p>\n\n\n\n<p><br>Cabe destacar que el IMHPA, fue creado por iniciativa del presidente de la Rep\u00fablica Laurentino Cortizo Cohen, mediante Ley No. 209 del 22 de abril de 2021, para actuar, como autoridad oficial meteorol\u00f3gica e hidrol\u00f3gica en el \u00e1mbito nacional, incluyendo la agrometeorolog\u00eda. Dicha ley le otorga personer\u00eda jur\u00eddica, patrimonio propio y autonom\u00eda en su r\u00e9gimen de funcionamiento interno, as\u00ed como la capacidad para adquirir derechos y contraer obligaciones, administrar sus bienes y gestionar sus propios recursos.<\/p>\n\n\n\n<p><br>La Junta Directiva del IMHPA la preside el ministro de Ambiente y est\u00e1 conformada por ocho (8) miembros m\u00e1s: que incluye a los ministros de la Presidencia, MEF, MIDA, Gobierno, Vivienda y Ordenamiento Territorial, al Contralor de la Rep\u00fablica, al Gerente General de ETESA y un miembro de los servidores p\u00fablicos del IMHPA, dicha junta.<\/p>\n\n\n\n<p><br>La Direcci\u00f3n General del IMHPA, estar\u00e1 a cargo de la ingeniera Luz Graciela de Calzadilla y la subdirecci\u00f3n a cargo de la licenciada Berta Alicia Olmedo.<\/p>\n\n\n\n<p><br>A partir de la fecha, toda solicitud para entrevistas, conversatorios, invitaciones y consultas de los medios de comunicaci\u00f3n y otros, sobre temas de Climatolog\u00eda, Hidrolog\u00eda y\/o Meteorolog\u00eda deben ser dirigidos a su directora, Luz Graciela de Calzadilla.<\/p>\n\n\n\n<p><br>El IMPHA mantendr\u00e1 su pol\u00edtica de comunicaci\u00f3n continua con los medios de comunicaci\u00f3n a fin de llevar informaci\u00f3n oficial con respecto a las condiciones meteorol\u00f3gicas y climatol\u00f3gicas en Panam\u00e1. El Edificio Sun Tower Mall seguir\u00e1 siendo nuestra sede, temporalmente.<\/p>\n\n\n\n<figure class=\"wp-block-image size-large\"><a href=\"https:\/\/alminutonoticia.com\/noticias\/wp-content\/uploads\/2022\/12\/WhatsApp-Image-2022-12-31-at-9.35.25-AM.jpeg\"><img fetchpriority=\"high\" decoding=\"async\" width=\"1024\" height=\"682\" src=\"https:\/\/alminutonoticia.com\/noticias\/wp-content\/uploads\/2022\/12\/WhatsApp-Image-2022-12-31-at-9.35.25-AM-1024x682.jpeg\" alt=\"\" class=\"wp-image-228\" title=\"\" srcset=\"https:\/\/alminutonoticia.com\/noticias\/wp-content\/uploads\/2022\/12\/WhatsApp-Image-2022-12-31-at-9.35.25-AM-1024x682.jpeg 1024w, https:\/\/alminutonoticia.com\/noticias\/wp-content\/uploads\/2022\/12\/WhatsApp-Image-2022-12-31-at-9.35.25-AM-300x200.jpeg 300w, https:\/\/alminutonoticia.com\/noticias\/wp-content\/uploads\/2022\/12\/WhatsApp-Image-2022-12-31-at-9.35.25-AM-768x512.jpeg 768w, https:\/\/alminutonoticia.com\/noticias\/wp-content\/uploads\/2022\/12\/WhatsApp-Image-2022-12-31-at-9.35.25-AM-1536x1023.jpeg 1536w, https:\/\/alminutonoticia.com\/noticias\/wp-content\/uploads\/2022\/12\/WhatsApp-Image-2022-12-31-at-9.35.25-AM-600x400.jpeg 600w, https:\/\/alminutonoticia.com\/noticias\/wp-content\/uploads\/2022\/12\/WhatsApp-Image-2022-12-31-at-9.35.25-AM.jpeg 1600w\" sizes=\"(max-width: 1024px) 100vw, 1024px\" \/><\/a><\/figure>\n\n\n\n<figure class=\"wp-block-image size-large\"><a href=\"https:\/\/alminutonoticia.com\/noticias\/wp-content\/uploads\/2022\/12\/WhatsApp-Image-2022-12-31-at-9.36.18-AM.jpeg\"><img decoding=\"async\" width=\"1024\" height=\"682\" src=\"https:\/\/alminutonoticia.com\/noticias\/wp-content\/uploads\/2022\/12\/WhatsApp-Image-2022-12-31-at-9.36.18-AM-1024x682.jpeg\" alt=\"\" class=\"wp-image-229\" title=\"\" srcset=\"https:\/\/alminutonoticia.com\/noticias\/wp-content\/uploads\/2022\/12\/WhatsApp-Image-2022-12-31-at-9.36.18-AM-1024x682.jpeg 1024w, https:\/\/alminutonoticia.com\/noticias\/wp-content\/uploads\/2022\/12\/WhatsApp-Image-2022-12-31-at-9.36.18-AM-300x200.jpeg 300w, https:\/\/alminutonoticia.com\/noticias\/wp-content\/uploads\/2022\/12\/WhatsApp-Image-2022-12-31-at-9.36.18-AM-768x512.jpeg 768w, https:\/\/alminutonoticia.com\/noticias\/wp-content\/uploads\/2022\/12\/WhatsApp-Image-2022-12-31-at-9.36.18-AM-1536x1023.jpeg 1536w, https:\/\/alminutonoticia.com\/noticias\/wp-content\/uploads\/2022\/12\/WhatsApp-Image-2022-12-31-at-9.36.18-AM-600x400.jpeg 600w, https:\/\/alminutonoticia.com\/noticias\/wp-content\/uploads\/2022\/12\/WhatsApp-Image-2022-12-31-at-9.36.18-AM.jpeg 1600w\" sizes=\"(max-width: 1024px) 100vw, 1024px\" \/><\/a><\/figure>\n\n\n\n<figure class=\"wp-block-image size-large\"><a href=\"https:\/\/alminutonoticia.com\/noticias\/wp-content\/uploads\/2022\/12\/WhatsApp-Image-2022-12-31-at-9.37.28-AM.jpeg\"><img decoding=\"async\" width=\"768\" height=\"1024\" src=\"https:\/\/alminutonoticia.com\/noticias\/wp-content\/uploads\/2022\/12\/WhatsApp-Image-2022-12-31-at-9.37.28-AM-768x1024.jpeg\" alt=\"\" class=\"wp-image-230\" title=\"\" srcset=\"https:\/\/alminutonoticia.com\/noticias\/wp-content\/uploads\/2022\/12\/WhatsApp-Image-2022-12-31-at-9.37.28-AM-768x1024.jpeg 768w, https:\/\/alminutonoticia.com\/noticias\/wp-content\/uploads\/2022\/12\/WhatsApp-Image-2022-12-31-at-9.37.28-AM-225x300.jpeg 225w, https:\/\/alminutonoticia.com\/noticias\/wp-content\/uploads\/2022\/12\/WhatsApp-Image-2022-12-31-at-9.37.28-AM-1152x1536.jpeg 1152w, https:\/\/alminutonoticia.com\/noticias\/wp-content\/uploads\/2022\/12\/WhatsApp-Image-2022-12-31-at-9.37.28-AM-600x800.jpeg 600w, https:\/\/alminutonoticia.com\/noticias\/wp-content\/uploads\/2022\/12\/WhatsApp-Image-2022-12-31-at-9.37.28-AM.jpeg 1200w\" sizes=\"(max-width: 768px) 100vw, 768px\" \/><\/a><\/figure>\n\n\n\n<figure class=\"wp-block-image size-large\"><a href=\"https:\/\/alminutonoticia.com\/noticias\/wp-content\/uploads\/2022\/12\/WhatsApp-Image-2022-12-31-at-9.37.02-AM.jpeg\"><img loading=\"lazy\" decoding=\"async\" width=\"1024\" height=\"682\" src=\"https:\/\/alminutonoticia.com\/noticias\/wp-content\/uploads\/2022\/12\/WhatsApp-Image-2022-12-31-at-9.37.02-AM-1024x682.jpeg\" alt=\"\" class=\"wp-image-231\" title=\"\" srcset=\"https:\/\/alminutonoticia.com\/noticias\/wp-content\/uploads\/2022\/12\/WhatsApp-Image-2022-12-31-at-9.37.02-AM-1024x682.jpeg 1024w, https:\/\/alminutonoticia.com\/noticias\/wp-content\/uploads\/2022\/12\/WhatsApp-Image-2022-12-31-at-9.37.02-AM-300x200.jpeg 300w, https:\/\/alminutonoticia.com\/noticias\/wp-content\/uploads\/2022\/12\/WhatsApp-Image-2022-12-31-at-9.37.02-AM-768x512.jpeg 768w, https:\/\/alminutonoticia.com\/noticias\/wp-content\/uploads\/2022\/12\/WhatsApp-Image-2022-12-31-at-9.37.02-AM-1536x1023.jpeg 1536w, https:\/\/alminutonoticia.com\/noticias\/wp-content\/uploads\/2022\/12\/WhatsApp-Image-2022-12-31-at-9.37.02-AM-600x400.jpeg 600w, https:\/\/alminutonoticia.com\/noticias\/wp-content\/uploads\/2022\/12\/WhatsApp-Image-2022-12-31-at-9.37.02-AM.jpeg 1600w\" sizes=\"(max-width: 1024px) 100vw, 1024px\" \/><\/a><\/figure>\n","protected":false},"excerpt":{"rendered":"<p>El pr\u00f3ximo 1 de enero de 2023, inicia labores el Instituto de Meteorolog\u00eda e Hidrolog\u00eda de Panam\u00e1 (IMHPA) \u201cIng. Ovigildo Herrera Marcucci\u201d, como una entidad aut\u00f3noma del Estado, encargada de generar avisos, hacer predicciones del tiempo atmosf\u00e9rico y suministrar informaci\u00f3n meteorol\u00f3gica e hidrol\u00f3gica autorizada, confiable y oportuna sobre el estado y el comportamiento de la [&hellip;]<\/p>\n","protected":false},"author":2,"featured_media":231,"comment_status":"open","ping_status":"open","sticky":false,"template":"","format":"standard","meta":{"footnotes":""},"categories":[42,36],"tags":[],"class_list":["post-227","post","type-post","status-publish","format-standard","has-post-thumbnail","hentry","category-ambiente","category-nacionales"],"_links":{"self":[{"href":"https:\/\/alminutonoticia.com\/noticias\/wp-json\/wp\/v2\/posts\/227","targetHints":{"allow":["GET"]}}],"collection":[{"href":"https:\/\/alminutonoticia.com\/noticias\/wp-json\/wp\/v2\/posts"}],"about":[{"href":"https:\/\/alminutonoticia.com\/noticias\/wp-json\/wp\/v2\/types\/post"}],"author":[{"embeddable":true,"href":"https:\/\/alminutonoticia.com\/noticias\/wp-json\/wp\/v2\/users\/2"}],"replies":[{"embeddable":true,"href":"https:\/\/alminutonoticia.com\/noticias\/wp-json\/wp\/v2\/comments?post=227"}],"version-history":[{"count":1,"href":"https:\/\/alminutonoticia.com\/noticias\/wp-json\/wp\/v2\/posts\/227\/revisions"}],"predecessor-version":[{"id":232,"href":"https:\/\/alminutonoticia.com\/noticias\/wp-json\/wp\/v2\/posts\/227\/revisions\/232"}],"wp:featuredmedia":[{"embeddable":true,"href":"https:\/\/alminutonoticia.com\/noticias\/wp-json\/wp\/v2\/media\/231"}],"wp:attachment":[{"href":"https:\/\/alminutonoticia.com\/noticias\/wp-json\/wp\/v2\/media?parent=227"}],"wp:term":[{"taxonomy":"category","embeddable":true,"href":"https:\/\/alminutonoticia.com\/noticias\/wp-json\/wp\/v2\/categories?post=227"},{"taxonomy":"post_tag","embeddable":true,"href":"https:\/\/alminutonoticia.com\/noticias\/wp-json\/wp\/v2\/tags?post=227"}],"curies":[{"name":"wp","href":"https:\/\/api.w.org\/{rel}","templated":true}]}}