{"id":223,"date":"2022-12-31T20:35:33","date_gmt":"2022-12-31T20:35:33","guid":{"rendered":"https:\/\/alminutonoticia.com\/noticias\/?p=223"},"modified":"2022-12-31T20:35:33","modified_gmt":"2022-12-31T20:35:33","slug":"metro-de-panama-retornara-a-su-horario-regular-de-operaciones","status":"publish","type":"post","link":"https:\/\/alminutonoticia.com\/noticias\/metro-de-panama-retornara-a-su-horario-regular-de-operaciones\/","title":{"rendered":"Metro de Panam\u00e1 retornar\u00e1 a su horario regular de operaciones."},"content":{"rendered":"\n<p>Metro de Panam\u00e1, S.A. (MPSA), informa a todos sus usuarios y la ciudadan\u00eda en general, que a partir del pr\u00f3ximo&nbsp;<strong><em>martes 27 de diciembre de 2022,<\/em><\/strong>&nbsp;retomamos al horario regular de operaciones en L\u00ednea 1 y L\u00ednea 2.<\/p>\n\n\n\n<p>Desde mayo del 2022 se ajust\u00f3 la estrategia operativa iniciando el servicio comercial&nbsp;a partir de las 4:30 am, coordinando una log\u00edstica interna de programaci\u00f3n en el ingreso de nuestro personal.<\/p>\n\n\n\n<p>Siete meses despu\u00e9s de esta iniciativa, y luego del ajuste de la demanda de usuarios producto de la finalizaci\u00f3n del a\u00f1o escolar, se retomar\u00e1&nbsp;&nbsp;el horario habitual, los d\u00edas laborables (lunes a viernes) de 5:00 a.m. a 11:00 p.m.<\/p>\n\n\n\n<p>Recordamos que es importante mantener las medidas de bioseguridad en todas las instalaciones del Metro, contar con saldo en las tarjetas de transporte o recargarlas antes de ingresar a los torniquetes y seguir las recomendaciones de nuestro personal del Metro que estar\u00e1n debidamente identificados, para una mejor movilizaci\u00f3n en los trenes y estaciones.<\/p>\n\n\n\n<figure class=\"wp-block-image size-full\"><a href=\"https:\/\/alminutonoticia.com\/noticias\/wp-content\/uploads\/2022\/12\/usuarios-en-estaciones-SM-L2-845x321-1.jpg\"><img fetchpriority=\"high\" decoding=\"async\" width=\"845\" height=\"321\" src=\"https:\/\/alminutonoticia.com\/noticias\/wp-content\/uploads\/2022\/12\/usuarios-en-estaciones-SM-L2-845x321-1.jpg\" alt=\"\" class=\"wp-image-224\" title=\"\" srcset=\"https:\/\/alminutonoticia.com\/noticias\/wp-content\/uploads\/2022\/12\/usuarios-en-estaciones-SM-L2-845x321-1.jpg 845w, https:\/\/alminutonoticia.com\/noticias\/wp-content\/uploads\/2022\/12\/usuarios-en-estaciones-SM-L2-845x321-1-300x114.jpg 300w, https:\/\/alminutonoticia.com\/noticias\/wp-content\/uploads\/2022\/12\/usuarios-en-estaciones-SM-L2-845x321-1-768x292.jpg 768w, https:\/\/alminutonoticia.com\/noticias\/wp-content\/uploads\/2022\/12\/usuarios-en-estaciones-SM-L2-845x321-1-600x228.jpg 600w\" sizes=\"(max-width: 845px) 100vw, 845px\" \/><\/a><\/figure>\n","protected":false},"excerpt":{"rendered":"<p>Metro de Panam\u00e1, S.A. (MPSA), informa a todos sus usuarios y la ciudadan\u00eda en general, que a partir del pr\u00f3ximo&nbsp;martes 27 de diciembre de 2022,&nbsp;retomamos al horario regular de operaciones en L\u00ednea 1 y L\u00ednea 2. Desde mayo del 2022 se ajust\u00f3 la estrategia operativa iniciando el servicio comercial&nbsp;a partir de las 4:30 am, coordinando [&hellip;]<\/p>\n","protected":false},"author":2,"featured_media":224,"comment_status":"open","ping_status":"open","sticky":false,"template":"","format":"standard","meta":{"footnotes":""},"categories":[36],"tags":[],"class_list":["post-223","post","type-post","status-publish","format-standard","has-post-thumbnail","hentry","category-nacionales"],"_links":{"self":[{"href":"https:\/\/alminutonoticia.com\/noticias\/wp-json\/wp\/v2\/posts\/223","targetHints":{"allow":["GET"]}}],"collection":[{"href":"https:\/\/alminutonoticia.com\/noticias\/wp-json\/wp\/v2\/posts"}],"about":[{"href":"https:\/\/alminutonoticia.com\/noticias\/wp-json\/wp\/v2\/types\/post"}],"author":[{"embeddable":true,"href":"https:\/\/alminutonoticia.com\/noticias\/wp-json\/wp\/v2\/users\/2"}],"replies":[{"embeddable":true,"href":"https:\/\/alminutonoticia.com\/noticias\/wp-json\/wp\/v2\/comments?post=223"}],"version-history":[{"count":1,"href":"https:\/\/alminutonoticia.com\/noticias\/wp-json\/wp\/v2\/posts\/223\/revisions"}],"predecessor-version":[{"id":225,"href":"https:\/\/alminutonoticia.com\/noticias\/wp-json\/wp\/v2\/posts\/223\/revisions\/225"}],"wp:featuredmedia":[{"embeddable":true,"href":"https:\/\/alminutonoticia.com\/noticias\/wp-json\/wp\/v2\/media\/224"}],"wp:attachment":[{"href":"https:\/\/alminutonoticia.com\/noticias\/wp-json\/wp\/v2\/media?parent=223"}],"wp:term":[{"taxonomy":"category","embeddable":true,"href":"https:\/\/alminutonoticia.com\/noticias\/wp-json\/wp\/v2\/categories?post=223"},{"taxonomy":"post_tag","embeddable":true,"href":"https:\/\/alminutonoticia.com\/noticias\/wp-json\/wp\/v2\/tags?post=223"}],"curies":[{"name":"wp","href":"https:\/\/api.w.org\/{rel}","templated":true}]}}