{"id":2229,"date":"2023-04-03T11:44:18","date_gmt":"2023-04-03T11:44:18","guid":{"rendered":"https:\/\/alminutonoticia.com\/noticias\/?p=2229"},"modified":"2023-04-03T11:44:18","modified_gmt":"2023-04-03T11:44:18","slug":"alarmante-cifra-de-87390-migrantes-irregulares-por-selva-de-darien","status":"publish","type":"post","link":"https:\/\/alminutonoticia.com\/noticias\/alarmante-cifra-de-87390-migrantes-irregulares-por-selva-de-darien\/","title":{"rendered":"Alarmante cifra de 87,390 migrantes irregulares por selva de Dari\u00e9n"},"content":{"rendered":"\n<p>El paso de extranjeros irregulares por el peligro Tap\u00f3n del Dari\u00e9n registr\u00f3 cifra r\u00e9cord entre enero y marzo de 2023 con 87,390 migrantes, lo cual es siete veces mayor en comparaci\u00f3n al mismo periodo del 2022, revel\u00f3 un informe oficial.<\/p>\n\n\n\n<p>De ese n\u00famero, la mayor cantidad de irregulares provienen de Venezuela (30,250), Hait\u00ed (23,640), Ecuador (14,227), China (3,855), India (2,543), Chile (2,499), Colombia (2,230), Brasil (2,072), Afganist\u00e1n (926), Camer\u00fan (532), Somalia (444) y Per\u00fa (400), seg\u00fan informes dados a conocer por el Servicio Nacional de Migraci\u00f3n (SNM).<\/p>\n\n\n\n<p>Cabe destacar que en el primer trimestre del a\u00f1o pasado atravesaron la insegura selva de Dari\u00e9n, 13,796 migrantes en relaci\u00f3n con el alto n\u00famero de 87,390 irregulares en los tres primeros meses del 2023.<\/p>\n\n\n\n<p>La mayor traves\u00eda de los migrantes en la regi\u00f3n fronteriza con Colombia se produjo en marzo con 38,099, en febrero fueron 24,657 y en enero se registraron 24,634.<\/p>\n\n\n\n<p>Seg\u00fan datos de la Organizaci\u00f3n Internacional para la Migraciones (OIM), 41 migrantes irregulares perdieron la vida en el peligroso tramo, de los cuales m\u00e1s de la mitad por ahogamiento en los caudalosos r\u00edos del Dari\u00e9n y desapariciones.<\/p>\n\n\n\n<p>El tema de la migraci\u00f3n por Panam\u00e1 ha motivado que se solicite apoyo a los pa\u00edses vecinos en el paso de los extranjeros en su traves\u00eda por Centroamericana y M\u00e9xico en busca del sue\u00f1o americano en Estados Unidos.<\/p>\n\n\n\n<figure class=\"wp-block-image size-large\"><a href=\"https:\/\/alminutonoticia.com\/noticias\/wp-content\/uploads\/2023\/04\/PBN-Panama-Darien-pic-0810.jpg\"><img fetchpriority=\"high\" decoding=\"async\" width=\"1024\" height=\"538\" src=\"https:\/\/alminutonoticia.com\/noticias\/wp-content\/uploads\/2023\/04\/PBN-Panama-Darien-pic-0810-1024x538.jpg\" alt=\"\" class=\"wp-image-2230\" title=\"\" srcset=\"https:\/\/alminutonoticia.com\/noticias\/wp-content\/uploads\/2023\/04\/PBN-Panama-Darien-pic-0810-1024x538.jpg 1024w, https:\/\/alminutonoticia.com\/noticias\/wp-content\/uploads\/2023\/04\/PBN-Panama-Darien-pic-0810-300x158.jpg 300w, https:\/\/alminutonoticia.com\/noticias\/wp-content\/uploads\/2023\/04\/PBN-Panama-Darien-pic-0810-768x403.jpg 768w, https:\/\/alminutonoticia.com\/noticias\/wp-content\/uploads\/2023\/04\/PBN-Panama-Darien-pic-0810.jpg 1200w\" sizes=\"(max-width: 1024px) 100vw, 1024px\" \/><\/a><\/figure>\n","protected":false},"excerpt":{"rendered":"<p>El paso de extranjeros irregulares por el peligro Tap\u00f3n del Dari\u00e9n registr\u00f3 cifra r\u00e9cord entre enero y marzo de 2023 con 87,390 migrantes, lo cual es siete veces mayor en comparaci\u00f3n al mismo periodo del 2022, revel\u00f3 un informe oficial. De ese n\u00famero, la mayor cantidad de irregulares provienen de Venezuela (30,250), Hait\u00ed (23,640), Ecuador [&hellip;]<\/p>\n","protected":false},"author":3,"featured_media":2230,"comment_status":"open","ping_status":"open","sticky":false,"template":"","format":"standard","meta":{"footnotes":""},"categories":[39,36],"tags":[],"class_list":["post-2229","post","type-post","status-publish","format-standard","has-post-thumbnail","hentry","category-internacionales","category-nacionales"],"_links":{"self":[{"href":"https:\/\/alminutonoticia.com\/noticias\/wp-json\/wp\/v2\/posts\/2229","targetHints":{"allow":["GET"]}}],"collection":[{"href":"https:\/\/alminutonoticia.com\/noticias\/wp-json\/wp\/v2\/posts"}],"about":[{"href":"https:\/\/alminutonoticia.com\/noticias\/wp-json\/wp\/v2\/types\/post"}],"author":[{"embeddable":true,"href":"https:\/\/alminutonoticia.com\/noticias\/wp-json\/wp\/v2\/users\/3"}],"replies":[{"embeddable":true,"href":"https:\/\/alminutonoticia.com\/noticias\/wp-json\/wp\/v2\/comments?post=2229"}],"version-history":[{"count":1,"href":"https:\/\/alminutonoticia.com\/noticias\/wp-json\/wp\/v2\/posts\/2229\/revisions"}],"predecessor-version":[{"id":2231,"href":"https:\/\/alminutonoticia.com\/noticias\/wp-json\/wp\/v2\/posts\/2229\/revisions\/2231"}],"wp:featuredmedia":[{"embeddable":true,"href":"https:\/\/alminutonoticia.com\/noticias\/wp-json\/wp\/v2\/media\/2230"}],"wp:attachment":[{"href":"https:\/\/alminutonoticia.com\/noticias\/wp-json\/wp\/v2\/media?parent=2229"}],"wp:term":[{"taxonomy":"category","embeddable":true,"href":"https:\/\/alminutonoticia.com\/noticias\/wp-json\/wp\/v2\/categories?post=2229"},{"taxonomy":"post_tag","embeddable":true,"href":"https:\/\/alminutonoticia.com\/noticias\/wp-json\/wp\/v2\/tags?post=2229"}],"curies":[{"name":"wp","href":"https:\/\/api.w.org\/{rel}","templated":true}]}}