{"id":2166,"date":"2023-03-30T22:54:40","date_gmt":"2023-03-30T22:54:40","guid":{"rendered":"https:\/\/alminutonoticia.com\/noticias\/?p=2166"},"modified":"2023-03-30T22:54:41","modified_gmt":"2023-03-30T22:54:41","slug":"mas-de-200-panamenos-asisten-a-la-consulta-publica-sobre-el-proyecto-de-nuevo-contrato-del-estado-y-minera-panama-en-coclesito","status":"publish","type":"post","link":"https:\/\/alminutonoticia.com\/noticias\/mas-de-200-panamenos-asisten-a-la-consulta-publica-sobre-el-proyecto-de-nuevo-contrato-del-estado-y-minera-panama-en-coclesito\/","title":{"rendered":"M\u00e1s de 200 paname\u00f1os asisten a la consulta p\u00fablica sobre el proyecto de nuevo contrato del Estado y Minera Panam\u00e1 en Coclesito"},"content":{"rendered":"\n<p>Con la participaci\u00f3n de m\u00e1s de 200 moradores de las comunidades aleda\u00f1as a la mina Cobre Panam\u00e1, autoridades locales y l\u00edderes comunitarios, el Ministerio de Comercio e Industrias (MICI), a trav\u00e9s de la Direcci\u00f3n Nacional de Recursos Minerales, desarroll\u00f3 este jueves una consulta p\u00fablica sobre el proyecto de contrato de concesi\u00f3n entre el Estado y Minera Panam\u00e1, S.A., en la Casa del Pueblo de Coclesito, provincia de Col\u00f3n.<\/p>\n\n\n\n<p><br>Este proceso de consulta se realiz\u00f3 de conformidad con el Cap\u00edtulo S\u00e9ptimo, art\u00edculos 24 y 25 de la Ley 6 de 22 de enero de 2002 \u201cQue dicta normas para la transparencia en la gesti\u00f3n p\u00fablica\u201d.<\/p>\n\n\n\n<p><br>\u201cComo gobierno estamos haciendo docencia y aclarando las dudas que se puedan tener sobre este proyecto de contrato. Sin duda, este paso reafirma nuestro compromiso de brindar las herramientas informativas necesarias para que todos los paname\u00f1os se informen de su alcance, principalmente aquellos moradores de las comunidades aleda\u00f1as que no cuentan con dispositivos digitales e internet para ingresar a la plataforma \u00c1gora\u201d, manifest\u00f3 el titular del MICI, Federico Alfaro Boyd, quien particip\u00f3 junto a funcionarios de la Direcci\u00f3n Nacional de Recursos Minerales y directivos de la empresa minera.<br>El ministro Alfaro Boyd reiter\u00f3 que estas visitas en sitio con los funcionarios de Recursos Minerales y representantes de la empresa acercan de forma directa y transparente a las comunidades adyacentes a la informaci\u00f3n necesaria para el mejor aprovechamiento del desarrollo minero en los distritos de Donoso y Omar Torrijos.<\/p>\n\n\n\n<p><br>En tanto, Keith Green, Gerente pa\u00eds de Cobre Panam\u00e1, se\u00f1al\u00f3 que, \u00abLa consulta p\u00fablica para nosotros es esencial ya que permite continuar con una comunicaci\u00f3n efectiva con las comunidades y comprender sus inquietudes en relaci\u00f3n con el nuevo contrato con el Estado paname\u00f1o. En Cobre Panam\u00e1 estamos comprometidos en involucrar a las comunidades cercanas a la mina de manera transparente y responsable\u00bb.<br>Del 24 de marzo a la fecha, nueve mil doscientas cuarenta y siete (9,247) personas han ingresado a la plataforma \u00c1gora, con 200 comentarios, en torno a esta consulta p\u00fablica.<\/p>\n\n\n\n<p><br>Las personas interesadas en participar y conocer los t\u00e9rminos espec\u00edficos del contrato con Minera Panam\u00e1 podr\u00e1n acceder, hasta el pr\u00f3ximo 22 de abril, a la p\u00e1gina web de la consulta p\u00fablica: https:\/\/agora.gob.pa\/ContratoMineraPanam\u00e1, la cual tiene disponible una copia completa del contrato, un resumen de los t\u00e9rminos del contrato, tablas comparativas sobre los t\u00e9rminos econ\u00f3micos del contrato, y comparativos entre el proyecto de contrato y el contrato de 1997, celebrado entre el Estado y Minera Petaquilla, S.A., (ahora Minera Panam\u00e1, S.A.), aprobado mediante Ley 9 de 26 de febrero de 1997.<br>En la consulta p\u00fablica, adem\u00e1s participaron el viceministro de Comercio Interior e Industrias, Omar Montilla; la viceministra de Ambiente, Diana Laguna; el alcalde de Distrito Omar Torrijos, Eulalio Yang\u00fc\u00e9s; el defensor del Pueblo, Eduardo Leblanc; el gerente de Asuntos Comunitario, Alberto Casas y el gerente de Relaciones con el Gobierno, Jorge Caney, los dos \u00faltimos en representaci\u00f3n de Minera Panam\u00e1.<\/p>\n\n\n\n<figure class=\"wp-block-image size-full\"><a href=\"https:\/\/alminutonoticia.com\/noticias\/wp-content\/uploads\/2023\/03\/WhatsApp-Image-2023-03-30-at-12.42.36-PM.jpeg\"><img fetchpriority=\"high\" decoding=\"async\" width=\"1024\" height=\"682\" src=\"https:\/\/alminutonoticia.com\/noticias\/wp-content\/uploads\/2023\/03\/WhatsApp-Image-2023-03-30-at-12.42.36-PM.jpeg\" alt=\"\" class=\"wp-image-2167\" title=\"\" srcset=\"https:\/\/alminutonoticia.com\/noticias\/wp-content\/uploads\/2023\/03\/WhatsApp-Image-2023-03-30-at-12.42.36-PM.jpeg 1024w, https:\/\/alminutonoticia.com\/noticias\/wp-content\/uploads\/2023\/03\/WhatsApp-Image-2023-03-30-at-12.42.36-PM-300x200.jpeg 300w, https:\/\/alminutonoticia.com\/noticias\/wp-content\/uploads\/2023\/03\/WhatsApp-Image-2023-03-30-at-12.42.36-PM-768x512.jpeg 768w\" sizes=\"(max-width: 1024px) 100vw, 1024px\" \/><\/a><\/figure>\n\n\n\n<figure class=\"wp-block-image size-full\"><a href=\"https:\/\/alminutonoticia.com\/noticias\/wp-content\/uploads\/2023\/03\/WhatsApp-Image-2023-03-30-at-12.42.35-PM.jpeg\"><img decoding=\"async\" width=\"1024\" height=\"682\" src=\"https:\/\/alminutonoticia.com\/noticias\/wp-content\/uploads\/2023\/03\/WhatsApp-Image-2023-03-30-at-12.42.35-PM.jpeg\" alt=\"\" class=\"wp-image-2168\" title=\"\" srcset=\"https:\/\/alminutonoticia.com\/noticias\/wp-content\/uploads\/2023\/03\/WhatsApp-Image-2023-03-30-at-12.42.35-PM.jpeg 1024w, https:\/\/alminutonoticia.com\/noticias\/wp-content\/uploads\/2023\/03\/WhatsApp-Image-2023-03-30-at-12.42.35-PM-300x200.jpeg 300w, https:\/\/alminutonoticia.com\/noticias\/wp-content\/uploads\/2023\/03\/WhatsApp-Image-2023-03-30-at-12.42.35-PM-768x512.jpeg 768w\" sizes=\"(max-width: 1024px) 100vw, 1024px\" \/><\/a><\/figure>\n\n\n\n<figure class=\"wp-block-image size-full\"><a href=\"https:\/\/alminutonoticia.com\/noticias\/wp-content\/uploads\/2023\/03\/WhatsApp-Image-2023-03-30-at-12.42.34-PM-1.jpeg\"><img decoding=\"async\" width=\"1024\" height=\"682\" src=\"https:\/\/alminutonoticia.com\/noticias\/wp-content\/uploads\/2023\/03\/WhatsApp-Image-2023-03-30-at-12.42.34-PM-1.jpeg\" alt=\"\" class=\"wp-image-2169\" title=\"\" srcset=\"https:\/\/alminutonoticia.com\/noticias\/wp-content\/uploads\/2023\/03\/WhatsApp-Image-2023-03-30-at-12.42.34-PM-1.jpeg 1024w, https:\/\/alminutonoticia.com\/noticias\/wp-content\/uploads\/2023\/03\/WhatsApp-Image-2023-03-30-at-12.42.34-PM-1-300x200.jpeg 300w, https:\/\/alminutonoticia.com\/noticias\/wp-content\/uploads\/2023\/03\/WhatsApp-Image-2023-03-30-at-12.42.34-PM-1-768x512.jpeg 768w\" sizes=\"(max-width: 1024px) 100vw, 1024px\" \/><\/a><\/figure>\n\n\n\n<figure class=\"wp-block-image size-full\"><a href=\"https:\/\/alminutonoticia.com\/noticias\/wp-content\/uploads\/2023\/03\/WhatsApp-Image-2023-03-30-at-12.42.33-PM.jpeg\"><img loading=\"lazy\" decoding=\"async\" width=\"1024\" height=\"682\" src=\"https:\/\/alminutonoticia.com\/noticias\/wp-content\/uploads\/2023\/03\/WhatsApp-Image-2023-03-30-at-12.42.33-PM.jpeg\" alt=\"\" class=\"wp-image-2170\" title=\"\" srcset=\"https:\/\/alminutonoticia.com\/noticias\/wp-content\/uploads\/2023\/03\/WhatsApp-Image-2023-03-30-at-12.42.33-PM.jpeg 1024w, https:\/\/alminutonoticia.com\/noticias\/wp-content\/uploads\/2023\/03\/WhatsApp-Image-2023-03-30-at-12.42.33-PM-300x200.jpeg 300w, https:\/\/alminutonoticia.com\/noticias\/wp-content\/uploads\/2023\/03\/WhatsApp-Image-2023-03-30-at-12.42.33-PM-768x512.jpeg 768w\" sizes=\"(max-width: 1024px) 100vw, 1024px\" \/><\/a><\/figure>\n","protected":false},"excerpt":{"rendered":"<p>Con la participaci\u00f3n de m\u00e1s de 200 moradores de las comunidades aleda\u00f1as a la mina Cobre Panam\u00e1, autoridades locales y l\u00edderes comunitarios, el Ministerio de Comercio e Industrias (MICI), a trav\u00e9s de la Direcci\u00f3n Nacional de Recursos Minerales, desarroll\u00f3 este jueves una consulta p\u00fablica sobre el proyecto de contrato de concesi\u00f3n entre el Estado y [&hellip;]<\/p>\n","protected":false},"author":3,"featured_media":2170,"comment_status":"open","ping_status":"open","sticky":false,"template":"","format":"standard","meta":{"footnotes":""},"categories":[38,39,36],"tags":[],"class_list":["post-2166","post","type-post","status-publish","format-standard","has-post-thumbnail","hentry","category-economia","category-internacionales","category-nacionales"],"_links":{"self":[{"href":"https:\/\/alminutonoticia.com\/noticias\/wp-json\/wp\/v2\/posts\/2166","targetHints":{"allow":["GET"]}}],"collection":[{"href":"https:\/\/alminutonoticia.com\/noticias\/wp-json\/wp\/v2\/posts"}],"about":[{"href":"https:\/\/alminutonoticia.com\/noticias\/wp-json\/wp\/v2\/types\/post"}],"author":[{"embeddable":true,"href":"https:\/\/alminutonoticia.com\/noticias\/wp-json\/wp\/v2\/users\/3"}],"replies":[{"embeddable":true,"href":"https:\/\/alminutonoticia.com\/noticias\/wp-json\/wp\/v2\/comments?post=2166"}],"version-history":[{"count":1,"href":"https:\/\/alminutonoticia.com\/noticias\/wp-json\/wp\/v2\/posts\/2166\/revisions"}],"predecessor-version":[{"id":2171,"href":"https:\/\/alminutonoticia.com\/noticias\/wp-json\/wp\/v2\/posts\/2166\/revisions\/2171"}],"wp:featuredmedia":[{"embeddable":true,"href":"https:\/\/alminutonoticia.com\/noticias\/wp-json\/wp\/v2\/media\/2170"}],"wp:attachment":[{"href":"https:\/\/alminutonoticia.com\/noticias\/wp-json\/wp\/v2\/media?parent=2166"}],"wp:term":[{"taxonomy":"category","embeddable":true,"href":"https:\/\/alminutonoticia.com\/noticias\/wp-json\/wp\/v2\/categories?post=2166"},{"taxonomy":"post_tag","embeddable":true,"href":"https:\/\/alminutonoticia.com\/noticias\/wp-json\/wp\/v2\/tags?post=2166"}],"curies":[{"name":"wp","href":"https:\/\/api.w.org\/{rel}","templated":true}]}}