{"id":2143,"date":"2023-03-29T14:07:28","date_gmt":"2023-03-29T14:07:28","guid":{"rendered":"https:\/\/alminutonoticia.com\/noticias\/?p=2143"},"modified":"2023-03-29T14:07:29","modified_gmt":"2023-03-29T14:07:29","slug":"prabhakar-sharan-primer-actor-hindu-latinomericano-busca-fortalecer-la-industria-del-cine-con-bollywood-en-panama","status":"publish","type":"post","link":"https:\/\/alminutonoticia.com\/noticias\/prabhakar-sharan-primer-actor-hindu-latinomericano-busca-fortalecer-la-industria-del-cine-con-bollywood-en-panama\/","title":{"rendered":"Prabhakar Sharan, primer actor hind\u00fa latinomericano, busca fortalecer la industria del cine con Bollywood en Panam\u00e1"},"content":{"rendered":"\n<p>El empresario y cineasta de origen hind\u00fa Prabhakar Sharan, anunci\u00f3 que la casa productora de pel\u00edculas m\u00e1s grande del mundo BOLLYWOOD ya tiene su equipo de producci\u00f3n en Costa Rica y realiza los tr\u00e1mites correspondientes para llegar a Panam\u00e1 e iniciar las filmaciones de su primera pel\u00edcula, con talentos paname\u00f1os y de la regi\u00f3n.<\/p>\n\n\n\n<p>Sharan que estuvo acompa\u00f1ado por Upender Singh Rawat, Embajador de la India para Panam\u00e1, Costa Rica y Nicaragua; Asim Kumar, Agregado Comercial de la Embajada India, M\u00f3nica Vaswani, Secretaria de la Embajada, entre otros distinguidos invitados, agradeci\u00f3 al pueblo paname\u00f1o la oportunidad de concretar un sue\u00f1o como es el de hacer cine en este pa\u00eds.<\/p>\n\n\n\n<p>Entre los destacados representantes de Bollywood que est\u00e1n en suelo tico mencion\u00f3 a Rohit Chaudhury Bahul (Productor), Manish Mishra (Productor Ejecutivo), Suresh Tehchandani (Co productor Ejecutivo), Rajiv Verma (Director), Megha Namdev Verma (Directora Asistente), bajo la asesor\u00eda de la prominente educadora y directora de la Universidad Castro Carazo de Paso Canoas Teresa Rodr\u00edguez Cerdas, quien fue la productora de la primera pel\u00edcula estilo Bollywood en Latinoam\u00e9rica.<\/p>\n\n\n\n<p>Explic\u00f3 que ha sido un a\u00f1o de arduo trabajo preparatorio con todo el equipo t\u00e9cnico y de producci\u00f3n de Bollywood hasta concretar este proyecto f\u00edlmico y poder compartir la buena noticia que hoy se comparte aqu\u00ed con el pueblo paname\u00f1o desde esta importante vitrina que es Expocomer.<\/p>\n\n\n\n<p>\u201cPor segundo a\u00f1o consecutivo nuestra empresa Pacific Investment Corporation se complace en formar parte de esta gran ventana comercial trayendo empresas de la India y desarrollando una s\u00f3lida alianza entre Am\u00e9rica Latina e India, abriendo, a trav\u00e9s de Expocomer, un nuevo camino para desarrollar la producci\u00f3n cine en este Pa\u00eds\u201d, se\u00f1al\u00f3 Sharan.<\/p>\n\n\n\n<p>Sostuvo que por m\u00e1s de 15 a\u00f1os ha fortalecido la relaci\u00f3n comercial con su pa\u00eds de origen, y sobre todo, con base en Panam\u00e1 y Costa Rica, ha desarrollado cine, cultura y educaci\u00f3n superior de la mano con las empresas m\u00e1s importantes de Bollywood, que hoy ven una oportunidad en esta regi\u00f3n para expandir su industria cinematogr\u00e1fica.<\/p>\n\n\n\n<p>En este marco, Sharan inform\u00f3 que la primera pel\u00edcula que filmar\u00e1 en suelo paname\u00f1o y Costa Rica se llama \u201cMonteverde Bravery\u201d, una adaptaci\u00f3n del libro \u201cA Mano Armada\u201d del escritor tico Huanelgue Guti\u00e9rrez, ex oficial de la Unidad Especial de Intervenciones de Costa Rica, basado en un hecho real, pel\u00edcula que abordar\u00e1 el respeto a la fuerza p\u00fablica, su arduo trabajo, entrenamiento y sacrificio diario para la protecci\u00f3n ciudadana de su pueblo, que se plantea para todos los pa\u00edses de la regi\u00f3n, destacando su valor y hero\u00edsmo.<\/p>\n\n\n\n<p>\u201cCreo que los j\u00f3venes hoy necesitan h\u00e9roes reales, h\u00e9roes que le sirvan de referencia y sean ejemplos e inspiraci\u00f3n, y nuestra primera pel\u00edcula busca resaltar esos valores en la historia de un oficial de polic\u00eda que estamos seguro ser\u00e1 de gran impacto f\u00edlmico y social\u201d, detall\u00f3 el empresario.<\/p>\n\n\n\n<p>Sharan sostuvo que espera todo el apoyo del gobierno paname\u00f1o y sus instituciones en cuanto a los tr\u00e1mites y procedimientos para contar con el aval que se requiere para un mega proyecto como este, y cumplido los requerimientos espera iniciar la producci\u00f3n a finales del pr\u00f3ximo mes de mayo.<\/p>\n\n\n\n<p>Durante la conferencia, Prabhakhar Sharan, tambi\u00e9n inform\u00f3 que la obra \u201cHer\u00f3icas al Ind\u00f3mito Urrac\u00e1\u201d, del escritor paname\u00f1o y Alcalde de Santiago de Veraguas, Samid Sandoval, ser\u00e1 llevada al cine como la segunda producci\u00f3n en Panam\u00e1 despu\u00e9s de Monteverde Bravery, con el sello de Bollywood.<\/p>\n\n\n\n<p>\u201cLa historia del cacique y h\u00e9roe ind\u00edgena paname\u00f1o Urrac\u00e1 que describe con maestr\u00eda el escritor Samid Sandoval en esta gran epopeya de Am\u00e9rica me impact\u00f3 mucho, como tambi\u00e9n a los productores de Bollywood y hemos hecho los acercamientos correspondientes con el Alcalde Sandoval no solo para hacer la pel\u00edcula sino que tambi\u00e9n sirva de base para desarrollar cine este pa\u00eds y en la regi\u00f3n, trabajando de cerca con el talento y la creatividad local que hoy se destaca con este reconocido funcionario de gobierno\u201d, sostuvo Sharan.<\/p>\n\n\n\n<p>Finalmente, el empresario tambi\u00e9n destac\u00f3 que adem\u00e1s de su trabajo y pasi\u00f3n por el cine, su empresa Pacific Investment Corporation est\u00e1 brindando los servicios en el campo de la educaci\u00f3n superior, movilidad el\u00e9ctrica y el desarrollo de la nanotecnolog\u00eda agr\u00edcola \u00fanica en el mundo con el apoyo del gobierno de la India, habiendo concretado ya varios contratos de representaci\u00f3n a nivel internacional, con un aporte importante a la econom\u00eda paname\u00f1a.<\/p>\n\n\n\n<figure class=\"wp-block-image size-full\"><a href=\"https:\/\/alminutonoticia.com\/noticias\/wp-content\/uploads\/2023\/03\/WhatsApp-Image-2023-03-28-at-7.15.40-PM-1.jpeg\"><img fetchpriority=\"high\" decoding=\"async\" width=\"944\" height=\"708\" src=\"https:\/\/alminutonoticia.com\/noticias\/wp-content\/uploads\/2023\/03\/WhatsApp-Image-2023-03-28-at-7.15.40-PM-1.jpeg\" alt=\"\" class=\"wp-image-2144\" title=\"\" srcset=\"https:\/\/alminutonoticia.com\/noticias\/wp-content\/uploads\/2023\/03\/WhatsApp-Image-2023-03-28-at-7.15.40-PM-1.jpeg 944w, https:\/\/alminutonoticia.com\/noticias\/wp-content\/uploads\/2023\/03\/WhatsApp-Image-2023-03-28-at-7.15.40-PM-1-300x225.jpeg 300w, https:\/\/alminutonoticia.com\/noticias\/wp-content\/uploads\/2023\/03\/WhatsApp-Image-2023-03-28-at-7.15.40-PM-1-768x576.jpeg 768w\" sizes=\"(max-width: 944px) 100vw, 944px\" \/><\/a><\/figure>\n\n\n\n<figure class=\"wp-block-image size-large\"><a href=\"https:\/\/alminutonoticia.com\/noticias\/wp-content\/uploads\/2023\/03\/WhatsApp-Image-2023-03-28-at-7.15.41-PM-1.jpeg\"><img decoding=\"async\" width=\"1024\" height=\"690\" src=\"https:\/\/alminutonoticia.com\/noticias\/wp-content\/uploads\/2023\/03\/WhatsApp-Image-2023-03-28-at-7.15.41-PM-1-1024x690.jpeg\" alt=\"\" class=\"wp-image-2145\" title=\"\" srcset=\"https:\/\/alminutonoticia.com\/noticias\/wp-content\/uploads\/2023\/03\/WhatsApp-Image-2023-03-28-at-7.15.41-PM-1-1024x690.jpeg 1024w, https:\/\/alminutonoticia.com\/noticias\/wp-content\/uploads\/2023\/03\/WhatsApp-Image-2023-03-28-at-7.15.41-PM-1-300x202.jpeg 300w, https:\/\/alminutonoticia.com\/noticias\/wp-content\/uploads\/2023\/03\/WhatsApp-Image-2023-03-28-at-7.15.41-PM-1-768x517.jpeg 768w, https:\/\/alminutonoticia.com\/noticias\/wp-content\/uploads\/2023\/03\/WhatsApp-Image-2023-03-28-at-7.15.41-PM-1.jpeg 1063w\" sizes=\"(max-width: 1024px) 100vw, 1024px\" \/><\/a><\/figure>\n","protected":false},"excerpt":{"rendered":"<p>El empresario y cineasta de origen hind\u00fa Prabhakar Sharan, anunci\u00f3 que la casa productora de pel\u00edculas m\u00e1s grande del mundo BOLLYWOOD ya tiene su equipo de producci\u00f3n en Costa Rica y realiza los tr\u00e1mites correspondientes para llegar a Panam\u00e1 e iniciar las filmaciones de su primera pel\u00edcula, con talentos paname\u00f1os y de la regi\u00f3n. Sharan [&hellip;]<\/p>\n","protected":false},"author":3,"featured_media":2145,"comment_status":"open","ping_status":"open","sticky":false,"template":"","format":"standard","meta":{"footnotes":""},"categories":[41,39],"tags":[],"class_list":["post-2143","post","type-post","status-publish","format-standard","has-post-thumbnail","hentry","category-cultura-y-farandula","category-internacionales"],"_links":{"self":[{"href":"https:\/\/alminutonoticia.com\/noticias\/wp-json\/wp\/v2\/posts\/2143","targetHints":{"allow":["GET"]}}],"collection":[{"href":"https:\/\/alminutonoticia.com\/noticias\/wp-json\/wp\/v2\/posts"}],"about":[{"href":"https:\/\/alminutonoticia.com\/noticias\/wp-json\/wp\/v2\/types\/post"}],"author":[{"embeddable":true,"href":"https:\/\/alminutonoticia.com\/noticias\/wp-json\/wp\/v2\/users\/3"}],"replies":[{"embeddable":true,"href":"https:\/\/alminutonoticia.com\/noticias\/wp-json\/wp\/v2\/comments?post=2143"}],"version-history":[{"count":1,"href":"https:\/\/alminutonoticia.com\/noticias\/wp-json\/wp\/v2\/posts\/2143\/revisions"}],"predecessor-version":[{"id":2146,"href":"https:\/\/alminutonoticia.com\/noticias\/wp-json\/wp\/v2\/posts\/2143\/revisions\/2146"}],"wp:featuredmedia":[{"embeddable":true,"href":"https:\/\/alminutonoticia.com\/noticias\/wp-json\/wp\/v2\/media\/2145"}],"wp:attachment":[{"href":"https:\/\/alminutonoticia.com\/noticias\/wp-json\/wp\/v2\/media?parent=2143"}],"wp:term":[{"taxonomy":"category","embeddable":true,"href":"https:\/\/alminutonoticia.com\/noticias\/wp-json\/wp\/v2\/categories?post=2143"},{"taxonomy":"post_tag","embeddable":true,"href":"https:\/\/alminutonoticia.com\/noticias\/wp-json\/wp\/v2\/tags?post=2143"}],"curies":[{"name":"wp","href":"https:\/\/api.w.org\/{rel}","templated":true}]}}