{"id":2137,"date":"2023-03-29T14:04:31","date_gmt":"2023-03-29T14:04:31","guid":{"rendered":"https:\/\/alminutonoticia.com\/noticias\/?p=2137"},"modified":"2023-03-29T14:04:32","modified_gmt":"2023-03-29T14:04:32","slug":"sector-privado-ha-sido-clave-en-crecimiento-economico-del-pais","status":"publish","type":"post","link":"https:\/\/alminutonoticia.com\/noticias\/sector-privado-ha-sido-clave-en-crecimiento-economico-del-pais\/","title":{"rendered":"Sector privado ha sido clave en crecimiento econ\u00f3mico del pa\u00eds"},"content":{"rendered":"\n<p>El presidente de la Rep\u00fablica, Laurentino Cortizo Cohen, inaugur\u00f3 Expocomer, Expo Log\u00edstica Panam\u00e1 y Expo Turismo Internacional, tres eventos que buscan fortalecer los negocios y promover el intercambio comercial entre los sectores empresariales de Am\u00e9rica, el Caribe, Europa, \u00c1frica y Asia, actividad organizada por la C\u00e1mara de Comercio, Industrias y Agricultura de Panam\u00e1 (CCIAP).<\/p>\n\n\n\n<p>El mandatario Cortizo Cohen manifest\u00f3 que esta vitrina del comercio mundial es otro impulso hacia la consolidaci\u00f3n de la econom\u00eda de nuestro pa\u00eds que el a\u00f1o pasado tuvo un crecimiento del 10.8%, superando todas las proyecciones de instituciones locales y organismos internacionales. \u201cEs el resultado del trabajo conjunto de todos los paname\u00f1os, poni\u00e9ndonos de acuerdo, creando consensos, trabajando hombro a hombro, unidos, para propiciar oportunidades, optimizar la producci\u00f3n y maximizar el rendimiento\u201d, puntualiz\u00f3 el gobernante.<\/p>\n\n\n\n<p>El jefe del Ejecutivo resalt\u00f3 que, en visita reciente a nuestro pa\u00eds, el presidente del Banco Interamericano de Desarrollo (BID), Ilan Goldfajn, elogi\u00f3 el impresionante desempe\u00f1o econ\u00f3mico de Panam\u00e1 a lo largo del tiempo, cit\u00e1ndolo como un ejemplo de superaci\u00f3n de dificultades y como un modelo para la regi\u00f3n.<\/p>\n\n\n\n<p>\u201cEl sector privado, la inversi\u00f3n y el desarrollo de nuevos negocios han sido factores claves de ese \u00e9xito al que nuestra administraci\u00f3n ha contribuido con la formulaci\u00f3n de pol\u00edticas p\u00fablicas, programas y acciones que aseguren su efectividad como aporte al crecimiento econ\u00f3mico y al desarrollo humano integral en nuestro pa\u00eds\u201d, manifest\u00f3 Cortizo Cohen.<\/p>\n\n\n\n<p>Resalt\u00f3 que el Gobierno ha hecho un gran esfuerzo para la promoci\u00f3n internacional del pa\u00eds mediante un trabajo conjunto del Ministerio de Comercio e Industrias (MICI) y la agencia ProPanam\u00e1 para atraer inversionistas. \u201cComo resultado de esas iniciativas, hemos logrado que importantes empresas internacionales inicien actividades en nuestro pa\u00eds, entre ellas nombres como Tesla, Meta, Spacex, logrando alianzas estrat\u00e9gicas para diversos proyectos que ya est\u00e1n en ejecuci\u00f3n\u201d, a\u00f1adi\u00f3.<\/p>\n\n\n\n<p>El mandatario Cortizo Cohen resalt\u00f3 que hace algunas semanas se hizo el lanzamiento oficial de datos en las \u00c1reas de Oportunidades de Inversi\u00f3n para Panam\u00e1 dentro de la plataforma SDG Investor Map, una iniciativa global del Programa de las Naciones Unidas para el Desarrollo (PNUD) que tiene el prop\u00f3sito de identificar \u00e1reas con potencial de inversi\u00f3n por parte del sector privado.<\/p>\n\n\n\n<p>\u201cNuestro pa\u00eds participa tambi\u00e9n en iniciativas regionales como la Alianza para el Desarrollo en Democracia y la American Partnership for Economic Prosperity, que ofrecen oportunidades para la atracci\u00f3n de inversiones aprovechando nuestras ventajas comparativas y competitivas en el sector log\u00edstico y para impulsar otros sectores como la industria\u201d, acot\u00f3 el mandatario.<\/p>\n\n\n\n<p>Cortizo Cohen reiter\u00f3 que en todos estos logros ha sido clave la estrecha colaboraci\u00f3n que mantiene el Gobierno Nacional con el sector productivo, en un esfuerzo permanente por construir consensos, generando espacios para la cooperaci\u00f3n, creando oportunidades para el aporte de ideas y propuestas concretas para continuar creciendo como pa\u00eds y construir un mejor futuro en beneficio de todos.<\/p>\n\n\n\n<p>Tambi\u00e9n aprovech\u00f3 la oportunidad para reafirmar su compromiso de continuar tendiendo puentes de colaboraci\u00f3n que nos permitan convertir nuestros grandes sue\u00f1os en realidades tangibles para la prosperidad y el bienestar de todos los paname\u00f1os.<\/p>\n\n\n\n<p>Por su parte, la vicepresidenta de la Rep\u00fablica Dominicana, Raquel Pe\u00f1a, invitada especial, fue la oradora de fondo en el acto inaugural.<\/p>\n\n\n\n<p>Pe\u00f1a destac\u00f3 que Panam\u00e1 se ha superado a s\u00ed misma y el resultado es el cat\u00e1logo de innovaci\u00f3n y adaptaci\u00f3n a nuevos tiempos, ya que esta feria refleja los cambios que acusa el comercio internacional.<\/p>\n\n\n\n<p>Tambi\u00e9n destac\u00f3 el proceso de vacunaci\u00f3n, que permiti\u00f3 que se reactivara el sector turismo en su pa\u00eds.<\/p>\n\n\n\n<p>La vicepresidenta de Rep\u00fablica Dominicana tambi\u00e9n resalt\u00f3 la importancia de la Alianza para el Desarrollo en Democracia y manifest\u00f3 el inter\u00e9s del presidente Luis Abinader en fortalecer los lazos con Panam\u00e1.<\/p>\n\n\n\n<p>Con este evento ferial, Panam\u00e1 refuerza su liderazgo como anfitri\u00f3n de eventos internacionales de alto nivel.<\/p>\n\n\n\n<p>Miles de visitantes nacionales e internacionales de m\u00e1s de 600 empresas provenientes de alrededor de 30 pa\u00edses buscar\u00e1n fortalecer sus negocios y promover los contactos de negocios y el intercambio comercial entre la regi\u00f3n.<\/p>\n\n\n\n<p>Marcela Galindo, presidenta de la CCIAP, dio la bienvenida a todos los presentes y aprovech\u00f3 la ocasi\u00f3n para destacar que eventos como este son una muestra de que se puede trabajar de forma conjunta.<\/p>\n\n\n\n<p>\u201cExpocomer, Expo Log\u00edstica Panam\u00e1 y Expo Turismo internacional son iniciativas comerciales emblem\u00e1ticas del esfuerzo emprendedor privado de Panam\u00e1 que, a\u00f1o tras a\u00f1o, confirma la centenaria vocaci\u00f3n de nuestro pa\u00eds de aproximar a los pueblos del mundo, bajo el anhelo com\u00fan de la prosperidad y la paz de la mano del intercambio comercial entre todos ellos\u201d, destac\u00f3 Galindo.<\/p>\n\n\n\n<p><br>Acompa\u00f1aron al presidente Cortizo Cohen, el titular del MICI, Federico Alfaro Boyd; la vicepresidenta de la Rep\u00fablica Dominicana, Raquel Pe\u00f1a; la presidenta de CCIAP, Marcela Galindo; el presidente de Exposiciones y Eventos, Jean Pierre Leignadier, entre otras autoridades e invitados.<\/p>\n\n\n\n<figure class=\"wp-block-image size-full\"><a href=\"https:\/\/alminutonoticia.com\/noticias\/wp-content\/uploads\/2023\/03\/WhatsApp-Image-2023-03-28-at-1.30.54-PM.jpeg\"><img fetchpriority=\"high\" decoding=\"async\" width=\"1024\" height=\"683\" src=\"https:\/\/alminutonoticia.com\/noticias\/wp-content\/uploads\/2023\/03\/WhatsApp-Image-2023-03-28-at-1.30.54-PM.jpeg\" alt=\"\" class=\"wp-image-2138\" title=\"\" srcset=\"https:\/\/alminutonoticia.com\/noticias\/wp-content\/uploads\/2023\/03\/WhatsApp-Image-2023-03-28-at-1.30.54-PM.jpeg 1024w, https:\/\/alminutonoticia.com\/noticias\/wp-content\/uploads\/2023\/03\/WhatsApp-Image-2023-03-28-at-1.30.54-PM-300x200.jpeg 300w, https:\/\/alminutonoticia.com\/noticias\/wp-content\/uploads\/2023\/03\/WhatsApp-Image-2023-03-28-at-1.30.54-PM-768x512.jpeg 768w\" sizes=\"(max-width: 1024px) 100vw, 1024px\" \/><\/a><\/figure>\n\n\n\n<figure class=\"wp-block-image size-full\"><a href=\"https:\/\/alminutonoticia.com\/noticias\/wp-content\/uploads\/2023\/03\/WhatsApp-Image-2023-03-28-at-1.30.55-PM.jpeg\"><img decoding=\"async\" width=\"1024\" height=\"683\" src=\"https:\/\/alminutonoticia.com\/noticias\/wp-content\/uploads\/2023\/03\/WhatsApp-Image-2023-03-28-at-1.30.55-PM.jpeg\" alt=\"\" class=\"wp-image-2139\" title=\"\" srcset=\"https:\/\/alminutonoticia.com\/noticias\/wp-content\/uploads\/2023\/03\/WhatsApp-Image-2023-03-28-at-1.30.55-PM.jpeg 1024w, https:\/\/alminutonoticia.com\/noticias\/wp-content\/uploads\/2023\/03\/WhatsApp-Image-2023-03-28-at-1.30.55-PM-300x200.jpeg 300w, https:\/\/alminutonoticia.com\/noticias\/wp-content\/uploads\/2023\/03\/WhatsApp-Image-2023-03-28-at-1.30.55-PM-768x512.jpeg 768w\" sizes=\"(max-width: 1024px) 100vw, 1024px\" \/><\/a><\/figure>\n\n\n\n<figure class=\"wp-block-image size-full\"><a href=\"https:\/\/alminutonoticia.com\/noticias\/wp-content\/uploads\/2023\/03\/WhatsApp-Image-2023-03-28-at-1.30.55-PM-1.jpeg\"><img decoding=\"async\" width=\"1024\" height=\"683\" src=\"https:\/\/alminutonoticia.com\/noticias\/wp-content\/uploads\/2023\/03\/WhatsApp-Image-2023-03-28-at-1.30.55-PM-1.jpeg\" alt=\"\" class=\"wp-image-2140\" title=\"\" srcset=\"https:\/\/alminutonoticia.com\/noticias\/wp-content\/uploads\/2023\/03\/WhatsApp-Image-2023-03-28-at-1.30.55-PM-1.jpeg 1024w, https:\/\/alminutonoticia.com\/noticias\/wp-content\/uploads\/2023\/03\/WhatsApp-Image-2023-03-28-at-1.30.55-PM-1-300x200.jpeg 300w, https:\/\/alminutonoticia.com\/noticias\/wp-content\/uploads\/2023\/03\/WhatsApp-Image-2023-03-28-at-1.30.55-PM-1-768x512.jpeg 768w\" sizes=\"(max-width: 1024px) 100vw, 1024px\" \/><\/a><\/figure>\n\n\n\n<figure class=\"wp-block-image size-full\"><a href=\"https:\/\/alminutonoticia.com\/noticias\/wp-content\/uploads\/2023\/03\/WhatsApp-Image-2023-03-28-at-1.30.56-PM.jpeg\"><img loading=\"lazy\" decoding=\"async\" width=\"1024\" height=\"683\" src=\"https:\/\/alminutonoticia.com\/noticias\/wp-content\/uploads\/2023\/03\/WhatsApp-Image-2023-03-28-at-1.30.56-PM.jpeg\" alt=\"\" class=\"wp-image-2141\" title=\"\" srcset=\"https:\/\/alminutonoticia.com\/noticias\/wp-content\/uploads\/2023\/03\/WhatsApp-Image-2023-03-28-at-1.30.56-PM.jpeg 1024w, https:\/\/alminutonoticia.com\/noticias\/wp-content\/uploads\/2023\/03\/WhatsApp-Image-2023-03-28-at-1.30.56-PM-300x200.jpeg 300w, https:\/\/alminutonoticia.com\/noticias\/wp-content\/uploads\/2023\/03\/WhatsApp-Image-2023-03-28-at-1.30.56-PM-768x512.jpeg 768w\" sizes=\"(max-width: 1024px) 100vw, 1024px\" \/><\/a><\/figure>\n","protected":false},"excerpt":{"rendered":"<p>El presidente de la Rep\u00fablica, Laurentino Cortizo Cohen, inaugur\u00f3 Expocomer, Expo Log\u00edstica Panam\u00e1 y Expo Turismo Internacional, tres eventos que buscan fortalecer los negocios y promover el intercambio comercial entre los sectores empresariales de Am\u00e9rica, el Caribe, Europa, \u00c1frica y Asia, actividad organizada por la C\u00e1mara de Comercio, Industrias y Agricultura de Panam\u00e1 (CCIAP). El [&hellip;]<\/p>\n","protected":false},"author":3,"featured_media":2141,"comment_status":"open","ping_status":"open","sticky":false,"template":"","format":"standard","meta":{"footnotes":""},"categories":[38,36],"tags":[47,46],"class_list":["post-2137","post","type-post","status-publish","format-standard","has-post-thumbnail","hentry","category-economia","category-nacionales","tag-crecimiento","tag-economia"],"_links":{"self":[{"href":"https:\/\/alminutonoticia.com\/noticias\/wp-json\/wp\/v2\/posts\/2137","targetHints":{"allow":["GET"]}}],"collection":[{"href":"https:\/\/alminutonoticia.com\/noticias\/wp-json\/wp\/v2\/posts"}],"about":[{"href":"https:\/\/alminutonoticia.com\/noticias\/wp-json\/wp\/v2\/types\/post"}],"author":[{"embeddable":true,"href":"https:\/\/alminutonoticia.com\/noticias\/wp-json\/wp\/v2\/users\/3"}],"replies":[{"embeddable":true,"href":"https:\/\/alminutonoticia.com\/noticias\/wp-json\/wp\/v2\/comments?post=2137"}],"version-history":[{"count":1,"href":"https:\/\/alminutonoticia.com\/noticias\/wp-json\/wp\/v2\/posts\/2137\/revisions"}],"predecessor-version":[{"id":2142,"href":"https:\/\/alminutonoticia.com\/noticias\/wp-json\/wp\/v2\/posts\/2137\/revisions\/2142"}],"wp:featuredmedia":[{"embeddable":true,"href":"https:\/\/alminutonoticia.com\/noticias\/wp-json\/wp\/v2\/media\/2141"}],"wp:attachment":[{"href":"https:\/\/alminutonoticia.com\/noticias\/wp-json\/wp\/v2\/media?parent=2137"}],"wp:term":[{"taxonomy":"category","embeddable":true,"href":"https:\/\/alminutonoticia.com\/noticias\/wp-json\/wp\/v2\/categories?post=2137"},{"taxonomy":"post_tag","embeddable":true,"href":"https:\/\/alminutonoticia.com\/noticias\/wp-json\/wp\/v2\/tags?post=2137"}],"curies":[{"name":"wp","href":"https:\/\/api.w.org\/{rel}","templated":true}]}}