{"id":2133,"date":"2023-03-29T13:54:55","date_gmt":"2023-03-29T13:54:55","guid":{"rendered":"https:\/\/alminutonoticia.com\/noticias\/?p=2133"},"modified":"2023-03-29T13:54:56","modified_gmt":"2023-03-29T13:54:56","slug":"suspendido-uso-obligatorio-de-mascarilla-en-transporte-publico","status":"publish","type":"post","link":"https:\/\/alminutonoticia.com\/noticias\/suspendido-uso-obligatorio-de-mascarilla-en-transporte-publico\/","title":{"rendered":"Suspendido uso obligatorio de mascarilla en transporte p\u00fablico"},"content":{"rendered":"\n<p>En Gaceta Oficial fue publicado este lunes, 27 de marzo, el Decreto Ejecutivo No. 21, que ordena levantar el uso obligatorio de mascarillas en los medios de transporte p\u00fablico de pasajeros y se incluyen a las personas dedicadas a la manipulaci\u00f3n y expendi\u00f3 de alimentos.<\/p>\n\n\n\n<p>\u00abLa base legal establece que se mantiene el uso obligatorio de mascarilla en las instalaciones de salud, p\u00fablicas y privadas, donde se brinde la atenci\u00f3n m\u00e9dica a pacientes\u201d, destaca el documento.<\/p>\n\n\n\n<p>Cabe destacar que el decreto ordena levantar la obligaci\u00f3n de contar con el esquema completo de vacunaci\u00f3n con las tres dosis contra el coronavirus, o la presentaci\u00f3n de la prueba (ant\u00edgeno o PCR), con resultado negativo cada 7 d\u00edas, a toda persona que solicite o se le haya expedido el carn\u00e9 blanco y verde.<\/p>\n\n\n\n<p>Por otro lado, a trav\u00e9s de documento se recomienda a la poblaci\u00f3n continuar con el autocuidado, aplicando las medidas de bioseguridad para la prevenci\u00f3n del Covid-19 cuando sean necesarias, principalmente en espacios de riesgo y uso de la poblaci\u00f3n vulnerable o con mayor riesgo a enfermarse gravemente o morir por esta enfermedad.<\/p>\n\n\n\n<p>El Decreto Ejecutivo, estipula que toda persona que se desempe\u00f1e en el territorio nacional como conductor o repartidor a domicilio en servicios de entrega de alimentos, utilizando para ello autom\u00f3viles, motocicletas, motonetas, u otro transporte similar, deber\u00e1 contar con el certificado de buena salud (carn\u00e9 blanco) y el carn\u00e9 de adiestramiento sanitario (carn\u00e9 verde).<\/p>\n\n\n\n<p>Se le exhorta a la poblaci\u00f3n, mantener las medidas de bioseguridad como: el lavado de manos constante y el uso de la mascarilla de forma precautoria, en lugares cerrados, sobre todo, si cuentan con alguna afecci\u00f3n respiratoria.<\/p>\n\n\n\n<p>Paralelamente el MINSA reitera la importancia que la poblaci\u00f3n acuda a vacunarse con el COVID-19 en todos los centros y policentros de salud, al igual que en las policl\u00ednicas de la CSS.<\/p>\n\n\n\n<p>De igual forma se recuerda a la poblaci\u00f3n que de presentar alguna sintomatolog\u00eda relacionada al COVID-19 acudir a realizarse una prueba en las instalaciones sanitarias o en los puntos de hisopados en los Estadio Rod Carew y el Emilio Royo en Juan D\u00edaz.<\/p>\n\n\n\n<figure class=\"wp-block-image size-full\"><a href=\"https:\/\/alminutonoticia.com\/noticias\/wp-content\/uploads\/2023\/03\/WhatsApp-Image-2023-03-27-at-7.56.49-PM-1.jpeg\"><img fetchpriority=\"high\" decoding=\"async\" width=\"310\" height=\"163\" src=\"https:\/\/alminutonoticia.com\/noticias\/wp-content\/uploads\/2023\/03\/WhatsApp-Image-2023-03-27-at-7.56.49-PM-1.jpeg\" alt=\"\" class=\"wp-image-2134\" title=\"\" srcset=\"https:\/\/alminutonoticia.com\/noticias\/wp-content\/uploads\/2023\/03\/WhatsApp-Image-2023-03-27-at-7.56.49-PM-1.jpeg 310w, https:\/\/alminutonoticia.com\/noticias\/wp-content\/uploads\/2023\/03\/WhatsApp-Image-2023-03-27-at-7.56.49-PM-1-300x158.jpeg 300w\" sizes=\"(max-width: 310px) 100vw, 310px\" \/><\/a><\/figure>\n\n\n\n<figure class=\"wp-block-image size-full\"><a href=\"https:\/\/alminutonoticia.com\/noticias\/wp-content\/uploads\/2023\/03\/WhatsApp-Image-2023-03-27-at-7.56.50-PM.jpeg\"><img decoding=\"async\" width=\"1024\" height=\"634\" src=\"https:\/\/alminutonoticia.com\/noticias\/wp-content\/uploads\/2023\/03\/WhatsApp-Image-2023-03-27-at-7.56.50-PM.jpeg\" alt=\"\" class=\"wp-image-2135\" title=\"\" srcset=\"https:\/\/alminutonoticia.com\/noticias\/wp-content\/uploads\/2023\/03\/WhatsApp-Image-2023-03-27-at-7.56.50-PM.jpeg 1024w, https:\/\/alminutonoticia.com\/noticias\/wp-content\/uploads\/2023\/03\/WhatsApp-Image-2023-03-27-at-7.56.50-PM-300x186.jpeg 300w, https:\/\/alminutonoticia.com\/noticias\/wp-content\/uploads\/2023\/03\/WhatsApp-Image-2023-03-27-at-7.56.50-PM-768x476.jpeg 768w\" sizes=\"(max-width: 1024px) 100vw, 1024px\" \/><\/a><\/figure>\n\n\n","protected":false},"excerpt":{"rendered":"<p>En Gaceta Oficial fue publicado este lunes, 27 de marzo, el Decreto Ejecutivo No. 21, que ordena levantar el uso obligatorio de mascarillas en los medios de transporte p\u00fablico de pasajeros y se incluyen a las personas dedicadas a la manipulaci\u00f3n y expendi\u00f3 de alimentos. \u00abLa base legal establece que se mantiene el uso obligatorio [&hellip;]<\/p>\n","protected":false},"author":3,"featured_media":2135,"comment_status":"open","ping_status":"open","sticky":false,"template":"","format":"standard","meta":{"footnotes":""},"categories":[36,45],"tags":[],"class_list":["post-2133","post","type-post","status-publish","format-standard","has-post-thumbnail","hentry","category-nacionales","category-salud"],"_links":{"self":[{"href":"https:\/\/alminutonoticia.com\/noticias\/wp-json\/wp\/v2\/posts\/2133","targetHints":{"allow":["GET"]}}],"collection":[{"href":"https:\/\/alminutonoticia.com\/noticias\/wp-json\/wp\/v2\/posts"}],"about":[{"href":"https:\/\/alminutonoticia.com\/noticias\/wp-json\/wp\/v2\/types\/post"}],"author":[{"embeddable":true,"href":"https:\/\/alminutonoticia.com\/noticias\/wp-json\/wp\/v2\/users\/3"}],"replies":[{"embeddable":true,"href":"https:\/\/alminutonoticia.com\/noticias\/wp-json\/wp\/v2\/comments?post=2133"}],"version-history":[{"count":1,"href":"https:\/\/alminutonoticia.com\/noticias\/wp-json\/wp\/v2\/posts\/2133\/revisions"}],"predecessor-version":[{"id":2136,"href":"https:\/\/alminutonoticia.com\/noticias\/wp-json\/wp\/v2\/posts\/2133\/revisions\/2136"}],"wp:featuredmedia":[{"embeddable":true,"href":"https:\/\/alminutonoticia.com\/noticias\/wp-json\/wp\/v2\/media\/2135"}],"wp:attachment":[{"href":"https:\/\/alminutonoticia.com\/noticias\/wp-json\/wp\/v2\/media?parent=2133"}],"wp:term":[{"taxonomy":"category","embeddable":true,"href":"https:\/\/alminutonoticia.com\/noticias\/wp-json\/wp\/v2\/categories?post=2133"},{"taxonomy":"post_tag","embeddable":true,"href":"https:\/\/alminutonoticia.com\/noticias\/wp-json\/wp\/v2\/tags?post=2133"}],"curies":[{"name":"wp","href":"https:\/\/api.w.org\/{rel}","templated":true}]}}