{"id":2102,"date":"2023-03-29T13:00:25","date_gmt":"2023-03-29T13:00:25","guid":{"rendered":"https:\/\/alminutonoticia.com\/noticias\/?p=2102"},"modified":"2023-03-29T13:00:26","modified_gmt":"2023-03-29T13:00:26","slug":"escritores-independientes-exponen-sus-obras","status":"publish","type":"post","link":"https:\/\/alminutonoticia.com\/noticias\/escritores-independientes-exponen-sus-obras\/","title":{"rendered":"Escritores independientes exponen sus obras"},"content":{"rendered":"\n<p>Unos 16 afiliados a Escritores Independientes de Panama (Einpa) participaron del V Festival del Escritor Paname\u00f1o y Versos Bajo del Arco, en la que trabajaron en la organizaci\u00f3n Einpa, el Ministerio de Cultura (Micultura) y Panam\u00e1 Po\u00e9tico, con el fin de resaltar las letras locales.<\/p>\n\n\n\n<p><br>Extranjeros y paname\u00f1os disfrutaron de presentaciones de obras, lecturas de poemas y fragmento dramatizados del Principito por Manuel Paz y un grupo de ni\u00f1os, la participaci\u00f3n de Carlos Fong (cuenta cuentos), conversatorios, canto, ventas de artesan\u00edas m\u00e1s gastronom\u00eda.<\/p>\n\n\n\n<p><br>Los integrantes de Einpa tambi\u00e9n expusieron sus obras como novelas negras, romance, policiacas, poemas, relatos, motivaci\u00f3n y un sinn\u00famero de libros de autores del istmo, mientras que el evento cerr\u00f3 con un recital po\u00e9tico.<\/p>\n\n\n\n<p><br>Einpa es una organizaci\u00f3n sin fines de lucro que tiene como norte la difusi\u00f3n de la literatura e impulsar la lectura en todo el pa\u00eds.<\/p>\n\n\n\n<figure class=\"wp-block-image size-large\"><a href=\"https:\/\/alminutonoticia.com\/noticias\/wp-content\/uploads\/2023\/03\/WhatsApp-Image-2023-03-28-at-6.11.03-PM.jpeg\"><img fetchpriority=\"high\" decoding=\"async\" width=\"1024\" height=\"577\" src=\"https:\/\/alminutonoticia.com\/noticias\/wp-content\/uploads\/2023\/03\/WhatsApp-Image-2023-03-28-at-6.11.03-PM-1024x577.jpeg\" alt=\"\" class=\"wp-image-2103\" title=\"\" srcset=\"https:\/\/alminutonoticia.com\/noticias\/wp-content\/uploads\/2023\/03\/WhatsApp-Image-2023-03-28-at-6.11.03-PM-1024x577.jpeg 1024w, https:\/\/alminutonoticia.com\/noticias\/wp-content\/uploads\/2023\/03\/WhatsApp-Image-2023-03-28-at-6.11.03-PM-300x169.jpeg 300w, https:\/\/alminutonoticia.com\/noticias\/wp-content\/uploads\/2023\/03\/WhatsApp-Image-2023-03-28-at-6.11.03-PM-768x432.jpeg 768w, https:\/\/alminutonoticia.com\/noticias\/wp-content\/uploads\/2023\/03\/WhatsApp-Image-2023-03-28-at-6.11.03-PM-1536x865.jpeg 1536w, https:\/\/alminutonoticia.com\/noticias\/wp-content\/uploads\/2023\/03\/WhatsApp-Image-2023-03-28-at-6.11.03-PM.jpeg 1600w\" sizes=\"(max-width: 1024px) 100vw, 1024px\" \/><\/a><\/figure>\n\n\n\n<figure class=\"wp-block-image size-large\"><a href=\"https:\/\/alminutonoticia.com\/noticias\/wp-content\/uploads\/2023\/03\/WhatsApp-Image-2023-03-28-at-6.11.02-PM-1.jpeg\"><img decoding=\"async\" width=\"1024\" height=\"576\" src=\"https:\/\/alminutonoticia.com\/noticias\/wp-content\/uploads\/2023\/03\/WhatsApp-Image-2023-03-28-at-6.11.02-PM-1-1024x576.jpeg\" alt=\"\" class=\"wp-image-2104\" title=\"\" srcset=\"https:\/\/alminutonoticia.com\/noticias\/wp-content\/uploads\/2023\/03\/WhatsApp-Image-2023-03-28-at-6.11.02-PM-1-1024x576.jpeg 1024w, https:\/\/alminutonoticia.com\/noticias\/wp-content\/uploads\/2023\/03\/WhatsApp-Image-2023-03-28-at-6.11.02-PM-1-300x169.jpeg 300w, https:\/\/alminutonoticia.com\/noticias\/wp-content\/uploads\/2023\/03\/WhatsApp-Image-2023-03-28-at-6.11.02-PM-1-768x432.jpeg 768w, https:\/\/alminutonoticia.com\/noticias\/wp-content\/uploads\/2023\/03\/WhatsApp-Image-2023-03-28-at-6.11.02-PM-1-1536x864.jpeg 1536w, https:\/\/alminutonoticia.com\/noticias\/wp-content\/uploads\/2023\/03\/WhatsApp-Image-2023-03-28-at-6.11.02-PM-1.jpeg 1600w\" sizes=\"(max-width: 1024px) 100vw, 1024px\" \/><\/a><\/figure>\n","protected":false},"excerpt":{"rendered":"<p>Unos 16 afiliados a Escritores Independientes de Panama (Einpa) participaron del V Festival del Escritor Paname\u00f1o y Versos Bajo del Arco, en la que trabajaron en la organizaci\u00f3n Einpa, el Ministerio de Cultura (Micultura) y Panam\u00e1 Po\u00e9tico, con el fin de resaltar las letras locales. Extranjeros y paname\u00f1os disfrutaron de presentaciones de obras, lecturas de [&hellip;]<\/p>\n","protected":false},"author":3,"featured_media":2104,"comment_status":"open","ping_status":"open","sticky":false,"template":"","format":"standard","meta":{"footnotes":""},"categories":[41,36],"tags":[],"class_list":["post-2102","post","type-post","status-publish","format-standard","has-post-thumbnail","hentry","category-cultura-y-farandula","category-nacionales"],"_links":{"self":[{"href":"https:\/\/alminutonoticia.com\/noticias\/wp-json\/wp\/v2\/posts\/2102","targetHints":{"allow":["GET"]}}],"collection":[{"href":"https:\/\/alminutonoticia.com\/noticias\/wp-json\/wp\/v2\/posts"}],"about":[{"href":"https:\/\/alminutonoticia.com\/noticias\/wp-json\/wp\/v2\/types\/post"}],"author":[{"embeddable":true,"href":"https:\/\/alminutonoticia.com\/noticias\/wp-json\/wp\/v2\/users\/3"}],"replies":[{"embeddable":true,"href":"https:\/\/alminutonoticia.com\/noticias\/wp-json\/wp\/v2\/comments?post=2102"}],"version-history":[{"count":1,"href":"https:\/\/alminutonoticia.com\/noticias\/wp-json\/wp\/v2\/posts\/2102\/revisions"}],"predecessor-version":[{"id":2105,"href":"https:\/\/alminutonoticia.com\/noticias\/wp-json\/wp\/v2\/posts\/2102\/revisions\/2105"}],"wp:featuredmedia":[{"embeddable":true,"href":"https:\/\/alminutonoticia.com\/noticias\/wp-json\/wp\/v2\/media\/2104"}],"wp:attachment":[{"href":"https:\/\/alminutonoticia.com\/noticias\/wp-json\/wp\/v2\/media?parent=2102"}],"wp:term":[{"taxonomy":"category","embeddable":true,"href":"https:\/\/alminutonoticia.com\/noticias\/wp-json\/wp\/v2\/categories?post=2102"},{"taxonomy":"post_tag","embeddable":true,"href":"https:\/\/alminutonoticia.com\/noticias\/wp-json\/wp\/v2\/tags?post=2102"}],"curies":[{"name":"wp","href":"https:\/\/api.w.org\/{rel}","templated":true}]}}