{"id":2091,"date":"2023-03-25T16:17:32","date_gmt":"2023-03-25T16:17:32","guid":{"rendered":"https:\/\/alminutonoticia.com\/noticias\/?p=2091"},"modified":"2023-03-25T16:17:33","modified_gmt":"2023-03-25T16:17:33","slug":"vicepresidente-arriba-a-santo-domingo-para-representar-a-panama-en-cumbre-iberoamericana","status":"publish","type":"post","link":"https:\/\/alminutonoticia.com\/noticias\/vicepresidente-arriba-a-santo-domingo-para-representar-a-panama-en-cumbre-iberoamericana\/","title":{"rendered":"<strong>Vicepresidente arriba a Santo Domingo para representar a Panam\u00e1 en Cumbre Iberoamericana<\/strong>"},"content":{"rendered":"\n<p>El vicepresidente de la Rep\u00fablica, Jos\u00e9 Gabriel Carrizo Ja\u00e9n, arrib\u00f3 esta ma\u00f1ana a la capital dominicana, Santo Domingo, para representar al presidente Laurentino Cortizo Cohen y a nuestro pa\u00eds en la XXVIII Cumbre Iberoamericana de Jefas y Jefes de Estado y de Gobierno.<\/p>\n\n\n\n<p>En el encuentro que fomenta la cooperaci\u00f3n, la solidaridad y el di\u00e1logo entre las naciones de la regi\u00f3n, Carrizo Ja\u00e9n intervendr\u00e1 en la Primera Sesi\u00f3n de Jefes de Estado y de Gobierno y Jefes de Delegaciones de los pa\u00edses miembros de la Conferencia Iberoamericana, que tendr\u00e1 lugar esta ma\u00f1ana en el Centro de Convenciones del Ministerio de Relaciones Exteriores de Rep\u00fablica Dominicana.<\/p>\n\n\n\n<p>El vicepresidente de la Rep\u00fablica tambi\u00e9n tuvo la oportunidad de saludar a Chris Dodd, asesor Presidencial Especial del presidente Joe Biden para las Am\u00e9ricas, senador con m\u00e1s a\u00f1os de servicio en la historia de Connecticut, y uno de los estadounidenses m\u00e1s influyentes en la banca y los mercados financieros.<\/p>\n\n\n\n<p>Adem\u00e1s del vicepresidente, la comitiva oficial paname\u00f1a en Santo Domingo est\u00e1 integrada por la ministra de Relaciones Exteriores, Janaina Tewaney Mencomo, y el ministro de Comercio e Industrias, Federico Alfaro; los acompa\u00f1a el excanciller de la Rep\u00fablica Jos\u00e9 Miguel Alem\u00e1n.<\/p>\n\n\n\n<figure class=\"wp-block-image size-full\"><a href=\"https:\/\/alminutonoticia.com\/noticias\/wp-content\/uploads\/2023\/03\/WhatsApp-Image-2023-03-25-at-10.27.21-AM.jpeg\"><img fetchpriority=\"high\" decoding=\"async\" width=\"1024\" height=\"683\" src=\"https:\/\/alminutonoticia.com\/noticias\/wp-content\/uploads\/2023\/03\/WhatsApp-Image-2023-03-25-at-10.27.21-AM.jpeg\" alt=\"\" class=\"wp-image-2092\" title=\"\" srcset=\"https:\/\/alminutonoticia.com\/noticias\/wp-content\/uploads\/2023\/03\/WhatsApp-Image-2023-03-25-at-10.27.21-AM.jpeg 1024w, https:\/\/alminutonoticia.com\/noticias\/wp-content\/uploads\/2023\/03\/WhatsApp-Image-2023-03-25-at-10.27.21-AM-300x200.jpeg 300w, https:\/\/alminutonoticia.com\/noticias\/wp-content\/uploads\/2023\/03\/WhatsApp-Image-2023-03-25-at-10.27.21-AM-768x512.jpeg 768w\" sizes=\"(max-width: 1024px) 100vw, 1024px\" \/><\/a><\/figure>\n\n\n\n<figure class=\"wp-block-image size-full\"><a href=\"https:\/\/alminutonoticia.com\/noticias\/wp-content\/uploads\/2023\/03\/WhatsApp-Image-2023-03-25-at-10.27.20-AM-2.jpeg\"><img decoding=\"async\" width=\"1024\" height=\"683\" src=\"https:\/\/alminutonoticia.com\/noticias\/wp-content\/uploads\/2023\/03\/WhatsApp-Image-2023-03-25-at-10.27.20-AM-2.jpeg\" alt=\"\" class=\"wp-image-2093\" title=\"\" srcset=\"https:\/\/alminutonoticia.com\/noticias\/wp-content\/uploads\/2023\/03\/WhatsApp-Image-2023-03-25-at-10.27.20-AM-2.jpeg 1024w, https:\/\/alminutonoticia.com\/noticias\/wp-content\/uploads\/2023\/03\/WhatsApp-Image-2023-03-25-at-10.27.20-AM-2-300x200.jpeg 300w, https:\/\/alminutonoticia.com\/noticias\/wp-content\/uploads\/2023\/03\/WhatsApp-Image-2023-03-25-at-10.27.20-AM-2-768x512.jpeg 768w\" sizes=\"(max-width: 1024px) 100vw, 1024px\" \/><\/a><\/figure>\n\n\n\n<figure class=\"wp-block-image size-full\"><a href=\"https:\/\/alminutonoticia.com\/noticias\/wp-content\/uploads\/2023\/03\/WhatsApp-Image-2023-03-25-at-10.27.20-AM-1.jpeg\"><img decoding=\"async\" width=\"1024\" height=\"683\" src=\"https:\/\/alminutonoticia.com\/noticias\/wp-content\/uploads\/2023\/03\/WhatsApp-Image-2023-03-25-at-10.27.20-AM-1.jpeg\" alt=\"\" class=\"wp-image-2094\" title=\"\" srcset=\"https:\/\/alminutonoticia.com\/noticias\/wp-content\/uploads\/2023\/03\/WhatsApp-Image-2023-03-25-at-10.27.20-AM-1.jpeg 1024w, https:\/\/alminutonoticia.com\/noticias\/wp-content\/uploads\/2023\/03\/WhatsApp-Image-2023-03-25-at-10.27.20-AM-1-300x200.jpeg 300w, https:\/\/alminutonoticia.com\/noticias\/wp-content\/uploads\/2023\/03\/WhatsApp-Image-2023-03-25-at-10.27.20-AM-1-768x512.jpeg 768w\" sizes=\"(max-width: 1024px) 100vw, 1024px\" \/><\/a><\/figure>\n\n\n\n<figure class=\"wp-block-image size-full\"><a href=\"https:\/\/alminutonoticia.com\/noticias\/wp-content\/uploads\/2023\/03\/WhatsApp-Image-2023-03-25-at-10.27.19-AM-1.jpeg\"><img loading=\"lazy\" decoding=\"async\" width=\"1024\" height=\"683\" src=\"https:\/\/alminutonoticia.com\/noticias\/wp-content\/uploads\/2023\/03\/WhatsApp-Image-2023-03-25-at-10.27.19-AM-1.jpeg\" alt=\"\" class=\"wp-image-2095\" title=\"\" srcset=\"https:\/\/alminutonoticia.com\/noticias\/wp-content\/uploads\/2023\/03\/WhatsApp-Image-2023-03-25-at-10.27.19-AM-1.jpeg 1024w, https:\/\/alminutonoticia.com\/noticias\/wp-content\/uploads\/2023\/03\/WhatsApp-Image-2023-03-25-at-10.27.19-AM-1-300x200.jpeg 300w, https:\/\/alminutonoticia.com\/noticias\/wp-content\/uploads\/2023\/03\/WhatsApp-Image-2023-03-25-at-10.27.19-AM-1-768x512.jpeg 768w\" sizes=\"(max-width: 1024px) 100vw, 1024px\" \/><\/a><\/figure>\n\n\n\n<figure class=\"wp-block-image size-full\"><a href=\"https:\/\/alminutonoticia.com\/noticias\/wp-content\/uploads\/2023\/03\/WhatsApp-Image-2023-03-25-at-10.27.19-AM.jpeg\"><img loading=\"lazy\" decoding=\"async\" width=\"1024\" height=\"683\" src=\"https:\/\/alminutonoticia.com\/noticias\/wp-content\/uploads\/2023\/03\/WhatsApp-Image-2023-03-25-at-10.27.19-AM.jpeg\" alt=\"\" class=\"wp-image-2096\" title=\"\" srcset=\"https:\/\/alminutonoticia.com\/noticias\/wp-content\/uploads\/2023\/03\/WhatsApp-Image-2023-03-25-at-10.27.19-AM.jpeg 1024w, https:\/\/alminutonoticia.com\/noticias\/wp-content\/uploads\/2023\/03\/WhatsApp-Image-2023-03-25-at-10.27.19-AM-300x200.jpeg 300w, https:\/\/alminutonoticia.com\/noticias\/wp-content\/uploads\/2023\/03\/WhatsApp-Image-2023-03-25-at-10.27.19-AM-768x512.jpeg 768w\" sizes=\"(max-width: 1024px) 100vw, 1024px\" \/><\/a><\/figure>\n","protected":false},"excerpt":{"rendered":"<p>El vicepresidente de la Rep\u00fablica, Jos\u00e9 Gabriel Carrizo Ja\u00e9n, arrib\u00f3 esta ma\u00f1ana a la capital dominicana, Santo Domingo, para representar al presidente Laurentino Cortizo Cohen y a nuestro pa\u00eds en la XXVIII Cumbre Iberoamericana de Jefas y Jefes de Estado y de Gobierno. En el encuentro que fomenta la cooperaci\u00f3n, la solidaridad y el di\u00e1logo [&hellip;]<\/p>\n","protected":false},"author":3,"featured_media":2095,"comment_status":"open","ping_status":"open","sticky":false,"template":"","format":"standard","meta":{"footnotes":""},"categories":[39,36],"tags":[],"class_list":["post-2091","post","type-post","status-publish","format-standard","has-post-thumbnail","hentry","category-internacionales","category-nacionales"],"_links":{"self":[{"href":"https:\/\/alminutonoticia.com\/noticias\/wp-json\/wp\/v2\/posts\/2091","targetHints":{"allow":["GET"]}}],"collection":[{"href":"https:\/\/alminutonoticia.com\/noticias\/wp-json\/wp\/v2\/posts"}],"about":[{"href":"https:\/\/alminutonoticia.com\/noticias\/wp-json\/wp\/v2\/types\/post"}],"author":[{"embeddable":true,"href":"https:\/\/alminutonoticia.com\/noticias\/wp-json\/wp\/v2\/users\/3"}],"replies":[{"embeddable":true,"href":"https:\/\/alminutonoticia.com\/noticias\/wp-json\/wp\/v2\/comments?post=2091"}],"version-history":[{"count":1,"href":"https:\/\/alminutonoticia.com\/noticias\/wp-json\/wp\/v2\/posts\/2091\/revisions"}],"predecessor-version":[{"id":2097,"href":"https:\/\/alminutonoticia.com\/noticias\/wp-json\/wp\/v2\/posts\/2091\/revisions\/2097"}],"wp:featuredmedia":[{"embeddable":true,"href":"https:\/\/alminutonoticia.com\/noticias\/wp-json\/wp\/v2\/media\/2095"}],"wp:attachment":[{"href":"https:\/\/alminutonoticia.com\/noticias\/wp-json\/wp\/v2\/media?parent=2091"}],"wp:term":[{"taxonomy":"category","embeddable":true,"href":"https:\/\/alminutonoticia.com\/noticias\/wp-json\/wp\/v2\/categories?post=2091"},{"taxonomy":"post_tag","embeddable":true,"href":"https:\/\/alminutonoticia.com\/noticias\/wp-json\/wp\/v2\/tags?post=2091"}],"curies":[{"name":"wp","href":"https:\/\/api.w.org\/{rel}","templated":true}]}}