{"id":20569,"date":"2026-09-04T14:02:38","date_gmt":"2026-09-04T14:02:38","guid":{"rendered":"https:\/\/alminutonoticia.com\/noticias\/?p=20569"},"modified":"2026-09-04T14:02:40","modified_gmt":"2026-09-04T14:02:40","slug":"umip-fortalece-vinculos-de-cooperacion-con-oldendorff-y-amplia-oportunidades-para-sus-cadetes-y-graduados","status":"publish","type":"post","link":"https:\/\/alminutonoticia.com\/noticias\/umip-fortalece-vinculos-de-cooperacion-con-oldendorff-y-amplia-oportunidades-para-sus-cadetes-y-graduados\/","title":{"rendered":"UMIP fortalece v\u00ednculos de cooperaci\u00f3n con Oldendorff y ampl\u00eda oportunidades para sus cadetes y graduados"},"content":{"rendered":"\n<p class=\"wp-block-paragraph\">La Universidad Mar\u00edtima Internacional de Panam\u00e1 (UMIP), contin\u00faa fortaleciendo sus v\u00ednculos con importantes empresas de la industria mar\u00edtima internacional. En este marco, una delegaci\u00f3n de la Universidad sostuvo un encuentro con representantes de Oldendorff, con el objetivo de consolidar la cooperaci\u00f3n y ampliar las oportunidades de formaci\u00f3n y empleo para sus estudiantes y graduados.<\/p>\n\n\n\n<p class=\"wp-block-paragraph\">Actualmente, 15 cadetes paname\u00f1os de la UMIP realizan su formaci\u00f3n a bordo de embarcaciones de Oldendorff, experiencia que constituye un componente fundamental de su preparaci\u00f3n profesional. Durante la reuni\u00f3n, representantes de la compa\u00f1\u00eda compartieron sus impresiones sobre el desempe\u00f1o y la experiencia de los cadetes a bordo, y manifestaron su inter\u00e9s en continuar ampliando los espacios de formaci\u00f3n para estudiantes de la Universidad.<\/p>\n\n\n\n<p class=\"wp-block-paragraph\">Asimismo, Oldendorff reafirm\u00f3 su disposici\u00f3n de generar nuevas oportunidades laborales para oficiales graduados de la UMIP, fortaleciendo as\u00ed la conexi\u00f3n entre la formaci\u00f3n acad\u00e9mica y las necesidades del mercado mar\u00edtimo internacional.<\/p>\n\n\n\n<p class=\"wp-block-paragraph\">Durante el encuentro tambi\u00e9n se abordaron las iniciativas de la compa\u00f1\u00eda en materia de inclusi\u00f3n, igualdad y equidad de g\u00e9nero, destacando el crecimiento de las oportunidades dirigidas a cadetes femeninas y futuras oficiales dentro de la industria mar\u00edtima.<\/p>\n\n\n\n<p class=\"wp-block-paragraph\">Como parte de este acercamiento, Oldendorff confirm\u00f3 su intenci\u00f3n de realizar una visita a la UMIP durante el primer trimestre de 2027, en el marco de su proceso de selecci\u00f3n. La visita permitir\u00e1 a los estudiantes conocer de primera mano las oportunidades profesionales que ofrece la compa\u00f1\u00eda y explorar nuevas posibilidades de incorporaci\u00f3n al sector mar\u00edtimo.<\/p>\n\n\n\n<p class=\"wp-block-paragraph\">La delegaci\u00f3n de la UMIP est\u00e1 encabezada por el vicerrector acad\u00e9mico, Roberto Aparicio Alvear, acompa\u00f1ado por Michelle Montenegro, jefa de Gesti\u00f3n Institucional, y las cadetes Jermarys Jim\u00e9nez, Isibel Reyes y Julieth Wong.<\/p>\n\n\n\n<p class=\"wp-block-paragraph\">Este encuentro se desarrolla en el marco de la participaci\u00f3n de la UMIP en SMM Hamburgo, uno de los principales encuentros internacionales de la industria mar\u00edtima. El evento re\u00fane a empresas, profesionales y representantes del sector de distintas partes del mundo para intercambiar conocimientos, identificar oportunidades de cooperaci\u00f3n y analizar los principales desaf\u00edos que enfrenta la industria mar\u00edtima.<\/p>\n\n\n\n<figure class=\"wp-block-image size-large\"><a href=\"https:\/\/alminutonoticia.com\/noticias\/wp-content\/uploads\/2026\/09\/1000117830.jpg\"><img fetchpriority=\"high\" decoding=\"async\" width=\"1024\" height=\"768\" src=\"https:\/\/alminutonoticia.com\/noticias\/wp-content\/uploads\/2026\/09\/1000117830-1024x768.jpg\" alt=\"\" class=\"wp-image-20570\" title=\"\" srcset=\"https:\/\/alminutonoticia.com\/noticias\/wp-content\/uploads\/2026\/09\/1000117830-1024x768.jpg 1024w, https:\/\/alminutonoticia.com\/noticias\/wp-content\/uploads\/2026\/09\/1000117830-300x225.jpg 300w, https:\/\/alminutonoticia.com\/noticias\/wp-content\/uploads\/2026\/09\/1000117830-768x576.jpg 768w, https:\/\/alminutonoticia.com\/noticias\/wp-content\/uploads\/2026\/09\/1000117830-1536x1152.jpg 1536w, https:\/\/alminutonoticia.com\/noticias\/wp-content\/uploads\/2026\/09\/1000117830.jpg 1600w\" sizes=\"(max-width: 1024px) 100vw, 1024px\" \/><\/a><\/figure>\n","protected":false},"excerpt":{"rendered":"<p>La Universidad Mar\u00edtima Internacional de Panam\u00e1 (UMIP), contin\u00faa fortaleciendo sus v\u00ednculos con importantes empresas de la industria mar\u00edtima internacional. En este marco, una delegaci\u00f3n de la Universidad sostuvo un encuentro con representantes de Oldendorff, con el objetivo de consolidar la cooperaci\u00f3n y ampliar las oportunidades de formaci\u00f3n y empleo para sus estudiantes y graduados. Actualmente, [&hellip;]<\/p>\n","protected":false},"author":2,"featured_media":20571,"comment_status":"open","ping_status":"open","sticky":false,"template":"","format":"standard","meta":{"footnotes":""},"categories":[36],"tags":[],"class_list":["post-20569","post","type-post","status-publish","format-standard","has-post-thumbnail","hentry","category-nacionales"],"_links":{"self":[{"href":"https:\/\/alminutonoticia.com\/noticias\/wp-json\/wp\/v2\/posts\/20569","targetHints":{"allow":["GET"]}}],"collection":[{"href":"https:\/\/alminutonoticia.com\/noticias\/wp-json\/wp\/v2\/posts"}],"about":[{"href":"https:\/\/alminutonoticia.com\/noticias\/wp-json\/wp\/v2\/types\/post"}],"author":[{"embeddable":true,"href":"https:\/\/alminutonoticia.com\/noticias\/wp-json\/wp\/v2\/users\/2"}],"replies":[{"embeddable":true,"href":"https:\/\/alminutonoticia.com\/noticias\/wp-json\/wp\/v2\/comments?post=20569"}],"version-history":[{"count":1,"href":"https:\/\/alminutonoticia.com\/noticias\/wp-json\/wp\/v2\/posts\/20569\/revisions"}],"predecessor-version":[{"id":20572,"href":"https:\/\/alminutonoticia.com\/noticias\/wp-json\/wp\/v2\/posts\/20569\/revisions\/20572"}],"wp:featuredmedia":[{"embeddable":true,"href":"https:\/\/alminutonoticia.com\/noticias\/wp-json\/wp\/v2\/media\/20571"}],"wp:attachment":[{"href":"https:\/\/alminutonoticia.com\/noticias\/wp-json\/wp\/v2\/media?parent=20569"}],"wp:term":[{"taxonomy":"category","embeddable":true,"href":"https:\/\/alminutonoticia.com\/noticias\/wp-json\/wp\/v2\/categories?post=20569"},{"taxonomy":"post_tag","embeddable":true,"href":"https:\/\/alminutonoticia.com\/noticias\/wp-json\/wp\/v2\/tags?post=20569"}],"curies":[{"name":"wp","href":"https:\/\/api.w.org\/{rel}","templated":true}]}}