{"id":20565,"date":"2026-09-04T14:01:34","date_gmt":"2026-09-04T14:01:34","guid":{"rendered":"https:\/\/alminutonoticia.com\/noticias\/?p=20565"},"modified":"2026-09-04T14:01:50","modified_gmt":"2026-09-04T14:01:50","slug":"panama-enciende-su-lado-mas-azul-arranca-el-xxii-mes-de-los-oceanos-2026","status":"publish","type":"post","link":"https:\/\/alminutonoticia.com\/noticias\/panama-enciende-su-lado-mas-azul-arranca-el-xxii-mes-de-los-oceanos-2026\/","title":{"rendered":"Panam\u00e1 enciende su lado m\u00e1s azul: arranca el XXII Mes de los Oc\u00e9anos 2026"},"content":{"rendered":"\n<p class=\"wp-block-paragraph\">Playas llenas de voluntarios, tortugas monitoreadas bajo la lupa de la ciencia, un congreso internacional que re\u00fane a especialistas del mar y j\u00f3venes alzando la voz por los ecosistemas marinos: as\u00ed arranca septiembre en Panam\u00e1, cuando el pa\u00eds celebra el XXII Mes de los Oc\u00e9anos bajo el lema <em>\u201cPanam\u00e1: el latido de dos mares\u201d.<\/em><br>Durante las pr\u00f3ximas cuatro semanas, el pa\u00eds entero \u2014de costa a costa\u2014 se convertir\u00e1 en el escenario de una de las agendas ambientales m\u00e1s grandes del a\u00f1o: 48 actividades distribuidas en las diez provincias y la comarca Ng\u00e4be-Bugl\u00e9.<\/p>\n\n\n\n<p class=\"wp-block-paragraph\"><em>\u201cEl Mes de los Oc\u00e9anos es el momento de recordar que en Panam\u00e1 el Pac\u00edfico y el Caribe viven juntos, y que la responsabilidad de cuidarlos no puede esperar\u201d,<\/em> dijo el ministro de Ambiente, Juan Carlos Navarro, en el lanzamiento oficial de la agenda.<br>A lo largo del mes, diversos bi\u00f3logos monitorear\u00e1n de cerca a las tortugas marinas en Bastimentos, Jaqu\u00e9 y el Parque Nacional Coiba, mientras que en Santa Ana de Los Santos iniciar\u00e1 una nueva etapa para la restauraci\u00f3n de los manglares. Hacia el cierre de la jornada, del 21 al 25 de septiembre, el pa\u00eds ser\u00e1 sede del Congreso Latinoamericano de Ciencias del Mar (COLACMAR 2026), un evento organizado por la Estaci\u00f3n Cient\u00edfica COIBA AIP que reunir\u00e1 a especialistas de toda la regi\u00f3n.<\/p>\n\n\n\n<p class=\"wp-block-paragraph\"><em>\u201cToda actividad de este calendario nace de una estrategia t\u00e9cnica y cient\u00edfica pensada para generar informaci\u00f3n clave sobre nuestros ecosistemas marino-costeros\u201d,<\/em> explic\u00f3 Digna Barsallo, directora nacional de Costas y Mares de MiAMBIENTE.<br>Detr\u00e1s del Mes de los Oc\u00e9anos opera un comit\u00e9 multidisciplinario. Este espacio articula los esfuerzos del sector p\u00fablico, la academia, institutos de investigaci\u00f3n, la empresa privada y organizaciones de la sociedad civil, as\u00ed como de colectivos comunitarios y de voluntariado comprometidos con la conservaci\u00f3n de la biodiversidad marina.<\/p>\n\n\n\n<p class=\"wp-block-paragraph\">La lista de actividades no deja mucho espacio. El 27 de septiembre, el Conjunto Monumental Hist\u00f3rico de Panam\u00e1 Viejo ser\u00e1 el sitio de la Gran Jornada de Limpieza de Playa, una de las convocatorias m\u00e1s relevantes del calendario. Un d\u00eda antes, el 26 de septiembre, le toca el turno a los m\u00e1s j\u00f3venes con el III Encuentro Nacional de J\u00f3venes por los Oc\u00e9anos.<br>En la Gran Jornada Nacional de Limpieza de Playas, Costas y R\u00edos de 2025 se logr\u00f3 la participaci\u00f3n de m\u00e1s de 3,000 voluntarios y la recolecci\u00f3n de 212.27 toneladas de desechos s\u00f3lidos, equivalentes a unas 2,677 bolsas de basura, adem\u00e1s de electrodom\u00e9sticos, neum\u00e1ticos, metales y otros residuos.<\/p>\n\n\n\n<p class=\"wp-block-paragraph\">Si bien se contin\u00faa invitando a la ciudadan\u00eda a participar en estas jornadas, el verdadero resultado esperado es que, a\u00f1o tras a\u00f1o, se encuentre una menor cantidad de desechos en nuestras playas, costas y r\u00edos. <em>\u00abSin duda, esto demostrar\u00eda que estamos avanzando en la prevenci\u00f3n de la contaminaci\u00f3n al ir reduciendo la cantidad de residuos que llegan a nuestros ecosistemas\u00bb,<\/em> acot\u00f3 Barsallo.<br>As\u00ed como en a\u00f1os anteriores, estas fechas se convierten en una oportunidad para que el voluntariado paname\u00f1o se movilice por la protecci\u00f3n de los oc\u00e9anos. Familias, estudiantes, organizaciones, empresas y ciudadanos de todas las edades podr\u00e1n sumarse a las distintas actividades programadas durante septiembre.<\/p>\n\n\n\n<p class=\"wp-block-paragraph\">La invitaci\u00f3n busca convertir la participaci\u00f3n ciudadana en un compromiso con los ecosistemas marino-costeros y con el futuro de las pr\u00f3ximas generaciones. Interesados en formar parte, puede acercarse a las direcciones regionales de MiAMBIENTE o en las oficinas de sede central.<\/p>\n\n\n\n<figure class=\"wp-block-image size-large\"><a href=\"https:\/\/alminutonoticia.com\/noticias\/wp-content\/uploads\/2026\/09\/1000117829.jpg\"><img fetchpriority=\"high\" decoding=\"async\" width=\"1024\" height=\"682\" src=\"https:\/\/alminutonoticia.com\/noticias\/wp-content\/uploads\/2026\/09\/1000117829-1024x682.jpg\" alt=\"\" class=\"wp-image-20566\" title=\"\" srcset=\"https:\/\/alminutonoticia.com\/noticias\/wp-content\/uploads\/2026\/09\/1000117829-1024x682.jpg 1024w, https:\/\/alminutonoticia.com\/noticias\/wp-content\/uploads\/2026\/09\/1000117829-300x200.jpg 300w, https:\/\/alminutonoticia.com\/noticias\/wp-content\/uploads\/2026\/09\/1000117829-767x511.jpg 767w, https:\/\/alminutonoticia.com\/noticias\/wp-content\/uploads\/2026\/09\/1000117829-1536x1023.jpg 1536w, https:\/\/alminutonoticia.com\/noticias\/wp-content\/uploads\/2026\/09\/1000117829.jpg 1600w\" sizes=\"(max-width: 1024px) 100vw, 1024px\" \/><\/a><\/figure>\n","protected":false},"excerpt":{"rendered":"<p>Playas llenas de voluntarios, tortugas monitoreadas bajo la lupa de la ciencia, un congreso internacional que re\u00fane a especialistas del mar y j\u00f3venes alzando la voz por los ecosistemas marinos: as\u00ed arranca septiembre en Panam\u00e1, cuando el pa\u00eds celebra el XXII Mes de los Oc\u00e9anos bajo el lema \u201cPanam\u00e1: el latido de dos mares\u201d.Durante las [&hellip;]<\/p>\n","protected":false},"author":2,"featured_media":20567,"comment_status":"open","ping_status":"open","sticky":false,"template":"","format":"standard","meta":{"footnotes":""},"categories":[36],"tags":[],"class_list":["post-20565","post","type-post","status-publish","format-standard","has-post-thumbnail","hentry","category-nacionales"],"_links":{"self":[{"href":"https:\/\/alminutonoticia.com\/noticias\/wp-json\/wp\/v2\/posts\/20565","targetHints":{"allow":["GET"]}}],"collection":[{"href":"https:\/\/alminutonoticia.com\/noticias\/wp-json\/wp\/v2\/posts"}],"about":[{"href":"https:\/\/alminutonoticia.com\/noticias\/wp-json\/wp\/v2\/types\/post"}],"author":[{"embeddable":true,"href":"https:\/\/alminutonoticia.com\/noticias\/wp-json\/wp\/v2\/users\/2"}],"replies":[{"embeddable":true,"href":"https:\/\/alminutonoticia.com\/noticias\/wp-json\/wp\/v2\/comments?post=20565"}],"version-history":[{"count":1,"href":"https:\/\/alminutonoticia.com\/noticias\/wp-json\/wp\/v2\/posts\/20565\/revisions"}],"predecessor-version":[{"id":20568,"href":"https:\/\/alminutonoticia.com\/noticias\/wp-json\/wp\/v2\/posts\/20565\/revisions\/20568"}],"wp:featuredmedia":[{"embeddable":true,"href":"https:\/\/alminutonoticia.com\/noticias\/wp-json\/wp\/v2\/media\/20567"}],"wp:attachment":[{"href":"https:\/\/alminutonoticia.com\/noticias\/wp-json\/wp\/v2\/media?parent=20565"}],"wp:term":[{"taxonomy":"category","embeddable":true,"href":"https:\/\/alminutonoticia.com\/noticias\/wp-json\/wp\/v2\/categories?post=20565"},{"taxonomy":"post_tag","embeddable":true,"href":"https:\/\/alminutonoticia.com\/noticias\/wp-json\/wp\/v2\/tags?post=20565"}],"curies":[{"name":"wp","href":"https:\/\/api.w.org\/{rel}","templated":true}]}}