{"id":20559,"date":"2026-09-04T14:00:04","date_gmt":"2026-09-04T14:00:04","guid":{"rendered":"https:\/\/alminutonoticia.com\/noticias\/?p=20559"},"modified":"2026-09-04T14:00:06","modified_gmt":"2026-09-04T14:00:06","slug":"minsa-firma-memorandum-de-entendimiento-con-clinton-health-access-initiative-para-seguir-luchando-contra-la-malaria","status":"publish","type":"post","link":"https:\/\/alminutonoticia.com\/noticias\/minsa-firma-memorandum-de-entendimiento-con-clinton-health-access-initiative-para-seguir-luchando-contra-la-malaria\/","title":{"rendered":"Minsa firma Memor\u00e1ndum de Entendimiento con Clinton Health Access Initiative para seguir luchando contra la malaria"},"content":{"rendered":"\n<p class=\"wp-block-paragraph\">\u2022 En la semana epidemiol\u00f3gica 34, Panam\u00e1 registra 5,298 casos acumulados de malaria, lo que representa un descenso significativo en comparaci\u00f3n con los 10,663 casos registrados en el mismo per\u00edodo de 2024.<br>\u2022 Panam\u00e1 ha avanzado en la respuesta hacia la eliminaci\u00f3n de la malaria, fortaleciendo las acciones de prevenci\u00f3n, vigilancia, diagn\u00f3stico y tratamiento oportuno, especialmente en las comunidades m\u00e1s afectadas.<\/p>\n\n\n\n<p class=\"wp-block-paragraph\">Panam\u00e1, 3 de septiembre de 2026. Con el objetivo de continuar con la disminuci\u00f3n de la malaria en Panam\u00e1, el Ministerio de Salud (Minsa) y Clinton Health Access Initiative (CHAI), firmaron el Memor\u00e1ndum de Entendimiento para continuar mejorando el an\u00e1lisis de la informaci\u00f3n epidemiol\u00f3gica.<\/p>\n\n\n\n<p class=\"wp-block-paragraph\">El ministro de Salud, Fernando Boyd Galindo, inform\u00f3 que en la semana epidemiol\u00f3gica 34, Panam\u00e1 registra un descenso de los casos acumulados hasta la fecha de 5,298, en comparaci\u00f3n con el a\u00f1o 2024 que se registraron 10,663 casos y en el 2025 se contabilizaron 7,758 casos de esta enfermedad. La malaria contin\u00faa siendo un desaf\u00edo de salud p\u00fablica que requiere mantener y fortalecer las acciones de prevenci\u00f3n, vigilancia, diagn\u00f3stico y tratamiento oportuno.<\/p>\n\n\n\n<p class=\"wp-block-paragraph\">\u201cEn este desaf\u00edo, nuestra alianza con CHAI ha sido fundamental que, durante m\u00e1s de una d\u00e9cada, su acompa\u00f1amiento t\u00e9cnico, innovaci\u00f3n y evidencia han contribuido a fortalecer nuestras estrategias, incorporando nuevas herramientas y mejorando el an\u00e1lisis de la informaci\u00f3n epidemiol\u00f3gica para orientar nuestras decisiones.<\/p>\n\n\n\n<p class=\"wp-block-paragraph\">Por su parte, Carlos Echeverr\u00eda, director regional de operaciones y representante legal de Clinton Health Access Initiative (CHAI), manifest\u00f3 que esta alianza con los Ministerios de Salud de la regi\u00f3n, siendo Panam\u00e1 el primer pa\u00eds que acogi\u00f3 esta iniciativa para la eliminaci\u00f3n de la malaria.<\/p>\n\n\n\n<p class=\"wp-block-paragraph\">\u201cHoy estamos firmando un nuevo acuerdo con ustedes, lo que nos complace y reafirma el compromiso de Panam\u00e1 en continuar trabajando en la eliminaci\u00f3n de la malaria\u201d, dijo Echeverr\u00eda.<\/p>\n\n\n\n<p class=\"wp-block-paragraph\">El Departamento de Control de Vectores del Ministerio de Salud, se incorpor\u00f3 a la Iniciativa Nacional de la Erradicaci\u00f3n de la Malaria en 1956, lo que ha permitido durante d\u00e9cadas que los equipos de vectores han mantenido la vigilancia, diagn\u00f3stico y control en las comunidades de dif\u00edcil acceso.<\/p>\n\n\n\n<p class=\"wp-block-paragraph\">Panam\u00e1 ha avanzado en la eliminaci\u00f3n de la malaria en las comunidades, fortaleciendo las acciones de prevenci\u00f3n, vigilancia, diagn\u00f3sticos y tratamiento oportuno.<\/p>\n\n\n\n<figure class=\"wp-block-image size-large\"><a href=\"https:\/\/alminutonoticia.com\/noticias\/wp-content\/uploads\/2026\/09\/1000117827.jpg\"><img fetchpriority=\"high\" decoding=\"async\" width=\"1024\" height=\"682\" src=\"https:\/\/alminutonoticia.com\/noticias\/wp-content\/uploads\/2026\/09\/1000117827-1024x682.jpg\" alt=\"\" class=\"wp-image-20560\" title=\"\" srcset=\"https:\/\/alminutonoticia.com\/noticias\/wp-content\/uploads\/2026\/09\/1000117827-1024x682.jpg 1024w, https:\/\/alminutonoticia.com\/noticias\/wp-content\/uploads\/2026\/09\/1000117827-300x200.jpg 300w, https:\/\/alminutonoticia.com\/noticias\/wp-content\/uploads\/2026\/09\/1000117827-767x511.jpg 767w, https:\/\/alminutonoticia.com\/noticias\/wp-content\/uploads\/2026\/09\/1000117827.jpg 1280w\" sizes=\"(max-width: 1024px) 100vw, 1024px\" \/><\/a><\/figure>\n","protected":false},"excerpt":{"rendered":"<p>\u2022 En la semana epidemiol\u00f3gica 34, Panam\u00e1 registra 5,298 casos acumulados de malaria, lo que representa un descenso significativo en comparaci\u00f3n con los 10,663 casos registrados en el mismo per\u00edodo de 2024.\u2022 Panam\u00e1 ha avanzado en la respuesta hacia la eliminaci\u00f3n de la malaria, fortaleciendo las acciones de prevenci\u00f3n, vigilancia, diagn\u00f3stico y tratamiento oportuno, especialmente [&hellip;]<\/p>\n","protected":false},"author":2,"featured_media":20561,"comment_status":"open","ping_status":"open","sticky":false,"template":"","format":"standard","meta":{"footnotes":""},"categories":[36],"tags":[],"class_list":["post-20559","post","type-post","status-publish","format-standard","has-post-thumbnail","hentry","category-nacionales"],"_links":{"self":[{"href":"https:\/\/alminutonoticia.com\/noticias\/wp-json\/wp\/v2\/posts\/20559","targetHints":{"allow":["GET"]}}],"collection":[{"href":"https:\/\/alminutonoticia.com\/noticias\/wp-json\/wp\/v2\/posts"}],"about":[{"href":"https:\/\/alminutonoticia.com\/noticias\/wp-json\/wp\/v2\/types\/post"}],"author":[{"embeddable":true,"href":"https:\/\/alminutonoticia.com\/noticias\/wp-json\/wp\/v2\/users\/2"}],"replies":[{"embeddable":true,"href":"https:\/\/alminutonoticia.com\/noticias\/wp-json\/wp\/v2\/comments?post=20559"}],"version-history":[{"count":1,"href":"https:\/\/alminutonoticia.com\/noticias\/wp-json\/wp\/v2\/posts\/20559\/revisions"}],"predecessor-version":[{"id":20562,"href":"https:\/\/alminutonoticia.com\/noticias\/wp-json\/wp\/v2\/posts\/20559\/revisions\/20562"}],"wp:featuredmedia":[{"embeddable":true,"href":"https:\/\/alminutonoticia.com\/noticias\/wp-json\/wp\/v2\/media\/20561"}],"wp:attachment":[{"href":"https:\/\/alminutonoticia.com\/noticias\/wp-json\/wp\/v2\/media?parent=20559"}],"wp:term":[{"taxonomy":"category","embeddable":true,"href":"https:\/\/alminutonoticia.com\/noticias\/wp-json\/wp\/v2\/categories?post=20559"},{"taxonomy":"post_tag","embeddable":true,"href":"https:\/\/alminutonoticia.com\/noticias\/wp-json\/wp\/v2\/tags?post=20559"}],"curies":[{"name":"wp","href":"https:\/\/api.w.org\/{rel}","templated":true}]}}