{"id":20555,"date":"2026-09-04T13:59:16","date_gmt":"2026-09-04T13:59:16","guid":{"rendered":"https:\/\/alminutonoticia.com\/noticias\/?p=20555"},"modified":"2026-09-04T13:59:19","modified_gmt":"2026-09-04T13:59:19","slug":"mulino-pone-en-operacion-el-centro-de-visitantes-del-parque-nacional-y-castillo-de-san-lorenzo-que-dara-impulso-al-turismo-en-colon","status":"publish","type":"post","link":"https:\/\/alminutonoticia.com\/noticias\/mulino-pone-en-operacion-el-centro-de-visitantes-del-parque-nacional-y-castillo-de-san-lorenzo-que-dara-impulso-al-turismo-en-colon\/","title":{"rendered":"Mulino pone en operaci\u00f3n el Centro de Visitantes del Parque Nacional y Castillo de San Lorenzo que dar\u00e1 impulso al turismo en Col\u00f3n"},"content":{"rendered":"\n<p class=\"wp-block-paragraph\">Con una inversi\u00f3n de m\u00e1s de B\/.7.7 millones, el presidente de la Rep\u00fablica, Jos\u00e9 Ra\u00fal Mulino \u2014acompa\u00f1ado por la primera dama, Maricel Cohen de Mulino, y ministros de Estado\u2014 puso en operaci\u00f3n en Col\u00f3n el nuevo Centro de Visitantes del Parque Nacional y Castillo de San Lorenzo El Real de Chagres. Esta obra, impulsada por el Ministerio de Ambiente (MiAmbiente), consta de amplias y modernas instalaciones dise\u00f1adas para potenciar la conservaci\u00f3n, la investigaci\u00f3n cient\u00edfica, el turismo y la educaci\u00f3n ambiental en la provincia.<\/p>\n\n\n\n<p class=\"wp-block-paragraph\">Durante el acto, el mandatario expres\u00f3 su satisfacci\u00f3n por haber concluido este proyecto, el cual qued\u00f3 inconcluso en administraciones pasadas a pesar de su gran importancia. Asimismo, destac\u00f3 que el centro funcionar\u00e1 como una vitrina para mostrar al mundo la historia, la riqueza cultural y la biodiversidad del pa\u00eds. Se\u00f1al\u00f3 que Panam\u00e1, adem\u00e1s de contar con un Canal que impulsa el comercio mundial, apuesta por el turismo ecol\u00f3gico.<\/p>\n\n\n\n<p class=\"wp-block-paragraph\">\u201cDicen que la tercera es la vencida, y es esta la tercera administraci\u00f3n que tiene en agenda este proyecto que por fin hoy terminamos y lo abrimos al p\u00fablico. Esta apertura es la demostraci\u00f3n de que inaugurar un proyecto para la foto, pero sin terminar las obras, es una falta de respeto para los paname\u00f1os. Eso debe ser parte del pasado\u201d, se\u00f1al\u00f3 el presidente.<\/p>\n\n\n\n<p class=\"wp-block-paragraph\">\u201cCreo que un pa\u00eds que no valoriza su historia dif\u00edcilmente puede construir un futuro de grandeza, y eso es lo que estamos abriendo hoy: una mirada a lo que fuimos, a lo que somos y a lo que seremos. Nuestro pa\u00eds es \u00fanico, tenemos historia y naturaleza virgen unidas, en armon\u00eda. Este patrimonio cultural y natural es testimonio de nuestro pasado, de lo que signific\u00f3 el inicio del Canal que une al mundo\u201d, acot\u00f3, instando a la poblaci\u00f3n a cuidar las estructuras del nuevo centro, de la misma forma en que hay que cuidar y conservar los r\u00edos, quebradas y parques en todo el pa\u00eds.<br>Por su parte, el titular de MiAmbiente, Juan Carlos Navarro, indic\u00f3 que la apertura del nuevo centro y su entrega al Patronato de Portobelo y San Lorenzo para su administraci\u00f3n refleja el cumplimiento de la premisa del Gobierno Nacional: Col\u00f3n es prioridad. \u201cUn gran paso hemos dado hoy. Col\u00f3n es prioridad, tuvieron que pasar tres gobiernos para cumplir con este centro (heredado sin terminar). Se\u00f1or presidente (Mulino): su instrucci\u00f3n ha sido cumplida y hoy se abre este centro de categor\u00eda mundial\u201d, agreg\u00f3, afirmando que Panam\u00e1 \u201ces la nueva potencia mundial del ecoturismo y biodiversidad\u201d.<\/p>\n\n\n\n<p class=\"wp-block-paragraph\">En tanto, la ministra de Cultura, Mar\u00eda Eugenia Herrera, se\u00f1al\u00f3 que con este nuevo centro Panam\u00e1 hace historia y da un paso decisivo en la puesta en valor del patrimonio cultural del pa\u00eds como uno de sus principales activos. Destac\u00f3 el compromiso del Gobierno Nacional de invertir en lo que el pa\u00eds necesita para ser anfitriones del mundo. \u201cAbrimos las puertas al turismo, al progreso, a nuestra historia\u201d, dijo.<\/p>\n\n\n\n<p class=\"wp-block-paragraph\">A su turno, Yelitza Norse, presidenta del Patronato de Portobelo y San Lorenzo, agradeci\u00f3 al presidente Mulino y su gobierno por haber hecho realidad una obra que hab\u00eda estado abandonada y ahora ser\u00e1 un centro que promover\u00e1 el turismo ecol\u00f3gico de forma sostenible.<\/p>\n\n\n\n<p class=\"wp-block-paragraph\">La construcci\u00f3n de las nuevas instalaciones se realiz\u00f3 mediante licitaci\u00f3n p\u00fablica a trav\u00e9s del Contrato No. DAYF-003-2020 como parte del Proyecto de Apoyo para la Conservaci\u00f3n y Gesti\u00f3n del Patrimonio Cultural y Natural, ejecutado por MiAmbiente con el apoyo del Banco Interamericano de Desarrollo (BID).<\/p>\n\n\n\n<p class=\"wp-block-paragraph\">El proyecto se encuentra ubicado dentro del Parque Nacional San Lorenzo, en el sector del antiguo Fuerte Sherman en la Costa Abajo de Col\u00f3n, pr\u00f3ximo al legendario Castillo de San Lorenzo El Real de Chagres. El nuevo centro fue dise\u00f1ado como un polo natural, tur\u00edstico, hist\u00f3rico y cultural ic\u00f3nico de Col\u00f3n, un espacio en donde se informar\u00e1 al visitante sobre la herencia natural y sobre las hist\u00f3ricas fortificaciones del Caribe paname\u00f1o.<\/p>\n\n\n\n<p class=\"wp-block-paragraph\">El Centro de Visitantes del Parque Nacional y Castillo de San Lorenzo El Real de Chagres tambi\u00e9n tiene el prop\u00f3sito de dotar a la zona con infraestructura de primer mundo destinada a la atenci\u00f3n de visitantes, conferencias, educaci\u00f3n ambiental, interpretaci\u00f3n del patrimonio y promoci\u00f3n de los valores naturales, hist\u00f3ricos y culturales del \u00e1rea de San Lorenzo, en la Costa Abajo de la provincia de Col\u00f3n.<\/p>\n\n\n\n<p class=\"wp-block-paragraph\">La obra incluye una espectacular torre de observaci\u00f3n donde los visitantes podr\u00e1n disfrutar, en toda su dimensi\u00f3n, los bosques primarios, los paisajes coste\u00f1os, la flora, la fauna y la belleza natural que rodea el \u00e1rea de la fortificaci\u00f3n. Asimismo, el nuevo centro cuenta con un sal\u00f3n de capacitaciones, auditorio, sala de exhibiciones, boleter\u00eda, restaurante, terraza, elevador panor\u00e1mico, elevador principal de la torre, mirador en el nivel 900 (aproximadamente a 50 metros sobre el nivel de la calle), administraci\u00f3n, cuarto de m\u00e1quinas, cuarto de bombas y tanque de almacenamiento, planta de tratamiento de aguas, estacionamientos y bah\u00eda para buses.<\/p>\n\n\n\n<p class=\"wp-block-paragraph\">El Centro de Visitantes fue concebido como un espacio de referencia para la interpretaci\u00f3n de los valores ambientales, hist\u00f3ricos y culturales de San Lorenzo, as\u00ed como tambi\u00e9n de la biodiversidad y los recursos naturales presentes en el \u00e1rea protegida. La administraci\u00f3n y operaci\u00f3n de este recinto corresponder\u00e1 al Patronato de Portobelo y San Lorenzo, que actualmente tambi\u00e9n es responsable del Castillo de San Lorenzo El Real de Chagres.<\/p>\n\n\n\n<p class=\"wp-block-paragraph\">En el evento participaron, adem\u00e1s, la ministra de Turismo, Gloria De Le\u00f3n; el gobernador de la provincia, Julio Hern\u00e1ndez; la embajadora de Turqu\u00eda en Panam\u00e1, Arma\u011fan \u0130nci Ersoy; y representantes del BID, entre otros.<\/p>\n\n\n\n<figure class=\"wp-block-image size-large\"><a href=\"https:\/\/alminutonoticia.com\/noticias\/wp-content\/uploads\/2026\/09\/1000117823-scaled.jpg\"><img fetchpriority=\"high\" decoding=\"async\" width=\"1024\" height=\"683\" src=\"https:\/\/alminutonoticia.com\/noticias\/wp-content\/uploads\/2026\/09\/1000117823-1024x683.jpg\" alt=\"\" class=\"wp-image-20556\" title=\"\" srcset=\"https:\/\/alminutonoticia.com\/noticias\/wp-content\/uploads\/2026\/09\/1000117823-1024x683.jpg 1024w, https:\/\/alminutonoticia.com\/noticias\/wp-content\/uploads\/2026\/09\/1000117823-300x200.jpg 300w, https:\/\/alminutonoticia.com\/noticias\/wp-content\/uploads\/2026\/09\/1000117823-768x512.jpg 768w, https:\/\/alminutonoticia.com\/noticias\/wp-content\/uploads\/2026\/09\/1000117823-1536x1025.jpg 1536w, https:\/\/alminutonoticia.com\/noticias\/wp-content\/uploads\/2026\/09\/1000117823-2048x1366.jpg 2048w\" sizes=\"(max-width: 1024px) 100vw, 1024px\" \/><\/a><\/figure>\n","protected":false},"excerpt":{"rendered":"<p>Con una inversi\u00f3n de m\u00e1s de B\/.7.7 millones, el presidente de la Rep\u00fablica, Jos\u00e9 Ra\u00fal Mulino \u2014acompa\u00f1ado por la primera dama, Maricel Cohen de Mulino, y ministros de Estado\u2014 puso en operaci\u00f3n en Col\u00f3n el nuevo Centro de Visitantes del Parque Nacional y Castillo de San Lorenzo El Real de Chagres. Esta obra, impulsada por [&hellip;]<\/p>\n","protected":false},"author":2,"featured_media":20557,"comment_status":"open","ping_status":"open","sticky":false,"template":"","format":"standard","meta":{"footnotes":""},"categories":[36],"tags":[],"class_list":["post-20555","post","type-post","status-publish","format-standard","has-post-thumbnail","hentry","category-nacionales"],"_links":{"self":[{"href":"https:\/\/alminutonoticia.com\/noticias\/wp-json\/wp\/v2\/posts\/20555","targetHints":{"allow":["GET"]}}],"collection":[{"href":"https:\/\/alminutonoticia.com\/noticias\/wp-json\/wp\/v2\/posts"}],"about":[{"href":"https:\/\/alminutonoticia.com\/noticias\/wp-json\/wp\/v2\/types\/post"}],"author":[{"embeddable":true,"href":"https:\/\/alminutonoticia.com\/noticias\/wp-json\/wp\/v2\/users\/2"}],"replies":[{"embeddable":true,"href":"https:\/\/alminutonoticia.com\/noticias\/wp-json\/wp\/v2\/comments?post=20555"}],"version-history":[{"count":1,"href":"https:\/\/alminutonoticia.com\/noticias\/wp-json\/wp\/v2\/posts\/20555\/revisions"}],"predecessor-version":[{"id":20558,"href":"https:\/\/alminutonoticia.com\/noticias\/wp-json\/wp\/v2\/posts\/20555\/revisions\/20558"}],"wp:featuredmedia":[{"embeddable":true,"href":"https:\/\/alminutonoticia.com\/noticias\/wp-json\/wp\/v2\/media\/20557"}],"wp:attachment":[{"href":"https:\/\/alminutonoticia.com\/noticias\/wp-json\/wp\/v2\/media?parent=20555"}],"wp:term":[{"taxonomy":"category","embeddable":true,"href":"https:\/\/alminutonoticia.com\/noticias\/wp-json\/wp\/v2\/categories?post=20555"},{"taxonomy":"post_tag","embeddable":true,"href":"https:\/\/alminutonoticia.com\/noticias\/wp-json\/wp\/v2\/tags?post=20555"}],"curies":[{"name":"wp","href":"https:\/\/api.w.org\/{rel}","templated":true}]}}