{"id":20547,"date":"2026-09-04T13:54:42","date_gmt":"2026-09-04T13:54:42","guid":{"rendered":"https:\/\/alminutonoticia.com\/noticias\/?p=20547"},"modified":"2026-09-04T13:54:44","modified_gmt":"2026-09-04T13:54:44","slug":"mulino-inspecciona-avances-de-la-restauracion-integral-de-la-iglesia-de-san-felipe-en-portobelo","status":"publish","type":"post","link":"https:\/\/alminutonoticia.com\/noticias\/mulino-inspecciona-avances-de-la-restauracion-integral-de-la-iglesia-de-san-felipe-en-portobelo\/","title":{"rendered":"Mulino inspecciona avances de la restauraci\u00f3n integral de la Iglesia de San Felipe en Portobelo"},"content":{"rendered":"\n<p class=\"wp-block-paragraph\">El presidente de la Rep\u00fablica, Jos\u00e9 Ra\u00fal Mulino, constat\u00f3 este jueves un avance del 56% en las obras de restauraci\u00f3n de la Iglesia San Felipe, la Capilla San Juan de Dios y su entorno, en Portobelo, provincia de Col\u00f3n, un proyecto que representa una intervenci\u00f3n integral para la protecci\u00f3n de este importante patrimonio nacional.<\/p>\n\n\n\n<p class=\"wp-block-paragraph\">Durante una gira de trabajo por la costa atl\u00e1ntica, el presidente Mulino inspeccion\u00f3 el avance de la obra, convers\u00f3 con los trabajadores y con los lugare\u00f1os que aguardan por la culminaci\u00f3n de la iglesia, la cual adem\u00e1s de ser un s\u00edmbolo de fe, representa un importante punto tur\u00edstico en la provincia.<\/p>\n\n\n\n<p class=\"wp-block-paragraph\">Estuvo acompa\u00f1ado por la primera dama de la Rep\u00fablica, Maricel Cohen de Mulino; la ministra de Cultura, Mar\u00eda Eugenia Herrera; la administradora general de Turismo, Gloria de Le\u00f3n; y el alto comisionado ad honorem de la obra, Ricardo Gago Salinero.<\/p>\n\n\n\n<p class=\"wp-block-paragraph\">La visita permiti\u00f3 conocer de primera mano el avance de las distintas etapas del proyecto, que responde a la promesa de campa\u00f1a que asumi\u00f3 el presidente Mulino con Portobelo y la provincia de Col\u00f3n, para recuperar, proteger y poner en valor espacios que forman parte de la historia y la identidad cultural de Panam\u00e1.<\/p>\n\n\n\n<p class=\"wp-block-paragraph\">\u00abHice una promesa al Cristo de Portobelo una semana antes de la elecci\u00f3n, y aqu\u00ed estamos cumpli\u00e9ndola\u00bb, record\u00f3 el presidente. \u00abLe dije que, si ganaba, le iba a hacer la iglesia\u00bb, agreg\u00f3.<\/p>\n\n\n\n<p class=\"wp-block-paragraph\">Esta obra, a cargo del consorcio Unidos por El Nazareno de Portobelo, S.A., se ejecuta con una inversi\u00f3n de B\/.12.2 millones. Abarca la Iglesia San Felipe, con una plaza frontal y una lateral; la Capilla San Juan de Dios, las calles aleda\u00f1as, el nuevo edificio anexo y un museo.<\/p>\n\n\n\n<p class=\"wp-block-paragraph\">En la actualidad, 64 personas est\u00e1n vinculadas directamente a la ejecuci\u00f3n del proyecto: 50 trabajadores de planta del consorcio y 14 de su contratista. Cerca del 90% de la mano de obra es local, lo que convierte esta restauraci\u00f3n en una importante oportunidad de empleo y transferencia de conocimiento para la propia comunidad de Portobelo, destacando adem\u00e1s la participaci\u00f3n de 11 mujeres portobele\u00f1as en las labores.<br>\u00abSe est\u00e1 contratando mano de obra local, y eso es muy importante; me da mucha satisfacci\u00f3n que esto va viento en popa\u00bb, celebr\u00f3 el presidente.<\/p>\n\n\n\n<p class=\"wp-block-paragraph\">Mulino pudo observar la intervenci\u00f3n de la fachada exterior, la colocaci\u00f3n de una nueva cubierta y la restauraci\u00f3n de los espacios interiores.<\/p>\n\n\n\n<p class=\"wp-block-paragraph\">Durante el recorrido, el mandatario tambi\u00e9n recibi\u00f3 un informe sobre los trabajos de restauraci\u00f3n del retablo mayor y las intervenciones que se realizan en el presbiterio, as\u00ed como las acciones previstas en la puerta lateral y el acceso hacia la Capilla San Juan de Dios.<\/p>\n\n\n\n<p class=\"wp-block-paragraph\">Tambi\u00e9n aprovech\u00f3 el momento para encender velas ante el Cristo de Portobelo, pidiendo por la salud y bienestar de todos los colonenses.<\/p>\n\n\n\n<p class=\"wp-block-paragraph\">El cronograma establece que, para las festividades del 21 de octubre, la Iglesia San Felipe luzca completamente restaurada en su fachada principal y lateral, y que las nuevas plazas queden listas para el disfrute de la comunidad y los visitantes.<br>La terminaci\u00f3n del edificio anexo se prev\u00e9 para diciembre de este a\u00f1o, mientras que la Iglesia de San Felipe deber\u00e1 estar completamente lista en enero de 2027 y las calles del entorno, un mes despu\u00e9s.<br>Por su parte, la Capilla San Juan de Dios ya tiene su fachada y su cubierta listas. Actualmente se trabaja en el mobiliario y equipamiento del nuevo museo, que llevar\u00e1 por nombre Hospitalitas Civitas, expresi\u00f3n latina que alude a la ciudad de la hospitalidad.<\/p>\n\n\n\n<p class=\"wp-block-paragraph\">El proyecto busca preservar la arquitectura, la memoria y el significado religioso de este conjunto hist\u00f3rico, garantizando mejores condiciones para la comunidad y para los miles de peregrinos que llegan a Portobelo cada a\u00f1o para venerar al Cristo Negro.<\/p>\n\n\n\n<p class=\"wp-block-paragraph\">Con esta restauraci\u00f3n, el Gobierno Nacional, a trav\u00e9s del Ministerio de Cultura, avanza con paso firme en la recuperaci\u00f3n de un patrimonio que pertenece a todos los paname\u00f1os.<\/p>\n\n\n\n<figure class=\"wp-block-image size-large\"><a href=\"https:\/\/alminutonoticia.com\/noticias\/wp-content\/uploads\/2026\/09\/1000117812-scaled.jpg\"><img fetchpriority=\"high\" decoding=\"async\" width=\"819\" height=\"1024\" src=\"https:\/\/alminutonoticia.com\/noticias\/wp-content\/uploads\/2026\/09\/1000117812-819x1024.jpg\" alt=\"\" class=\"wp-image-20549\" title=\"\" srcset=\"https:\/\/alminutonoticia.com\/noticias\/wp-content\/uploads\/2026\/09\/1000117812-819x1024.jpg 819w, https:\/\/alminutonoticia.com\/noticias\/wp-content\/uploads\/2026\/09\/1000117812-240x300.jpg 240w, https:\/\/alminutonoticia.com\/noticias\/wp-content\/uploads\/2026\/09\/1000117812-768x960.jpg 768w, https:\/\/alminutonoticia.com\/noticias\/wp-content\/uploads\/2026\/09\/1000117812-1229x1536.jpg 1229w, https:\/\/alminutonoticia.com\/noticias\/wp-content\/uploads\/2026\/09\/1000117812-1638x2048.jpg 1638w, https:\/\/alminutonoticia.com\/noticias\/wp-content\/uploads\/2026\/09\/1000117812-scaled.jpg 2048w\" sizes=\"(max-width: 819px) 100vw, 819px\" \/><\/a><\/figure>\n","protected":false},"excerpt":{"rendered":"<p>El presidente de la Rep\u00fablica, Jos\u00e9 Ra\u00fal Mulino, constat\u00f3 este jueves un avance del 56% en las obras de restauraci\u00f3n de la Iglesia San Felipe, la Capilla San Juan de Dios y su entorno, en Portobelo, provincia de Col\u00f3n, un proyecto que representa una intervenci\u00f3n integral para la protecci\u00f3n de este importante patrimonio nacional. Durante [&hellip;]<\/p>\n","protected":false},"author":2,"featured_media":20548,"comment_status":"open","ping_status":"open","sticky":false,"template":"","format":"standard","meta":{"footnotes":""},"categories":[36],"tags":[],"class_list":["post-20547","post","type-post","status-publish","format-standard","has-post-thumbnail","hentry","category-nacionales"],"_links":{"self":[{"href":"https:\/\/alminutonoticia.com\/noticias\/wp-json\/wp\/v2\/posts\/20547","targetHints":{"allow":["GET"]}}],"collection":[{"href":"https:\/\/alminutonoticia.com\/noticias\/wp-json\/wp\/v2\/posts"}],"about":[{"href":"https:\/\/alminutonoticia.com\/noticias\/wp-json\/wp\/v2\/types\/post"}],"author":[{"embeddable":true,"href":"https:\/\/alminutonoticia.com\/noticias\/wp-json\/wp\/v2\/users\/2"}],"replies":[{"embeddable":true,"href":"https:\/\/alminutonoticia.com\/noticias\/wp-json\/wp\/v2\/comments?post=20547"}],"version-history":[{"count":1,"href":"https:\/\/alminutonoticia.com\/noticias\/wp-json\/wp\/v2\/posts\/20547\/revisions"}],"predecessor-version":[{"id":20550,"href":"https:\/\/alminutonoticia.com\/noticias\/wp-json\/wp\/v2\/posts\/20547\/revisions\/20550"}],"wp:featuredmedia":[{"embeddable":true,"href":"https:\/\/alminutonoticia.com\/noticias\/wp-json\/wp\/v2\/media\/20548"}],"wp:attachment":[{"href":"https:\/\/alminutonoticia.com\/noticias\/wp-json\/wp\/v2\/media?parent=20547"}],"wp:term":[{"taxonomy":"category","embeddable":true,"href":"https:\/\/alminutonoticia.com\/noticias\/wp-json\/wp\/v2\/categories?post=20547"},{"taxonomy":"post_tag","embeddable":true,"href":"https:\/\/alminutonoticia.com\/noticias\/wp-json\/wp\/v2\/tags?post=20547"}],"curies":[{"name":"wp","href":"https:\/\/api.w.org\/{rel}","templated":true}]}}