{"id":20541,"date":"2026-09-02T02:10:49","date_gmt":"2026-09-02T02:10:49","guid":{"rendered":"https:\/\/alminutonoticia.com\/noticias\/?p=20541"},"modified":"2026-09-02T02:16:21","modified_gmt":"2026-09-02T02:16:21","slug":"umip-lanza-doctorado-internacional-en-desarrollo-sostenible-para-impulsar-la-investigacion-cientifica-en-el-sector-maritimo","status":"publish","type":"post","link":"https:\/\/alminutonoticia.com\/noticias\/umip-lanza-doctorado-internacional-en-desarrollo-sostenible-para-impulsar-la-investigacion-cientifica-en-el-sector-maritimo\/","title":{"rendered":"UMIP lanza Doctorado Internacional en Desarrollo Sostenible para impulsar la investigaci\u00f3n cient\u00edfica en el sector mar\u00edtimo"},"content":{"rendered":"\n<p class=\"wp-block-paragraph\">La Universidad Mar\u00edtima Internacional de Panam\u00e1 (UMIP), da un paso estrat\u00e9gico en materia de educaci\u00f3n superior e investigaci\u00f3n cient\u00edfica con el lanzamiento de su Doctorado Internacional en Desarrollo Sostenible, un programa concebido para formar investigadores capaces de generar conocimiento y soluciones frente a los grandes desaf\u00edos ambientales, sociales y econ\u00f3micos que enfrenta Panam\u00e1 y la regi\u00f3n.<\/p>\n\n\n\n<p class=\"wp-block-paragraph\">El nuevo doctorado es resultado de un trabajo articulado entre la UMIP, la Secretar\u00eda Nacional de Ciencia, Tecnolog\u00eda e Innovaci\u00f3n (SENACYT) y la Estaci\u00f3n Cient\u00edfica Coiba AIP, alianza que fortalece la capacidad acad\u00e9mica y cient\u00edfica del pa\u00eds y crea un ecosistema orientado a la investigaci\u00f3n de frontera.<\/p>\n\n\n\n<p class=\"wp-block-paragraph\">M\u00e1s que una nueva oferta acad\u00e9mica, el programa representa una apuesta por formar el talento cient\u00edfico que Panam\u00e1 necesita para responder a los retos de sostenibilidad, particularmente aquellos vinculados con sus recursos marinos y costeros, los ecosistemas, el cambio clim\u00e1tico y el desarrollo responsable de las actividades econ\u00f3micas, as\u00ed lo dio a conocer V\u00edctor Luna Barahona rector de UMIP.<\/p>\n\n\n\n<p class=\"wp-block-paragraph\">\u00abLos futuros aspirantes que integrar\u00e1n esta hist\u00f3rica primera cohorte se convertir\u00e1n en los protagonistas de una nueva etapa para la ciencia paname\u00f1a. Ser\u00e1n ellos la semilla de una generaci\u00f3n llamada a fortalecer la masa cr\u00edtica de investigadores que requiere nuestro pa\u00eds para afrontar los desaf\u00edos del presente y del futuro. Quienes acepten participar de este programa de ocho semestres y noventa cr\u00e9ditos acad\u00e9micos, tendr\u00e1n la gran responsabilidad de investigar con rigor, actuar con integridad y generar conocimiento al servicio de la sociedad. Tendr\u00e1n acceso a extraordinarios laboratorios, trabajar\u00e1n junto a expertos nacionales e internacionales y producir\u00e1n ciencia capaz de transformar comunidades, proteger ecosistemas y promover un desarrollo verdaderamente sostenible\u00bb, manifest\u00f3 el rector Luna.<\/p>\n\n\n\n<div class=\"wp-block-columns is-layout-flex wp-container-core-columns-is-layout-7387b849 wp-block-columns-is-layout-flex\">\n<div class=\"wp-block-column is-layout-flow wp-block-column-is-layout-flow\">\n<figure class=\"wp-block-image size-large\"><a href=\"https:\/\/alminutonoticia.com\/noticias\/wp-content\/uploads\/2026\/09\/WhatsApp-Image-2026-09-01-at-4.55.03-PM-1.jpeg\"><img fetchpriority=\"high\" decoding=\"async\" width=\"1024\" height=\"682\" src=\"https:\/\/alminutonoticia.com\/noticias\/wp-content\/uploads\/2026\/09\/WhatsApp-Image-2026-09-01-at-4.55.03-PM-1-1024x682.jpeg\" alt=\"\" class=\"wp-image-20542\" title=\"\" srcset=\"https:\/\/alminutonoticia.com\/noticias\/wp-content\/uploads\/2026\/09\/WhatsApp-Image-2026-09-01-at-4.55.03-PM-1-1024x682.jpeg 1024w, https:\/\/alminutonoticia.com\/noticias\/wp-content\/uploads\/2026\/09\/WhatsApp-Image-2026-09-01-at-4.55.03-PM-1-300x200.jpeg 300w, https:\/\/alminutonoticia.com\/noticias\/wp-content\/uploads\/2026\/09\/WhatsApp-Image-2026-09-01-at-4.55.03-PM-1-767x511.jpeg 767w, https:\/\/alminutonoticia.com\/noticias\/wp-content\/uploads\/2026\/09\/WhatsApp-Image-2026-09-01-at-4.55.03-PM-1-1536x1023.jpeg 1536w, https:\/\/alminutonoticia.com\/noticias\/wp-content\/uploads\/2026\/09\/WhatsApp-Image-2026-09-01-at-4.55.03-PM-1.jpeg 1600w\" sizes=\"(max-width: 1024px) 100vw, 1024px\" \/><\/a><\/figure>\n<\/div>\n\n\n\n<div class=\"wp-block-column is-layout-flow wp-block-column-is-layout-flow\">\n<figure class=\"wp-block-image size-large\"><a href=\"https:\/\/alminutonoticia.com\/noticias\/wp-content\/uploads\/2026\/09\/WhatsApp-Image-2026-09-01-at-4.55.04-PM.jpeg\"><img decoding=\"async\" width=\"1024\" height=\"682\" src=\"https:\/\/alminutonoticia.com\/noticias\/wp-content\/uploads\/2026\/09\/WhatsApp-Image-2026-09-01-at-4.55.04-PM-1024x682.jpeg\" alt=\"\" class=\"wp-image-20543\" title=\"\" srcset=\"https:\/\/alminutonoticia.com\/noticias\/wp-content\/uploads\/2026\/09\/WhatsApp-Image-2026-09-01-at-4.55.04-PM-1024x682.jpeg 1024w, https:\/\/alminutonoticia.com\/noticias\/wp-content\/uploads\/2026\/09\/WhatsApp-Image-2026-09-01-at-4.55.04-PM-300x200.jpeg 300w, https:\/\/alminutonoticia.com\/noticias\/wp-content\/uploads\/2026\/09\/WhatsApp-Image-2026-09-01-at-4.55.04-PM-767x511.jpeg 767w, https:\/\/alminutonoticia.com\/noticias\/wp-content\/uploads\/2026\/09\/WhatsApp-Image-2026-09-01-at-4.55.04-PM-1536x1023.jpeg 1536w, https:\/\/alminutonoticia.com\/noticias\/wp-content\/uploads\/2026\/09\/WhatsApp-Image-2026-09-01-at-4.55.04-PM.jpeg 1600w\" sizes=\"(max-width: 1024px) 100vw, 1024px\" \/><\/a><\/figure>\n<\/div>\n<\/div>\n\n\n\n<p class=\"wp-block-paragraph\">Por su parte, el vicerrector de Investigaci\u00f3n, Postgrado y Extensi\u00f3n de UMIP, el doctor Tom\u00e1s D\u00edaz, mencion\u00f3 durante el lanzamiento que \u00abla creaci\u00f3n del Doctorado Internacional en Desarrollo Sostenible responde a un diagn\u00f3stico cr\u00edtico sobre el estado de la formaci\u00f3n avanzada en nuestro pa\u00eds. Los datos analizados demuestran que, si bien la oferta posgrado ha crecido en los niveles de maestr\u00eda y especializaci\u00f3n, el nivel doctoral representa la menor proporci\u00f3n acad\u00e9mica del pa\u00eds. Al evaluar este panorama, confirmamos una realidad contundente: no exist\u00eda en la Rep\u00fablica de Panam\u00e1 ninguna oferta acad\u00e9mica de nivel de doctorado enforcada de manera espec\u00edfica en el desarrollo sostenible\u00bb.<\/p>\n\n\n\n<p class=\"wp-block-paragraph\">El Doctorado Internacional en Desarrollo Sostenible se caracteriza por su enfoque internacional e interdisciplinario, as\u00ed como por un fuerte componente de formaci\u00f3n de capacidades para el desarrollo de investigaci\u00f3n cient\u00edfica de alto nivel.<\/p>\n\n\n\n<p class=\"wp-block-paragraph\">El programa est\u00e1 dirigido a profesionales e investigadores que buscan trascender mediante la ciencia, la innovaci\u00f3n y la generaci\u00f3n de conocimiento, con una visi\u00f3n orientada a producir resultados que puedan convertirse en soluciones concretas.<\/p>\n\n\n\n<p class=\"wp-block-paragraph\">Entre sus principales objetivos se encuentra formar investigadores capaces de analizar problem\u00e1ticas complejas del desarrollo sostenible, generar nuevo conocimiento cient\u00edfico y desarrollar soluciones innovadoras frente a los desaf\u00edos actuales y futuros, tanto en Panam\u00e1 como en el \u00e1mbito internacional.<\/p>\n\n\n\n<p class=\"wp-block-paragraph\">Para Panam\u00e1, pa\u00eds cuya posici\u00f3n geogr\u00e1fica y econom\u00eda est\u00e1n estrechamente vinculadas al mar, la formaci\u00f3n de investigadores especializados en sostenibilidad adquiere una relevancia particular.<\/p>\n\n\n\n<p class=\"wp-block-paragraph\">El desarrollo de capacidades cient\u00edficas permitir\u00e1 abordar, desde una perspectiva multidisciplinaria, desaf\u00edos relacionados con la conservaci\u00f3n de los ecosistemas marinos, el cambio clim\u00e1tico, la gesti\u00f3n sostenible de los recursos naturales y el desarrollo de actividades mar\u00edtimas compatibles con la protecci\u00f3n ambiental.<\/p>\n\n\n\n<figure class=\"wp-block-image size-large\"><a href=\"https:\/\/alminutonoticia.com\/noticias\/wp-content\/uploads\/2026\/09\/WhatsApp-Image-2026-09-01-at-4.55.03-PM.jpeg\"><img decoding=\"async\" width=\"1024\" height=\"617\" src=\"https:\/\/alminutonoticia.com\/noticias\/wp-content\/uploads\/2026\/09\/WhatsApp-Image-2026-09-01-at-4.55.03-PM-1024x617.jpeg\" alt=\"\" class=\"wp-image-20544\" title=\"\" srcset=\"https:\/\/alminutonoticia.com\/noticias\/wp-content\/uploads\/2026\/09\/WhatsApp-Image-2026-09-01-at-4.55.03-PM-1024x617.jpeg 1024w, https:\/\/alminutonoticia.com\/noticias\/wp-content\/uploads\/2026\/09\/WhatsApp-Image-2026-09-01-at-4.55.03-PM-300x181.jpeg 300w, https:\/\/alminutonoticia.com\/noticias\/wp-content\/uploads\/2026\/09\/WhatsApp-Image-2026-09-01-at-4.55.03-PM-767x462.jpeg 767w, https:\/\/alminutonoticia.com\/noticias\/wp-content\/uploads\/2026\/09\/WhatsApp-Image-2026-09-01-at-4.55.03-PM-1536x925.jpeg 1536w, https:\/\/alminutonoticia.com\/noticias\/wp-content\/uploads\/2026\/09\/WhatsApp-Image-2026-09-01-at-4.55.03-PM.jpeg 1600w\" sizes=\"(max-width: 1024px) 100vw, 1024px\" \/><\/a><\/figure>\n\n\n\n<p class=\"wp-block-paragraph\">La participaci\u00f3n de la Estaci\u00f3n Cient\u00edfica Coiba AIP aporta, adem\u00e1s, un componente cient\u00edfico de especial valor por su vinculaci\u00f3n con uno de los espacios naturales m\u00e1s importantes del pa\u00eds y con investigaciones relacionadas con la biodiversidad y los ecosistemas.<\/p>\n\n\n\n<p class=\"wp-block-paragraph\">A esto se suma el respaldo de SENACYT, que contribuye al fortalecimiento del ecosistema nacional de ciencia, tecnolog\u00eda e innovaci\u00f3n, y de la UMIP, instituci\u00f3n especializada en la formaci\u00f3n de profesionales para el sector mar\u00edtimo y log\u00edstico.<\/p>\n\n\n\n<p class=\"wp-block-paragraph\">Con este doctorado, la UMIP ampl\u00eda su papel m\u00e1s all\u00e1 de la formaci\u00f3n de profesionales para la industria mar\u00edtima y reafirma su apuesta por la investigaci\u00f3n, la innovaci\u00f3n y la sostenibilidad como pilares del desarrollo nacional.<\/p>\n\n\n\n<p class=\"wp-block-paragraph\">El desaf\u00edo ahora es formar una nueva generaci\u00f3n de investigadores con capacidad para conectar la ciencia con las necesidades reales de la sociedad y de las industrias vinculadas al mar.<\/p>\n\n\n\n<p class=\"wp-block-paragraph\">Para m\u00e1s informaci\u00f3n sobre el programa de doctorado de la Universidad Mar\u00edtima Internacional de Panam\u00e1 (UMIP), las personas interesadas pueden escribir al correo electr\u00f3nico: <a href=\"mailto:admisionvipe@umip.ac.pa\">admisionvipe@umip.ac.pa<\/a>.<\/p>\n\n\n\n<p class=\"wp-block-paragraph\"><\/p>\n","protected":false},"excerpt":{"rendered":"<p>La Universidad Mar\u00edtima Internacional de Panam\u00e1 (UMIP), da un paso estrat\u00e9gico en materia de educaci\u00f3n superior e investigaci\u00f3n cient\u00edfica con el lanzamiento de su Doctorado Internacional en Desarrollo Sostenible, un programa concebido para formar investigadores capaces de generar conocimiento y soluciones frente a los grandes desaf\u00edos ambientales, sociales y econ\u00f3micos que enfrenta Panam\u00e1 y la [&hellip;]<\/p>\n","protected":false},"author":3,"featured_media":20542,"comment_status":"open","ping_status":"open","sticky":false,"template":"","format":"standard","meta":{"footnotes":""},"categories":[36],"tags":[],"class_list":["post-20541","post","type-post","status-publish","format-standard","has-post-thumbnail","hentry","category-nacionales"],"_links":{"self":[{"href":"https:\/\/alminutonoticia.com\/noticias\/wp-json\/wp\/v2\/posts\/20541","targetHints":{"allow":["GET"]}}],"collection":[{"href":"https:\/\/alminutonoticia.com\/noticias\/wp-json\/wp\/v2\/posts"}],"about":[{"href":"https:\/\/alminutonoticia.com\/noticias\/wp-json\/wp\/v2\/types\/post"}],"author":[{"embeddable":true,"href":"https:\/\/alminutonoticia.com\/noticias\/wp-json\/wp\/v2\/users\/3"}],"replies":[{"embeddable":true,"href":"https:\/\/alminutonoticia.com\/noticias\/wp-json\/wp\/v2\/comments?post=20541"}],"version-history":[{"count":1,"href":"https:\/\/alminutonoticia.com\/noticias\/wp-json\/wp\/v2\/posts\/20541\/revisions"}],"predecessor-version":[{"id":20545,"href":"https:\/\/alminutonoticia.com\/noticias\/wp-json\/wp\/v2\/posts\/20541\/revisions\/20545"}],"wp:featuredmedia":[{"embeddable":true,"href":"https:\/\/alminutonoticia.com\/noticias\/wp-json\/wp\/v2\/media\/20542"}],"wp:attachment":[{"href":"https:\/\/alminutonoticia.com\/noticias\/wp-json\/wp\/v2\/media?parent=20541"}],"wp:term":[{"taxonomy":"category","embeddable":true,"href":"https:\/\/alminutonoticia.com\/noticias\/wp-json\/wp\/v2\/categories?post=20541"},{"taxonomy":"post_tag","embeddable":true,"href":"https:\/\/alminutonoticia.com\/noticias\/wp-json\/wp\/v2\/tags?post=20541"}],"curies":[{"name":"wp","href":"https:\/\/api.w.org\/{rel}","templated":true}]}}