{"id":20523,"date":"2026-09-01T20:40:14","date_gmt":"2026-09-01T20:40:14","guid":{"rendered":"https:\/\/alminutonoticia.com\/noticias\/?p=20523"},"modified":"2026-09-01T20:40:16","modified_gmt":"2026-09-01T20:40:16","slug":"avanza-el-proceso-licitacion-del-teleferico-de-panama-y-san-miguelito","status":"publish","type":"post","link":"https:\/\/alminutonoticia.com\/noticias\/avanza-el-proceso-licitacion-del-teleferico-de-panama-y-san-miguelito\/","title":{"rendered":"Avanza el proceso licitaci\u00f3n del Telef\u00e9rico de Panam\u00e1 y San Miguelito"},"content":{"rendered":"\n<p class=\"wp-block-paragraph\">Domingo 30 de agosto de 2026. La Comisi\u00f3n Evaluadora de la licitaci\u00f3n para el desarrollo del Telef\u00e9rico de Panam\u00e1 y San Miguelito concluy\u00f3 que Doppelmayr Panam\u00e1 Corp. cumpli\u00f3 con los requisitos y exigencias establecidos en el Pliego de Cargos de la Licitaci\u00f3n por Mejor Valor N.\u00b0 2026-2-80-01-08-LV-000002, por lo que recomend\u00f3 la adjudicaci\u00f3n del acto p\u00fablico.<\/p>\n\n\n\n<p class=\"wp-block-paragraph\">La recomendaci\u00f3n de la Comisi\u00f3n Evaluadora forma parte de las distintas etapas del proceso de contrataci\u00f3n, que ahora continuar\u00e1 con los tr\u00e1mites administrativos correspondientes, de conformidad con la Ley 22 de Contrataciones P\u00fablicas y su reglamentaci\u00f3n.<\/p>\n\n\n\n<p class=\"wp-block-paragraph\">El proyecto contempla aproximadamente 6.6 kil\u00f3metros de recorrido y seis estaciones, que permitir\u00e1n conectar distintos sectores de los distritos de Panam\u00e1 y San Miguelito.<\/p>\n\n\n\n<p class=\"wp-block-paragraph\">La contrataci\u00f3n comprende el dise\u00f1o, los estudios complementarios, la construcci\u00f3n, el suministro e instalaci\u00f3n del sistema, as\u00ed como su integraci\u00f3n, pruebas, certificaci\u00f3n, puesta en marcha y entrega operativa. Tambi\u00e9n incluye una opci\u00f3n de mantenimiento.<\/p>\n\n\n\n<p class=\"wp-block-paragraph\">El Telef\u00e9rico de Panam\u00e1 y San Miguelito busca ampliar las alternativas de movilidad y fortalecer la conectividad del transporte p\u00fablico para comunidades como Samaria, Mano de Piedra, Valle de Urrac\u00e1 y Torrijos Carter.<\/p>\n\n\n\n<p class=\"wp-block-paragraph\">El sistema se integrar\u00e1 con la L\u00ednea 2 del Metro de Panam\u00e1 en la estaci\u00f3n Cincuentenario y su recorrido se extender\u00e1 hasta el sector de interconexi\u00f3n entre la v\u00eda Cincuentenario y la v\u00eda Espa\u00f1a.<\/p>\n\n\n\n<figure class=\"wp-block-image size-large\"><a href=\"https:\/\/alminutonoticia.com\/noticias\/wp-content\/uploads\/2026\/09\/WhatsApp-Image-2026-08-31-at-11.33.40-AM.jpeg\"><img fetchpriority=\"high\" decoding=\"async\" width=\"825\" height=\"1024\" src=\"https:\/\/alminutonoticia.com\/noticias\/wp-content\/uploads\/2026\/09\/WhatsApp-Image-2026-08-31-at-11.33.40-AM-825x1024.jpeg\" alt=\"\" class=\"wp-image-20524\" title=\"\" srcset=\"https:\/\/alminutonoticia.com\/noticias\/wp-content\/uploads\/2026\/09\/WhatsApp-Image-2026-08-31-at-11.33.40-AM-825x1024.jpeg 825w, https:\/\/alminutonoticia.com\/noticias\/wp-content\/uploads\/2026\/09\/WhatsApp-Image-2026-08-31-at-11.33.40-AM-242x300.jpeg 242w, https:\/\/alminutonoticia.com\/noticias\/wp-content\/uploads\/2026\/09\/WhatsApp-Image-2026-08-31-at-11.33.40-AM-768x953.jpeg 768w, https:\/\/alminutonoticia.com\/noticias\/wp-content\/uploads\/2026\/09\/WhatsApp-Image-2026-08-31-at-11.33.40-AM.jpeg 830w\" sizes=\"(max-width: 825px) 100vw, 825px\" \/><\/a><\/figure>\n","protected":false},"excerpt":{"rendered":"<p>Domingo 30 de agosto de 2026. La Comisi\u00f3n Evaluadora de la licitaci\u00f3n para el desarrollo del Telef\u00e9rico de Panam\u00e1 y San Miguelito concluy\u00f3 que Doppelmayr Panam\u00e1 Corp. cumpli\u00f3 con los requisitos y exigencias establecidos en el Pliego de Cargos de la Licitaci\u00f3n por Mejor Valor N.\u00b0 2026-2-80-01-08-LV-000002, por lo que recomend\u00f3 la adjudicaci\u00f3n del acto [&hellip;]<\/p>\n","protected":false},"author":2,"featured_media":20524,"comment_status":"open","ping_status":"open","sticky":false,"template":"","format":"standard","meta":{"footnotes":""},"categories":[36],"tags":[],"class_list":["post-20523","post","type-post","status-publish","format-standard","has-post-thumbnail","hentry","category-nacionales"],"_links":{"self":[{"href":"https:\/\/alminutonoticia.com\/noticias\/wp-json\/wp\/v2\/posts\/20523","targetHints":{"allow":["GET"]}}],"collection":[{"href":"https:\/\/alminutonoticia.com\/noticias\/wp-json\/wp\/v2\/posts"}],"about":[{"href":"https:\/\/alminutonoticia.com\/noticias\/wp-json\/wp\/v2\/types\/post"}],"author":[{"embeddable":true,"href":"https:\/\/alminutonoticia.com\/noticias\/wp-json\/wp\/v2\/users\/2"}],"replies":[{"embeddable":true,"href":"https:\/\/alminutonoticia.com\/noticias\/wp-json\/wp\/v2\/comments?post=20523"}],"version-history":[{"count":1,"href":"https:\/\/alminutonoticia.com\/noticias\/wp-json\/wp\/v2\/posts\/20523\/revisions"}],"predecessor-version":[{"id":20525,"href":"https:\/\/alminutonoticia.com\/noticias\/wp-json\/wp\/v2\/posts\/20523\/revisions\/20525"}],"wp:featuredmedia":[{"embeddable":true,"href":"https:\/\/alminutonoticia.com\/noticias\/wp-json\/wp\/v2\/media\/20524"}],"wp:attachment":[{"href":"https:\/\/alminutonoticia.com\/noticias\/wp-json\/wp\/v2\/media?parent=20523"}],"wp:term":[{"taxonomy":"category","embeddable":true,"href":"https:\/\/alminutonoticia.com\/noticias\/wp-json\/wp\/v2\/categories?post=20523"},{"taxonomy":"post_tag","embeddable":true,"href":"https:\/\/alminutonoticia.com\/noticias\/wp-json\/wp\/v2\/tags?post=20523"}],"curies":[{"name":"wp","href":"https:\/\/api.w.org\/{rel}","templated":true}]}}