{"id":2047,"date":"2023-03-25T15:37:23","date_gmt":"2023-03-25T15:37:23","guid":{"rendered":"https:\/\/alminutonoticia.com\/noticias\/?p=2047"},"modified":"2023-03-25T15:37:24","modified_gmt":"2023-03-25T15:37:24","slug":"verifican-traslado-de-migrantes-de-darien-a-chiriqui","status":"publish","type":"post","link":"https:\/\/alminutonoticia.com\/noticias\/verifican-traslado-de-migrantes-de-darien-a-chiriqui\/","title":{"rendered":"Verifican traslado de migrantes de Dari\u00e9n a Chiriqu\u00ed"},"content":{"rendered":"\n<p>El comisionado Ascanio Ellis, Oficial Superior de Gestiones Fronterizas Migratorias, junto con el director de la Autoridad de Tr\u00e1nsito y Transporte Terrestre (ATTT), Carlos Ord\u00f3\u00f1ez, realiz\u00f3 este jueves un recorrido para observar el proceso de movilidad de los migrantes irregulares que se encuentran en las Estaciones Temporales de Recepci\u00f3n Migratoria (ETRM), en la provincia de Dari\u00e9n.<\/p>\n\n\n\n<p>Durante el recorrido, se pudo observar la din\u00e1mica con la que los transportistas de Dari\u00e9n brindan el servicio a los migrantes irregulares, para que puedan ser trasladados a la estaci\u00f3n de Los Planes de Gualaca, en la provincia de Chiriqu\u00ed.<\/p>\n\n\n\n<p>Tanto el comisionado Ellis, como el director de la ATTT, dialogaron con los dirigentes de la prestataria del servicio de autobuses de la ruta Dari\u00e9n-Panam\u00e1, quienes reiteraron su disposici\u00f3n a mantener la operaci\u00f3n de traslado de los migrantes irregulares, a fin de que puedan continuar su camino hacia Norteam\u00e9rica.<\/p>\n\n\n\n<figure class=\"wp-block-image size-full\"><a href=\"https:\/\/alminutonoticia.com\/noticias\/wp-content\/uploads\/2023\/03\/641cebe18fb7e.jpeg\"><img fetchpriority=\"high\" decoding=\"async\" width=\"640\" height=\"434\" src=\"https:\/\/alminutonoticia.com\/noticias\/wp-content\/uploads\/2023\/03\/641cebe18fb7e.jpeg\" alt=\"\" class=\"wp-image-2048\" title=\"\" srcset=\"https:\/\/alminutonoticia.com\/noticias\/wp-content\/uploads\/2023\/03\/641cebe18fb7e.jpeg 640w, https:\/\/alminutonoticia.com\/noticias\/wp-content\/uploads\/2023\/03\/641cebe18fb7e-300x203.jpeg 300w\" sizes=\"(max-width: 640px) 100vw, 640px\" \/><\/a><\/figure>\n\n\n\n<figure class=\"wp-block-image size-full\"><a href=\"https:\/\/alminutonoticia.com\/noticias\/wp-content\/uploads\/2023\/03\/WhatsApp-Image-2023-03-23-at-7.03.07-PM-1024x682-1.jpeg\"><img decoding=\"async\" width=\"1024\" height=\"682\" src=\"https:\/\/alminutonoticia.com\/noticias\/wp-content\/uploads\/2023\/03\/WhatsApp-Image-2023-03-23-at-7.03.07-PM-1024x682-1.jpeg\" alt=\"\" class=\"wp-image-2049\" title=\"\" srcset=\"https:\/\/alminutonoticia.com\/noticias\/wp-content\/uploads\/2023\/03\/WhatsApp-Image-2023-03-23-at-7.03.07-PM-1024x682-1.jpeg 1024w, https:\/\/alminutonoticia.com\/noticias\/wp-content\/uploads\/2023\/03\/WhatsApp-Image-2023-03-23-at-7.03.07-PM-1024x682-1-300x200.jpeg 300w, https:\/\/alminutonoticia.com\/noticias\/wp-content\/uploads\/2023\/03\/WhatsApp-Image-2023-03-23-at-7.03.07-PM-1024x682-1-768x512.jpeg 768w\" sizes=\"(max-width: 1024px) 100vw, 1024px\" \/><\/a><\/figure>\n","protected":false},"excerpt":{"rendered":"<p>El comisionado Ascanio Ellis, Oficial Superior de Gestiones Fronterizas Migratorias, junto con el director de la Autoridad de Tr\u00e1nsito y Transporte Terrestre (ATTT), Carlos Ord\u00f3\u00f1ez, realiz\u00f3 este jueves un recorrido para observar el proceso de movilidad de los migrantes irregulares que se encuentran en las Estaciones Temporales de Recepci\u00f3n Migratoria (ETRM), en la provincia de [&hellip;]<\/p>\n","protected":false},"author":3,"featured_media":2048,"comment_status":"open","ping_status":"open","sticky":false,"template":"","format":"standard","meta":{"footnotes":""},"categories":[39,36],"tags":[],"class_list":["post-2047","post","type-post","status-publish","format-standard","has-post-thumbnail","hentry","category-internacionales","category-nacionales"],"_links":{"self":[{"href":"https:\/\/alminutonoticia.com\/noticias\/wp-json\/wp\/v2\/posts\/2047","targetHints":{"allow":["GET"]}}],"collection":[{"href":"https:\/\/alminutonoticia.com\/noticias\/wp-json\/wp\/v2\/posts"}],"about":[{"href":"https:\/\/alminutonoticia.com\/noticias\/wp-json\/wp\/v2\/types\/post"}],"author":[{"embeddable":true,"href":"https:\/\/alminutonoticia.com\/noticias\/wp-json\/wp\/v2\/users\/3"}],"replies":[{"embeddable":true,"href":"https:\/\/alminutonoticia.com\/noticias\/wp-json\/wp\/v2\/comments?post=2047"}],"version-history":[{"count":1,"href":"https:\/\/alminutonoticia.com\/noticias\/wp-json\/wp\/v2\/posts\/2047\/revisions"}],"predecessor-version":[{"id":2050,"href":"https:\/\/alminutonoticia.com\/noticias\/wp-json\/wp\/v2\/posts\/2047\/revisions\/2050"}],"wp:featuredmedia":[{"embeddable":true,"href":"https:\/\/alminutonoticia.com\/noticias\/wp-json\/wp\/v2\/media\/2048"}],"wp:attachment":[{"href":"https:\/\/alminutonoticia.com\/noticias\/wp-json\/wp\/v2\/media?parent=2047"}],"wp:term":[{"taxonomy":"category","embeddable":true,"href":"https:\/\/alminutonoticia.com\/noticias\/wp-json\/wp\/v2\/categories?post=2047"},{"taxonomy":"post_tag","embeddable":true,"href":"https:\/\/alminutonoticia.com\/noticias\/wp-json\/wp\/v2\/tags?post=2047"}],"curies":[{"name":"wp","href":"https:\/\/api.w.org\/{rel}","templated":true}]}}