{"id":2040,"date":"2023-03-25T15:31:05","date_gmt":"2023-03-25T15:31:05","guid":{"rendered":"https:\/\/alminutonoticia.com\/noticias\/?p=2040"},"modified":"2023-03-25T15:31:07","modified_gmt":"2023-03-25T15:31:07","slug":"todo-listo-para-congreso-nacional-extraordinario-del-pp","status":"publish","type":"post","link":"https:\/\/alminutonoticia.com\/noticias\/todo-listo-para-congreso-nacional-extraordinario-del-pp\/","title":{"rendered":"Todo listo para Congreso Nacional Extraordinario del PP"},"content":{"rendered":"\n<p>Todo se encuentra listo para el Congreso Nacional Extraordinario del Partido Popular (PP), evento que se llevar\u00e1 a cabo este s\u00e1bado 25 de marzo, en donde la Direcci\u00f3n Nacional de Organizaci\u00f3n Electoral del Tribunal Electoral, a solicitud del colectivo pol\u00edtico, estar\u00e1 verificando la acreditaci\u00f3n de 350 delegados habilitados para participar en la convocatoria.<\/p>\n\n\n\n<p>Zulphy Santamar\u00eda, vicepresidenta del PP expres\u00f3 a Panorama Econ\u00f3mico Panam\u00e1 que, \u00aba partir de las 11 de la ma\u00f1ana se iniciar\u00e1 con el proceso de acreditaci\u00f3n de los delegados. Se espera que para esta convocatoria asistan los 350 delegados habilitados para participar, ya que estaremos analizando algunas reformas a nuestros estatutos\u00bb.<\/p>\n\n\n\n<p>\u00abA los delegados presenten en el Congreso Nacional Extraordinario, la junta directiva del Partido les estar\u00e1 informando sobre todos los adelantos y conversaciones que se han registrado tanto con el expresidente Mart\u00edn Torrijos como con otros colectivos para conformar una gran alianza por el pa\u00eds\u00bb, a\u00f1adi\u00f3 la dirigente.<\/p>\n\n\n\n<p>Al ser cuestionada por Panorama Econ\u00f3mico Panam\u00e1 sobre la posible postulaci\u00f3n oficial del exmandatario Torrijos, la dirigente del PP se\u00f1al\u00f3 que esta propuesta a\u00fan no se ha formalizado, siguiendo con las normativas electorales establecidas.<\/p>\n\n\n\n<p>Santamar\u00eda tambi\u00e9n revel\u00f3 que siguiendo el orden del d\u00eda que se tiene establecido para este s\u00e1bado, se espera culminar con el Congreso Nacional Extraordinadiro a las 3 de la tarde.<\/p>\n\n\n\n<figure class=\"wp-block-image size-full\"><a href=\"https:\/\/alminutonoticia.com\/noticias\/wp-content\/uploads\/2023\/03\/Partido-popular.png\"><img fetchpriority=\"high\" decoding=\"async\" width=\"530\" height=\"262\" src=\"https:\/\/alminutonoticia.com\/noticias\/wp-content\/uploads\/2023\/03\/Partido-popular.png\" alt=\"\" class=\"wp-image-2041\" title=\"\" srcset=\"https:\/\/alminutonoticia.com\/noticias\/wp-content\/uploads\/2023\/03\/Partido-popular.png 530w, https:\/\/alminutonoticia.com\/noticias\/wp-content\/uploads\/2023\/03\/Partido-popular-300x148.png 300w\" sizes=\"(max-width: 530px) 100vw, 530px\" \/><\/a><\/figure>\n","protected":false},"excerpt":{"rendered":"<p>Todo se encuentra listo para el Congreso Nacional Extraordinario del Partido Popular (PP), evento que se llevar\u00e1 a cabo este s\u00e1bado 25 de marzo, en donde la Direcci\u00f3n Nacional de Organizaci\u00f3n Electoral del Tribunal Electoral, a solicitud del colectivo pol\u00edtico, estar\u00e1 verificando la acreditaci\u00f3n de 350 delegados habilitados para participar en la convocatoria. Zulphy Santamar\u00eda, [&hellip;]<\/p>\n","protected":false},"author":3,"featured_media":2041,"comment_status":"open","ping_status":"open","sticky":false,"template":"","format":"standard","meta":{"footnotes":""},"categories":[36,37],"tags":[],"class_list":["post-2040","post","type-post","status-publish","format-standard","has-post-thumbnail","hentry","category-nacionales","category-politica"],"_links":{"self":[{"href":"https:\/\/alminutonoticia.com\/noticias\/wp-json\/wp\/v2\/posts\/2040","targetHints":{"allow":["GET"]}}],"collection":[{"href":"https:\/\/alminutonoticia.com\/noticias\/wp-json\/wp\/v2\/posts"}],"about":[{"href":"https:\/\/alminutonoticia.com\/noticias\/wp-json\/wp\/v2\/types\/post"}],"author":[{"embeddable":true,"href":"https:\/\/alminutonoticia.com\/noticias\/wp-json\/wp\/v2\/users\/3"}],"replies":[{"embeddable":true,"href":"https:\/\/alminutonoticia.com\/noticias\/wp-json\/wp\/v2\/comments?post=2040"}],"version-history":[{"count":1,"href":"https:\/\/alminutonoticia.com\/noticias\/wp-json\/wp\/v2\/posts\/2040\/revisions"}],"predecessor-version":[{"id":2042,"href":"https:\/\/alminutonoticia.com\/noticias\/wp-json\/wp\/v2\/posts\/2040\/revisions\/2042"}],"wp:featuredmedia":[{"embeddable":true,"href":"https:\/\/alminutonoticia.com\/noticias\/wp-json\/wp\/v2\/media\/2041"}],"wp:attachment":[{"href":"https:\/\/alminutonoticia.com\/noticias\/wp-json\/wp\/v2\/media?parent=2040"}],"wp:term":[{"taxonomy":"category","embeddable":true,"href":"https:\/\/alminutonoticia.com\/noticias\/wp-json\/wp\/v2\/categories?post=2040"},{"taxonomy":"post_tag","embeddable":true,"href":"https:\/\/alminutonoticia.com\/noticias\/wp-json\/wp\/v2\/tags?post=2040"}],"curies":[{"name":"wp","href":"https:\/\/api.w.org\/{rel}","templated":true}]}}