{"id":2030,"date":"2023-03-25T15:11:04","date_gmt":"2023-03-25T15:11:04","guid":{"rendered":"https:\/\/alminutonoticia.com\/noticias\/?p=2030"},"modified":"2023-03-25T15:11:05","modified_gmt":"2023-03-25T15:11:05","slug":"leyes-centradas-en-los-derechos-de-la-naturaleza-discusion-puntual-en-la-conferencia-del-agua","status":"publish","type":"post","link":"https:\/\/alminutonoticia.com\/noticias\/leyes-centradas-en-los-derechos-de-la-naturaleza-discusion-puntual-en-la-conferencia-del-agua\/","title":{"rendered":"Leyes centradas en los derechos de la naturaleza: Discusi\u00f3n puntual en la Conferencia del Agua"},"content":{"rendered":"\n<p>En febrero del 2022 Panam\u00e1 reforz\u00f3 sus normativas en materia de protecci\u00f3n y conservaci\u00f3n del ambiente con la firma de la Ley 287 del 24 de febrero de 2022, \u201cPor medio de la cual se reconocen los Derechos de la Naturaleza, las obligaciones del estado relacionados a estos Derechos, y se dictan otras disposiciones\u201d.<\/p>\n\n\n\n<p>Siendo un pa\u00eds modelo, el ministro Milciades Concepci\u00f3n, explic\u00f3 antes cientos de representantes internaciones, presentes en la Conferencia del Agua, los pasos de Panam\u00e1 es establecer las pol\u00edticas del Estado que cuenten con variables ambientales y que se encuentren alineadas para satisfacer las necesidades b\u00e1sicas de la poblaci\u00f3n vinculadas con el desarrollo social y econ\u00f3mico.<\/p>\n\n\n\n<p>La intervenci\u00f3n del titular de la cartera de ambiente se dio en el evento paralelo de Earth Law Center, denominado \u00abDerechos de la Naturaleza: la conexi\u00f3n faltante para potenciar e implementar los ODS en agua.\u00bb<\/p>\n\n\n\n<p>Como parte de un panel de expertos, Concepci\u00f3n destac\u00f3 que el objetivo de la precitada Ley es que la naturaleza pueda cumplir sus funciones (expansi\u00f3n y crecimiento natural de la naturaleza), toda vez que la naturaleza tiene derecho a conservar su biodiversidad, especialmente debido a la vulnerabilidad en la que se encuentra ante las actividades humanas para que no perjudiquen la funcionalidad de los ciclos del agua, su existencia en la cantidad y calidad necesarias para el sostenimiento de los sistemas de vida.<\/p>\n\n\n\n<p>\u201cDe all\u00ed que, para Panam\u00e1, abonar a las metas globales de conservaci\u00f3n y liderar iniciativas como las del 30&#215;30, en donde la aplicaci\u00f3n de medidas eficaces de conservaci\u00f3n que est\u00e9n basadas en las \u00e1reas protegidas, deber\u00e1n ampliarse para cubrir al menos el 30% del planeta para 2030, a fin de que se reconozcan al mismo tiempo los derechos y roles de los grupos vulnerables como los pueblos ind\u00edgenas y las comunidades locales como sus defensores m\u00e1s f\u00e9rreos\u201d, ahond\u00f3.<\/p>\n\n\n\n<p>Tambi\u00e9n expusieron otros representantes conocedores de la materia como Ursell Arends, Ministro de Transporte, Integridad, Naturaleza de Aruba, Josefina Tunki, lideresa ind\u00edgena Shuar, Tom Goldtooth, defensor de los derechos humanos y el reconocido icti\u00f3logo Nathan Lujan.<\/p>\n\n\n\n<p>Concepci\u00f3n comparti\u00f3 que en la actualidad, a trav\u00e9s de lo mandatado a trav\u00e9s del art\u00edculo 17 de la Ley 287 de 24 de febrero de 2022, esta Ley se encuentra en proceso de reglamentarse a trav\u00e9s del \u00d3rgano Ejecutivo, permitiendo que toda persona o colectividad solicite el respeto integral de su existencia, al mantenimiento y regeneraci\u00f3n, estructuras, funciones y procesos evolutivos, as\u00ed como tambi\u00e9n reconoce el derecho a la vida, a la diversidad y a preservar la funcionalidad de los ciclos del agua y su protecci\u00f3n frente a la contaminaci\u00f3n para la reproducci\u00f3n de la vida de la madre tierra y todos sus componentes.<\/p>\n\n\n\n<p>Explic\u00f3 adem\u00e1s que el componente h\u00eddrico no es el \u00fanico contemplado, ya que tambi\u00e9n se garantizan derechos tales como el de:<br>\u00b7 Derecho de existir, persistir y regenerar sus ciclos vitales.<br>\u00b7 Derecho a la diversidad de la vida de los seres, elementos y ecosistemas que la componen.<br>\u00b7 Derecho a la restauraci\u00f3n oportuna y efectiva de los sistemas de vida afectados por las actividades humanas directa o indirectamente.<br>\u00b7 Derecho a existir libre de contaminaci\u00f3n de cualquiera de sus componentes, as\u00ed como de residuos t\u00f3xicos y radiactivos generados por las actividades humanas.<\/p>\n\n\n\n<p>Otra de las preguntas dictadas en el panel estaban relacionadas con los Proyecciones y desaf\u00edos del Proceso de Implementaci\u00f3n paname\u00f1as, all\u00ed hizo menci\u00f3n de la Ley 371 de 1 de marzo de 2023 \u201cQue establece la conservaci\u00f3n y protecci\u00f3n de las tortugas marinas y sus h\u00e1bitats en la Rep\u00fablica de Panam\u00e1\u201d, la cual tiene como objeto \u201cproteger y conservar todas las especies de tortugas marinas presentes en el territorio nacional, as\u00ed como garantizar la restauraci\u00f3n, prevenci\u00f3n de contaminaci\u00f3n y degradaci\u00f3n de los h\u00e1bitats de las tortugas marinas, y establecer acciones y medidas necesarias para asegurar la resiliencia y supervivencia de estas especies.\u201d<\/p>\n\n\n\n<p>Tambi\u00e9n, sobre la propuesta de la Resoluci\u00f3n Ministerial que pretende crear como Refugio de Vida Silvestre el \u00e1rea de Saboga en el archipi\u00e9lago de las Perlas en Panam\u00e1, dej\u00f3 claro que esta iniciativa responde a una necesidad urgente de crear santuarios para las especies marinas tan emblem\u00e1ticas como lo son las tortugas marinas, que dependen para sobrevivir de dos ecosistemas; la biodiversidad marina es vital para la salud de las personas y de nuestro planeta.<\/p>\n\n\n\n<p>\u201cPor \u00faltimo, de ser aprobada esta propuesta, se espera aumentar la superficie de \u00e1reas de anidamiento, reproducci\u00f3n y alimentaci\u00f3n de las tortugas marinas a nivel nacional, acompa\u00f1ado de acciones de sensibilizaci\u00f3n, que ya est\u00e1n en marcha y contribuir a la gesti\u00f3n eficiente de las \u00e1reas marinas protegidas para lograr alcanzar la meta 14 de la ODS\u201d, concluy\u00f3.<\/p>\n\n\n\n<figure class=\"wp-block-image size-large\"><a href=\"https:\/\/alminutonoticia.com\/noticias\/wp-content\/uploads\/2023\/03\/WhatsApp-Image-2023-03-25-at-9.41.34-AM.jpeg\"><img fetchpriority=\"high\" decoding=\"async\" width=\"1024\" height=\"576\" src=\"https:\/\/alminutonoticia.com\/noticias\/wp-content\/uploads\/2023\/03\/WhatsApp-Image-2023-03-25-at-9.41.34-AM-1024x576.jpeg\" alt=\"\" class=\"wp-image-2031\" title=\"\" srcset=\"https:\/\/alminutonoticia.com\/noticias\/wp-content\/uploads\/2023\/03\/WhatsApp-Image-2023-03-25-at-9.41.34-AM-1024x576.jpeg 1024w, https:\/\/alminutonoticia.com\/noticias\/wp-content\/uploads\/2023\/03\/WhatsApp-Image-2023-03-25-at-9.41.34-AM-300x169.jpeg 300w, https:\/\/alminutonoticia.com\/noticias\/wp-content\/uploads\/2023\/03\/WhatsApp-Image-2023-03-25-at-9.41.34-AM-768x432.jpeg 768w, https:\/\/alminutonoticia.com\/noticias\/wp-content\/uploads\/2023\/03\/WhatsApp-Image-2023-03-25-at-9.41.34-AM-1536x864.jpeg 1536w, https:\/\/alminutonoticia.com\/noticias\/wp-content\/uploads\/2023\/03\/WhatsApp-Image-2023-03-25-at-9.41.34-AM.jpeg 1600w\" sizes=\"(max-width: 1024px) 100vw, 1024px\" \/><\/a><\/figure>\n\n\n\n<figure class=\"wp-block-image size-large\"><a href=\"https:\/\/alminutonoticia.com\/noticias\/wp-content\/uploads\/2023\/03\/WhatsApp-Image-2023-03-25-at-9.41.33-AM-1.jpeg\"><img decoding=\"async\" width=\"1024\" height=\"576\" src=\"https:\/\/alminutonoticia.com\/noticias\/wp-content\/uploads\/2023\/03\/WhatsApp-Image-2023-03-25-at-9.41.33-AM-1-1024x576.jpeg\" alt=\"\" class=\"wp-image-2032\" title=\"\" srcset=\"https:\/\/alminutonoticia.com\/noticias\/wp-content\/uploads\/2023\/03\/WhatsApp-Image-2023-03-25-at-9.41.33-AM-1-1024x576.jpeg 1024w, https:\/\/alminutonoticia.com\/noticias\/wp-content\/uploads\/2023\/03\/WhatsApp-Image-2023-03-25-at-9.41.33-AM-1-300x169.jpeg 300w, https:\/\/alminutonoticia.com\/noticias\/wp-content\/uploads\/2023\/03\/WhatsApp-Image-2023-03-25-at-9.41.33-AM-1-768x432.jpeg 768w, https:\/\/alminutonoticia.com\/noticias\/wp-content\/uploads\/2023\/03\/WhatsApp-Image-2023-03-25-at-9.41.33-AM-1-1536x864.jpeg 1536w, https:\/\/alminutonoticia.com\/noticias\/wp-content\/uploads\/2023\/03\/WhatsApp-Image-2023-03-25-at-9.41.33-AM-1.jpeg 1600w\" sizes=\"(max-width: 1024px) 100vw, 1024px\" \/><\/a><\/figure>\n\n\n\n<figure class=\"wp-block-image size-large\"><a href=\"https:\/\/alminutonoticia.com\/noticias\/wp-content\/uploads\/2023\/03\/WhatsApp-Image-2023-03-25-at-9.41.33-AM.jpeg\"><img decoding=\"async\" width=\"1024\" height=\"576\" src=\"https:\/\/alminutonoticia.com\/noticias\/wp-content\/uploads\/2023\/03\/WhatsApp-Image-2023-03-25-at-9.41.33-AM-1024x576.jpeg\" alt=\"\" class=\"wp-image-2033\" title=\"\" srcset=\"https:\/\/alminutonoticia.com\/noticias\/wp-content\/uploads\/2023\/03\/WhatsApp-Image-2023-03-25-at-9.41.33-AM-1024x576.jpeg 1024w, https:\/\/alminutonoticia.com\/noticias\/wp-content\/uploads\/2023\/03\/WhatsApp-Image-2023-03-25-at-9.41.33-AM-300x169.jpeg 300w, https:\/\/alminutonoticia.com\/noticias\/wp-content\/uploads\/2023\/03\/WhatsApp-Image-2023-03-25-at-9.41.33-AM-768x432.jpeg 768w, https:\/\/alminutonoticia.com\/noticias\/wp-content\/uploads\/2023\/03\/WhatsApp-Image-2023-03-25-at-9.41.33-AM-1536x864.jpeg 1536w, https:\/\/alminutonoticia.com\/noticias\/wp-content\/uploads\/2023\/03\/WhatsApp-Image-2023-03-25-at-9.41.33-AM.jpeg 1600w\" sizes=\"(max-width: 1024px) 100vw, 1024px\" \/><\/a><\/figure>\n","protected":false},"excerpt":{"rendered":"<p>En febrero del 2022 Panam\u00e1 reforz\u00f3 sus normativas en materia de protecci\u00f3n y conservaci\u00f3n del ambiente con la firma de la Ley 287 del 24 de febrero de 2022, \u201cPor medio de la cual se reconocen los Derechos de la Naturaleza, las obligaciones del estado relacionados a estos Derechos, y se dictan otras disposiciones\u201d. Siendo [&hellip;]<\/p>\n","protected":false},"author":3,"featured_media":2033,"comment_status":"open","ping_status":"open","sticky":false,"template":"","format":"standard","meta":{"footnotes":""},"categories":[42,36],"tags":[],"class_list":["post-2030","post","type-post","status-publish","format-standard","has-post-thumbnail","hentry","category-ambiente","category-nacionales"],"_links":{"self":[{"href":"https:\/\/alminutonoticia.com\/noticias\/wp-json\/wp\/v2\/posts\/2030","targetHints":{"allow":["GET"]}}],"collection":[{"href":"https:\/\/alminutonoticia.com\/noticias\/wp-json\/wp\/v2\/posts"}],"about":[{"href":"https:\/\/alminutonoticia.com\/noticias\/wp-json\/wp\/v2\/types\/post"}],"author":[{"embeddable":true,"href":"https:\/\/alminutonoticia.com\/noticias\/wp-json\/wp\/v2\/users\/3"}],"replies":[{"embeddable":true,"href":"https:\/\/alminutonoticia.com\/noticias\/wp-json\/wp\/v2\/comments?post=2030"}],"version-history":[{"count":1,"href":"https:\/\/alminutonoticia.com\/noticias\/wp-json\/wp\/v2\/posts\/2030\/revisions"}],"predecessor-version":[{"id":2035,"href":"https:\/\/alminutonoticia.com\/noticias\/wp-json\/wp\/v2\/posts\/2030\/revisions\/2035"}],"wp:featuredmedia":[{"embeddable":true,"href":"https:\/\/alminutonoticia.com\/noticias\/wp-json\/wp\/v2\/media\/2033"}],"wp:attachment":[{"href":"https:\/\/alminutonoticia.com\/noticias\/wp-json\/wp\/v2\/media?parent=2030"}],"wp:term":[{"taxonomy":"category","embeddable":true,"href":"https:\/\/alminutonoticia.com\/noticias\/wp-json\/wp\/v2\/categories?post=2030"},{"taxonomy":"post_tag","embeddable":true,"href":"https:\/\/alminutonoticia.com\/noticias\/wp-json\/wp\/v2\/tags?post=2030"}],"curies":[{"name":"wp","href":"https:\/\/api.w.org\/{rel}","templated":true}]}}