{"id":1994,"date":"2023-03-23T12:03:41","date_gmt":"2023-03-23T12:03:41","guid":{"rendered":"https:\/\/alminutonoticia.com\/noticias\/?p=1994"},"modified":"2023-03-23T12:03:41","modified_gmt":"2023-03-23T12:03:41","slug":"utiles-escolares-para-estudiantes-de-walla-comarca-de-guargandi","status":"publish","type":"post","link":"https:\/\/alminutonoticia.com\/noticias\/utiles-escolares-para-estudiantes-de-walla-comarca-de-guargandi\/","title":{"rendered":"\u00datiles escolares para estudiantes de Walla, comarca de Guargand\u00ed"},"content":{"rendered":"\n<p>La entrega se hizo en la Escuela de Walla, con el objetivo de que los ni\u00f1os no pierdan d\u00edas de clases, iniciativa que tuvo la participaci\u00f3n de los colaboradores del Meduca, que reunieron los materiales necesarios para cada ni\u00f1o y que contribuyen a evitar el rezago educativo.<\/p>\n\n\n\n<p>Carmen Aparicio, directora Nacional de Educaci\u00f3n Ambiental, quien lider\u00f3 la entrega por parte del Meduca, dijo que mantener la continuidad educativa es clave y en el aspecto colaborativo, el resultado positivo de esta iniciativa que llegar\u00e1 directamente a los ni\u00f1os de Walla.<\/p>\n\n\n\n<p>Los padres de familia agradecieron y confiaron en la colaboraci\u00f3n a los ni\u00f1os y adolescentes afectados por el incendio y que recibieron mochilas, libros de lectura y otros materiales.<\/p>\n\n\n\n<figure class=\"wp-block-image size-full\"><a href=\"https:\/\/alminutonoticia.com\/noticias\/wp-content\/uploads\/2023\/03\/f5fa5aa9-4fc4-4f40-9658-2d3ad9872c7a-768x512-1.jpeg\"><img fetchpriority=\"high\" decoding=\"async\" width=\"768\" height=\"512\" src=\"https:\/\/alminutonoticia.com\/noticias\/wp-content\/uploads\/2023\/03\/f5fa5aa9-4fc4-4f40-9658-2d3ad9872c7a-768x512-1.jpeg\" alt=\"\" class=\"wp-image-1995\" title=\"\" srcset=\"https:\/\/alminutonoticia.com\/noticias\/wp-content\/uploads\/2023\/03\/f5fa5aa9-4fc4-4f40-9658-2d3ad9872c7a-768x512-1.jpeg 768w, https:\/\/alminutonoticia.com\/noticias\/wp-content\/uploads\/2023\/03\/f5fa5aa9-4fc4-4f40-9658-2d3ad9872c7a-768x512-1-300x200.jpeg 300w\" sizes=\"(max-width: 768px) 100vw, 768px\" \/><\/a><\/figure>\n","protected":false},"excerpt":{"rendered":"<p>La entrega se hizo en la Escuela de Walla, con el objetivo de que los ni\u00f1os no pierdan d\u00edas de clases, iniciativa que tuvo la participaci\u00f3n de los colaboradores del Meduca, que reunieron los materiales necesarios para cada ni\u00f1o y que contribuyen a evitar el rezago educativo. Carmen Aparicio, directora Nacional de Educaci\u00f3n Ambiental, quien [&hellip;]<\/p>\n","protected":false},"author":3,"featured_media":1995,"comment_status":"open","ping_status":"open","sticky":false,"template":"","format":"standard","meta":{"footnotes":""},"categories":[36],"tags":[],"class_list":["post-1994","post","type-post","status-publish","format-standard","has-post-thumbnail","hentry","category-nacionales"],"_links":{"self":[{"href":"https:\/\/alminutonoticia.com\/noticias\/wp-json\/wp\/v2\/posts\/1994","targetHints":{"allow":["GET"]}}],"collection":[{"href":"https:\/\/alminutonoticia.com\/noticias\/wp-json\/wp\/v2\/posts"}],"about":[{"href":"https:\/\/alminutonoticia.com\/noticias\/wp-json\/wp\/v2\/types\/post"}],"author":[{"embeddable":true,"href":"https:\/\/alminutonoticia.com\/noticias\/wp-json\/wp\/v2\/users\/3"}],"replies":[{"embeddable":true,"href":"https:\/\/alminutonoticia.com\/noticias\/wp-json\/wp\/v2\/comments?post=1994"}],"version-history":[{"count":1,"href":"https:\/\/alminutonoticia.com\/noticias\/wp-json\/wp\/v2\/posts\/1994\/revisions"}],"predecessor-version":[{"id":1996,"href":"https:\/\/alminutonoticia.com\/noticias\/wp-json\/wp\/v2\/posts\/1994\/revisions\/1996"}],"wp:featuredmedia":[{"embeddable":true,"href":"https:\/\/alminutonoticia.com\/noticias\/wp-json\/wp\/v2\/media\/1995"}],"wp:attachment":[{"href":"https:\/\/alminutonoticia.com\/noticias\/wp-json\/wp\/v2\/media?parent=1994"}],"wp:term":[{"taxonomy":"category","embeddable":true,"href":"https:\/\/alminutonoticia.com\/noticias\/wp-json\/wp\/v2\/categories?post=1994"},{"taxonomy":"post_tag","embeddable":true,"href":"https:\/\/alminutonoticia.com\/noticias\/wp-json\/wp\/v2\/tags?post=1994"}],"curies":[{"name":"wp","href":"https:\/\/api.w.org\/{rel}","templated":true}]}}