{"id":19395,"date":"2026-05-01T17:25:36","date_gmt":"2026-05-01T17:25:36","guid":{"rendered":"https:\/\/alminutonoticia.com\/noticias\/?p=19395"},"modified":"2026-05-01T17:26:52","modified_gmt":"2026-05-01T17:26:52","slug":"lanzamiento-del-sistema-institucional-de-observatorios-utp-hub-sio-utp","status":"publish","type":"post","link":"https:\/\/alminutonoticia.com\/noticias\/lanzamiento-del-sistema-institucional-de-observatorios-utp-hub-sio-utp\/","title":{"rendered":"Lanzamiento del Sistema Institucional de Observatorios UTP (HUB SIO-UTP)"},"content":{"rendered":"\n<p>Plataforma de oportunidades, motor de an\u00e1lisis y un puente entre la informaci\u00f3n y la acci\u00f3n.<\/p>\n\n\n\n<p>El mi\u00e9rcoles 29 de abril la Universidad Tecnol\u00f3gica de Panam\u00e1 (UTP), se llev\u00f3 a cabo el lanzamiento oficial del Sistema Institucional de Observatorios de la UTP, el cual permitir\u00e1 consolidar informaci\u00f3n relevante que impacte positivamente en la planificaci\u00f3n institucional; adem\u00e1s, fungir\u00e1 como referente de consulta para tomadores de decisiones a nivel nacional.<\/p>\n\n\n\n<p>La iniciativa enfocada en el liderazgo de opini\u00f3n mediante la generaci\u00f3n y difusi\u00f3n de informaci\u00f3n basada en evidencias para incidir en el debate p\u00fablico es parte de las acciones que impulsa la Universidad Tecnol\u00f3gica de Panam\u00e1 con el fin de fortalecer la investigaci\u00f3n aplicada, la innovaci\u00f3n y la transferencia de conocimiento.<\/p>\n\n\n\n<p>El Sistema Institucional de Observatorios se proyecta como un mecanismo articulador que integra esfuerzos multidisciplinarios, fomenta la colaboraci\u00f3n interinstitucional y potencia el impacto de nuestra producci\u00f3n cient\u00edfica.<\/p>\n\n\n\n<div class=\"wp-block-columns is-layout-flex wp-container-core-columns-is-layout-28f84493 wp-block-columns-is-layout-flex\">\n<div class=\"wp-block-column is-layout-flow wp-block-column-is-layout-flow\">\n<figure class=\"wp-block-image size-full\"><a href=\"https:\/\/alminutonoticia.com\/noticias\/wp-content\/uploads\/2026\/05\/WhatsApp-Image-2026-04-30-at-5.49.41-PM.jpeg\"><img fetchpriority=\"high\" decoding=\"async\" width=\"1024\" height=\"683\" src=\"https:\/\/alminutonoticia.com\/noticias\/wp-content\/uploads\/2026\/05\/WhatsApp-Image-2026-04-30-at-5.49.41-PM.jpeg\" alt=\"\" class=\"wp-image-19396\" title=\"\" srcset=\"https:\/\/alminutonoticia.com\/noticias\/wp-content\/uploads\/2026\/05\/WhatsApp-Image-2026-04-30-at-5.49.41-PM.jpeg 1024w, https:\/\/alminutonoticia.com\/noticias\/wp-content\/uploads\/2026\/05\/WhatsApp-Image-2026-04-30-at-5.49.41-PM-300x200.jpeg 300w, https:\/\/alminutonoticia.com\/noticias\/wp-content\/uploads\/2026\/05\/WhatsApp-Image-2026-04-30-at-5.49.41-PM-768x512.jpeg 768w\" sizes=\"(max-width: 1024px) 100vw, 1024px\" \/><\/a><\/figure>\n<\/div>\n\n\n\n<div class=\"wp-block-column is-layout-flow wp-block-column-is-layout-flow\">\n<figure class=\"wp-block-image size-full\"><a href=\"https:\/\/alminutonoticia.com\/noticias\/wp-content\/uploads\/2026\/05\/WhatsApp-Image-2026-04-30-at-5.49.42-PM.jpeg\"><img decoding=\"async\" width=\"1024\" height=\"584\" src=\"https:\/\/alminutonoticia.com\/noticias\/wp-content\/uploads\/2026\/05\/WhatsApp-Image-2026-04-30-at-5.49.42-PM.jpeg\" alt=\"\" class=\"wp-image-19397\" title=\"\" srcset=\"https:\/\/alminutonoticia.com\/noticias\/wp-content\/uploads\/2026\/05\/WhatsApp-Image-2026-04-30-at-5.49.42-PM.jpeg 1024w, https:\/\/alminutonoticia.com\/noticias\/wp-content\/uploads\/2026\/05\/WhatsApp-Image-2026-04-30-at-5.49.42-PM-300x171.jpeg 300w, https:\/\/alminutonoticia.com\/noticias\/wp-content\/uploads\/2026\/05\/WhatsApp-Image-2026-04-30-at-5.49.42-PM-768x438.jpeg 768w\" sizes=\"(max-width: 1024px) 100vw, 1024px\" \/><\/a><\/figure>\n<\/div>\n<\/div>\n\n\n\n<p>Este sistema est\u00e1 constituido por siete observatorios: el Observatorio del Agua, Observatorio de Pol\u00edticas P\u00fablicas, Observatorio de Transici\u00f3n Energ\u00e9tica, Observatorio de Log\u00edstica, Observatorio de Mediaci\u00f3n y Arbitraje, Observatorio de Tics y el Observatorio de Inteligencia Artificial.<\/p>\n\n\n\n<p>La Dra. \u00c1ngela Laguna Caicedo, Rectora de la UTP, se\u00f1al\u00f3 \u00abEn un mundo donde la informaci\u00f3n crece a un ritmo vertiginoso, el verdadero valor no est\u00e1 \u00fanicamente en tener datos, sino en saber interpretarlos, conectarlos y transformarlos en decisiones inteligentes. Y precisamente ah\u00ed es donde el HUB SIO-UTP encuentra su raz\u00f3n de ser.\u00bb<\/p>\n\n\n\n<p>Estuvieron presentes en el evento de lanzamiento la Procuradora de la Administraci\u00f3n, Grettel Villalaz de Allen; la Presidenta de la Asociaci\u00f3n Paname\u00f1a de Ejecutivos de Empresa (APEDE), Giulia De Sanctis; director de DIPLAN de la UTP, Mgtr. Juan Mor\u00e1n; vicerrectores; directores de los Centros Regionales; decanos; coordinadores de los Observatorios; y socios externos de cada uno de los observatorios.<\/p>\n","protected":false},"excerpt":{"rendered":"<p>Plataforma de oportunidades, motor de an\u00e1lisis y un puente entre la informaci\u00f3n y la acci\u00f3n. El mi\u00e9rcoles 29 de abril la Universidad Tecnol\u00f3gica de Panam\u00e1 (UTP), se llev\u00f3 a cabo el lanzamiento oficial del Sistema Institucional de Observatorios de la UTP, el cual permitir\u00e1 consolidar informaci\u00f3n relevante que impacte positivamente en la planificaci\u00f3n institucional; adem\u00e1s, [&hellip;]<\/p>\n","protected":false},"author":3,"featured_media":19396,"comment_status":"open","ping_status":"open","sticky":false,"template":"","format":"standard","meta":{"footnotes":""},"categories":[36],"tags":[],"class_list":["post-19395","post","type-post","status-publish","format-standard","has-post-thumbnail","hentry","category-nacionales"],"_links":{"self":[{"href":"https:\/\/alminutonoticia.com\/noticias\/wp-json\/wp\/v2\/posts\/19395","targetHints":{"allow":["GET"]}}],"collection":[{"href":"https:\/\/alminutonoticia.com\/noticias\/wp-json\/wp\/v2\/posts"}],"about":[{"href":"https:\/\/alminutonoticia.com\/noticias\/wp-json\/wp\/v2\/types\/post"}],"author":[{"embeddable":true,"href":"https:\/\/alminutonoticia.com\/noticias\/wp-json\/wp\/v2\/users\/3"}],"replies":[{"embeddable":true,"href":"https:\/\/alminutonoticia.com\/noticias\/wp-json\/wp\/v2\/comments?post=19395"}],"version-history":[{"count":1,"href":"https:\/\/alminutonoticia.com\/noticias\/wp-json\/wp\/v2\/posts\/19395\/revisions"}],"predecessor-version":[{"id":19398,"href":"https:\/\/alminutonoticia.com\/noticias\/wp-json\/wp\/v2\/posts\/19395\/revisions\/19398"}],"wp:featuredmedia":[{"embeddable":true,"href":"https:\/\/alminutonoticia.com\/noticias\/wp-json\/wp\/v2\/media\/19396"}],"wp:attachment":[{"href":"https:\/\/alminutonoticia.com\/noticias\/wp-json\/wp\/v2\/media?parent=19395"}],"wp:term":[{"taxonomy":"category","embeddable":true,"href":"https:\/\/alminutonoticia.com\/noticias\/wp-json\/wp\/v2\/categories?post=19395"},{"taxonomy":"post_tag","embeddable":true,"href":"https:\/\/alminutonoticia.com\/noticias\/wp-json\/wp\/v2\/tags?post=19395"}],"curies":[{"name":"wp","href":"https:\/\/api.w.org\/{rel}","templated":true}]}}