{"id":19381,"date":"2026-05-01T17:18:43","date_gmt":"2026-05-01T17:18:43","guid":{"rendered":"https:\/\/alminutonoticia.com\/noticias\/?p=19381"},"modified":"2026-05-01T17:19:34","modified_gmt":"2026-05-01T17:19:34","slug":"miviot-y-gobiernos-locales-consolidan-nueva-vision-de-planificacion-urbana-al-cierre-de-taller-con-el-bid","status":"publish","type":"post","link":"https:\/\/alminutonoticia.com\/noticias\/miviot-y-gobiernos-locales-consolidan-nueva-vision-de-planificacion-urbana-al-cierre-de-taller-con-el-bid\/","title":{"rendered":"Miviot y gobiernos locales consolidan nueva visi\u00f3n de planificaci\u00f3n urbana al cierre de taller con el BID"},"content":{"rendered":"\n<p>Con un balance altamente positivo y el compromiso de transformar la calidad de vida de los ciudadanos a trav\u00e9s de un crecimiento organizado, el Ministerio de Vivienda y Ordenamiento Territorial (Miviot) concluy\u00f3 hoy el tercer taller t\u00e9cnico realizado en conjunto con el Banco Interamericano de Desarrollo (BID).<\/p>\n\n\n\n<p>El cierre de esta jornada semanal estuvo liderado por el viceministro de Ordenamiento Territorial, Frank Osorio, quien calific\u00f3 la semana como muy productiva tras revisar a fondo los instrumentos de planificaci\u00f3n territorial y discutir las necesidades y oportunidades del sector junto a instituciones de gobierno y autoridades locales.<\/p>\n\n\n\n<p>El viceministro Osorio subray\u00f3 que el ordenamiento territorial es el espacio donde se toman las decisiones fundamentales sobre c\u00f3mo quiere vivir la gente, analizando c\u00f3mo afecta la distancia entre la vivienda y el lugar de trabajo en la calidad de vida, adem\u00e1s de c\u00f3mo el crecimiento de las ciudades debe cuidar y preservar el lado rural del pa\u00eds.<\/p>\n\n\n\n<p>Indic\u00f3 adem\u00e1s que el pr\u00f3ximo paso es continuar construyendo, de la mano del BID, una nueva visi\u00f3n y nuevos instrumentos para organizar el territorio nacional desde una perspectiva interna.<\/p>\n\n\n\n<div class=\"wp-block-columns is-layout-flex wp-container-core-columns-is-layout-28f84493 wp-block-columns-is-layout-flex\">\n<div class=\"wp-block-column is-layout-flow wp-block-column-is-layout-flow\">\n<figure class=\"wp-block-image size-large\"><a href=\"https:\/\/alminutonoticia.com\/noticias\/wp-content\/uploads\/2026\/05\/WhatsApp-Image-2026-04-29-at-2.19.05-PM.jpeg\"><img fetchpriority=\"high\" decoding=\"async\" width=\"1024\" height=\"745\" src=\"https:\/\/alminutonoticia.com\/noticias\/wp-content\/uploads\/2026\/05\/WhatsApp-Image-2026-04-29-at-2.19.05-PM-1024x745.jpeg\" alt=\"\" class=\"wp-image-19382\" title=\"\" srcset=\"https:\/\/alminutonoticia.com\/noticias\/wp-content\/uploads\/2026\/05\/WhatsApp-Image-2026-04-29-at-2.19.05-PM-1024x745.jpeg 1024w, https:\/\/alminutonoticia.com\/noticias\/wp-content\/uploads\/2026\/05\/WhatsApp-Image-2026-04-29-at-2.19.05-PM-300x218.jpeg 300w, https:\/\/alminutonoticia.com\/noticias\/wp-content\/uploads\/2026\/05\/WhatsApp-Image-2026-04-29-at-2.19.05-PM-768x559.jpeg 768w, https:\/\/alminutonoticia.com\/noticias\/wp-content\/uploads\/2026\/05\/WhatsApp-Image-2026-04-29-at-2.19.05-PM-1536x1117.jpeg 1536w, https:\/\/alminutonoticia.com\/noticias\/wp-content\/uploads\/2026\/05\/WhatsApp-Image-2026-04-29-at-2.19.05-PM.jpeg 1600w\" sizes=\"(max-width: 1024px) 100vw, 1024px\" \/><\/a><\/figure>\n<\/div>\n\n\n\n<div class=\"wp-block-column is-layout-flow wp-block-column-is-layout-flow\">\n<figure class=\"wp-block-image size-large\"><a href=\"https:\/\/alminutonoticia.com\/noticias\/wp-content\/uploads\/2026\/05\/WhatsApp-Image-2026-04-29-at-2.19.03-PM.jpeg\"><img decoding=\"async\" width=\"1024\" height=\"732\" src=\"https:\/\/alminutonoticia.com\/noticias\/wp-content\/uploads\/2026\/05\/WhatsApp-Image-2026-04-29-at-2.19.03-PM-1024x732.jpeg\" alt=\"\" class=\"wp-image-19383\" title=\"\" srcset=\"https:\/\/alminutonoticia.com\/noticias\/wp-content\/uploads\/2026\/05\/WhatsApp-Image-2026-04-29-at-2.19.03-PM-1024x732.jpeg 1024w, https:\/\/alminutonoticia.com\/noticias\/wp-content\/uploads\/2026\/05\/WhatsApp-Image-2026-04-29-at-2.19.03-PM-300x215.jpeg 300w, https:\/\/alminutonoticia.com\/noticias\/wp-content\/uploads\/2026\/05\/WhatsApp-Image-2026-04-29-at-2.19.03-PM-768x549.jpeg 768w, https:\/\/alminutonoticia.com\/noticias\/wp-content\/uploads\/2026\/05\/WhatsApp-Image-2026-04-29-at-2.19.03-PM-1536x1098.jpeg 1536w, https:\/\/alminutonoticia.com\/noticias\/wp-content\/uploads\/2026\/05\/WhatsApp-Image-2026-04-29-at-2.19.03-PM.jpeg 1600w\" sizes=\"(max-width: 1024px) 100vw, 1024px\" \/><\/a><\/figure>\n<\/div>\n<\/div>\n\n\n\n<p>La jornada cont\u00f3 con una nutrida representaci\u00f3n de las alcald\u00edas, entre ellas Jannia Samuels M., directora de Planificaci\u00f3n Urbana de la Alcald\u00eda de Col\u00f3n, quien manifest\u00f3 estar muy agradecida con el viceministro Osorio y su equipo por la cercan\u00eda y principalmente por incluir a los gobiernos locales en todos los procesos que est\u00e1 tomando el ministerio.<\/p>\n\n\n\n<p>En esa misma l\u00ednea, Diana Xie, directora de Planificaci\u00f3n Urbana de la Alcald\u00eda de San Miguelito, dio las gracias al Miviot y al BID por crear este tipo de espacios que permiten a los t\u00e9cnicos profundizar en c\u00f3mo se debe hacer planificaci\u00f3n en Panam\u00e1.<\/p>\n\n\n\n<div class=\"wp-block-columns is-layout-flex wp-container-core-columns-is-layout-28f84493 wp-block-columns-is-layout-flex\">\n<div class=\"wp-block-column is-layout-flow wp-block-column-is-layout-flow\">\n<figure class=\"wp-block-image size-large\"><a href=\"https:\/\/alminutonoticia.com\/noticias\/wp-content\/uploads\/2026\/05\/WhatsApp-Image-2026-04-29-at-2.19.04-PM-3.jpeg\"><img decoding=\"async\" width=\"1024\" height=\"579\" src=\"https:\/\/alminutonoticia.com\/noticias\/wp-content\/uploads\/2026\/05\/WhatsApp-Image-2026-04-29-at-2.19.04-PM-3-1024x579.jpeg\" alt=\"\" class=\"wp-image-19384\" title=\"\" srcset=\"https:\/\/alminutonoticia.com\/noticias\/wp-content\/uploads\/2026\/05\/WhatsApp-Image-2026-04-29-at-2.19.04-PM-3-1024x579.jpeg 1024w, https:\/\/alminutonoticia.com\/noticias\/wp-content\/uploads\/2026\/05\/WhatsApp-Image-2026-04-29-at-2.19.04-PM-3-300x170.jpeg 300w, https:\/\/alminutonoticia.com\/noticias\/wp-content\/uploads\/2026\/05\/WhatsApp-Image-2026-04-29-at-2.19.04-PM-3-768x434.jpeg 768w, https:\/\/alminutonoticia.com\/noticias\/wp-content\/uploads\/2026\/05\/WhatsApp-Image-2026-04-29-at-2.19.04-PM-3-1536x868.jpeg 1536w, https:\/\/alminutonoticia.com\/noticias\/wp-content\/uploads\/2026\/05\/WhatsApp-Image-2026-04-29-at-2.19.04-PM-3.jpeg 1600w\" sizes=\"(max-width: 1024px) 100vw, 1024px\" \/><\/a><\/figure>\n<\/div>\n\n\n\n<div class=\"wp-block-column is-layout-flow wp-block-column-is-layout-flow\">\n<figure class=\"wp-block-image size-large\"><a href=\"https:\/\/alminutonoticia.com\/noticias\/wp-content\/uploads\/2026\/05\/WhatsApp-Image-2026-04-29-at-2.19.02-PM-4.jpeg\"><img loading=\"lazy\" decoding=\"async\" width=\"1024\" height=\"624\" src=\"https:\/\/alminutonoticia.com\/noticias\/wp-content\/uploads\/2026\/05\/WhatsApp-Image-2026-04-29-at-2.19.02-PM-4-1024x624.jpeg\" alt=\"\" class=\"wp-image-19385\" title=\"\" srcset=\"https:\/\/alminutonoticia.com\/noticias\/wp-content\/uploads\/2026\/05\/WhatsApp-Image-2026-04-29-at-2.19.02-PM-4-1024x624.jpeg 1024w, https:\/\/alminutonoticia.com\/noticias\/wp-content\/uploads\/2026\/05\/WhatsApp-Image-2026-04-29-at-2.19.02-PM-4-300x183.jpeg 300w, https:\/\/alminutonoticia.com\/noticias\/wp-content\/uploads\/2026\/05\/WhatsApp-Image-2026-04-29-at-2.19.02-PM-4-768x468.jpeg 768w, https:\/\/alminutonoticia.com\/noticias\/wp-content\/uploads\/2026\/05\/WhatsApp-Image-2026-04-29-at-2.19.02-PM-4-1536x936.jpeg 1536w, https:\/\/alminutonoticia.com\/noticias\/wp-content\/uploads\/2026\/05\/WhatsApp-Image-2026-04-29-at-2.19.02-PM-4.jpeg 1600w\" sizes=\"(max-width: 1024px) 100vw, 1024px\" \/><\/a><\/figure>\n<\/div>\n<\/div>\n\n\n\n<p>Acompa\u00f1aron al viceministro en este cierre la directora de Investigaci\u00f3n Territorial, Alessandra Treuherz, y la arquitecta Gianina Rodr\u00edguez, subdirectora de Ordenamiento Territorial, junto al equipo t\u00e9cnico de la instituci\u00f3n.<\/p>\n\n\n\n<p>Asimismo, participaron activamente directores municipales como Luis Dom\u00ednguez Pe\u00f1a de Arraij\u00e1n, Harmodio G. Harris Arias de Panam\u00e1 y Anelys Cede\u00f1o de La Chorrera, reafirmando el enfoque colaborativo para actualizar las normativas de la Ley 6 de 2006 y lograr un desarrollo nacional m\u00e1s ordenado.<\/p>\n","protected":false},"excerpt":{"rendered":"<p>Con un balance altamente positivo y el compromiso de transformar la calidad de vida de los ciudadanos a trav\u00e9s de un crecimiento organizado, el Ministerio de Vivienda y Ordenamiento Territorial (Miviot) concluy\u00f3 hoy el tercer taller t\u00e9cnico realizado en conjunto con el Banco Interamericano de Desarrollo (BID). El cierre de esta jornada semanal estuvo liderado [&hellip;]<\/p>\n","protected":false},"author":3,"featured_media":19382,"comment_status":"open","ping_status":"open","sticky":false,"template":"","format":"standard","meta":{"footnotes":""},"categories":[36],"tags":[],"class_list":["post-19381","post","type-post","status-publish","format-standard","has-post-thumbnail","hentry","category-nacionales"],"_links":{"self":[{"href":"https:\/\/alminutonoticia.com\/noticias\/wp-json\/wp\/v2\/posts\/19381","targetHints":{"allow":["GET"]}}],"collection":[{"href":"https:\/\/alminutonoticia.com\/noticias\/wp-json\/wp\/v2\/posts"}],"about":[{"href":"https:\/\/alminutonoticia.com\/noticias\/wp-json\/wp\/v2\/types\/post"}],"author":[{"embeddable":true,"href":"https:\/\/alminutonoticia.com\/noticias\/wp-json\/wp\/v2\/users\/3"}],"replies":[{"embeddable":true,"href":"https:\/\/alminutonoticia.com\/noticias\/wp-json\/wp\/v2\/comments?post=19381"}],"version-history":[{"count":1,"href":"https:\/\/alminutonoticia.com\/noticias\/wp-json\/wp\/v2\/posts\/19381\/revisions"}],"predecessor-version":[{"id":19386,"href":"https:\/\/alminutonoticia.com\/noticias\/wp-json\/wp\/v2\/posts\/19381\/revisions\/19386"}],"wp:featuredmedia":[{"embeddable":true,"href":"https:\/\/alminutonoticia.com\/noticias\/wp-json\/wp\/v2\/media\/19382"}],"wp:attachment":[{"href":"https:\/\/alminutonoticia.com\/noticias\/wp-json\/wp\/v2\/media?parent=19381"}],"wp:term":[{"taxonomy":"category","embeddable":true,"href":"https:\/\/alminutonoticia.com\/noticias\/wp-json\/wp\/v2\/categories?post=19381"},{"taxonomy":"post_tag","embeddable":true,"href":"https:\/\/alminutonoticia.com\/noticias\/wp-json\/wp\/v2\/tags?post=19381"}],"curies":[{"name":"wp","href":"https:\/\/api.w.org\/{rel}","templated":true}]}}