{"id":19374,"date":"2026-05-01T17:04:22","date_gmt":"2026-05-01T17:04:22","guid":{"rendered":"https:\/\/alminutonoticia.com\/noticias\/?p=19374"},"modified":"2026-05-01T17:05:38","modified_gmt":"2026-05-01T17:05:38","slug":"mas-de-300-asistentes-participaron-en-el-congreso-sobre-injerencia-criminal-y-gobernanza-extractiva","status":"publish","type":"post","link":"https:\/\/alminutonoticia.com\/noticias\/mas-de-300-asistentes-participaron-en-el-congreso-sobre-injerencia-criminal-y-gobernanza-extractiva\/","title":{"rendered":"M\u00e1s de 300 asistentes participaron en el Congreso sobre Injerencia Criminal y Gobernanza Extractiva"},"content":{"rendered":"\n<p>Con la participaci\u00f3n de m\u00e1s de 300 asistentes, se llev\u00f3 a cabo con \u00e9xito el Congreso sobre <em>Injerencia Criminal y Gobernanza Extractiva<\/em>, consolid\u00e1ndose como un espacio clave de an\u00e1lisis frente a los desaf\u00edos de seguridad, transparencia y cumplimiento en la regi\u00f3n.<\/p>\n\n\n\n<p>El evento reuni\u00f3 a altas autoridades gubernamentales, organismos de control, sector financiero, gremios empresariales, academia y expertos en compliance, reflejando un amplio compromiso interinstitucional ante la creciente amenaza de la injerencia del crimen organizado en sectores estrat\u00e9gicos.<\/p>\n\n\n\n<figure class=\"wp-block-image size-large\"><a href=\"https:\/\/alminutonoticia.com\/noticias\/wp-content\/uploads\/2026\/05\/WhatsApp-Image-2026-04-30-at-9.34.56-AM.jpeg\"><img fetchpriority=\"high\" decoding=\"async\" width=\"1024\" height=\"682\" src=\"https:\/\/alminutonoticia.com\/noticias\/wp-content\/uploads\/2026\/05\/WhatsApp-Image-2026-04-30-at-9.34.56-AM-1024x682.jpeg\" alt=\"\" class=\"wp-image-19377\" title=\"\" srcset=\"https:\/\/alminutonoticia.com\/noticias\/wp-content\/uploads\/2026\/05\/WhatsApp-Image-2026-04-30-at-9.34.56-AM-1024x682.jpeg 1024w, https:\/\/alminutonoticia.com\/noticias\/wp-content\/uploads\/2026\/05\/WhatsApp-Image-2026-04-30-at-9.34.56-AM-300x200.jpeg 300w, https:\/\/alminutonoticia.com\/noticias\/wp-content\/uploads\/2026\/05\/WhatsApp-Image-2026-04-30-at-9.34.56-AM-768x512.jpeg 768w, https:\/\/alminutonoticia.com\/noticias\/wp-content\/uploads\/2026\/05\/WhatsApp-Image-2026-04-30-at-9.34.56-AM-1536x1024.jpeg 1536w, https:\/\/alminutonoticia.com\/noticias\/wp-content\/uploads\/2026\/05\/WhatsApp-Image-2026-04-30-at-9.34.56-AM-2048x1365.jpeg 2048w\" sizes=\"(max-width: 1024px) 100vw, 1024px\" \/><\/a><\/figure>\n\n\n\n<p>Durante la jornada se abordaron temas como la captura del Estado, el financiamiento il\u00edcito y la protecci\u00f3n de infraestructuras cr\u00edticas. Asimismo, se present\u00f3 la encuesta de opini\u00f3n p\u00fablica sobre programas de \u00e9tica y cumplimiento realizada por Gallup Panam\u00e1, aportando una visi\u00f3n actualizada sobre la percepci\u00f3n ciudadana en materia de integridad y gobernanza.<\/p>\n\n\n\n<div class=\"wp-block-columns is-layout-flex wp-container-core-columns-is-layout-28f84493 wp-block-columns-is-layout-flex\">\n<div class=\"wp-block-column is-layout-flow wp-block-column-is-layout-flow\">\n<figure class=\"wp-block-image size-large\"><a href=\"https:\/\/alminutonoticia.com\/noticias\/wp-content\/uploads\/2026\/05\/WhatsApp-Image-2026-04-30-at-9.35.36-AM.jpeg\"><img decoding=\"async\" width=\"1024\" height=\"682\" src=\"https:\/\/alminutonoticia.com\/noticias\/wp-content\/uploads\/2026\/05\/WhatsApp-Image-2026-04-30-at-9.35.36-AM-1024x682.jpeg\" alt=\"\" class=\"wp-image-19375\" title=\"\" srcset=\"https:\/\/alminutonoticia.com\/noticias\/wp-content\/uploads\/2026\/05\/WhatsApp-Image-2026-04-30-at-9.35.36-AM-1024x682.jpeg 1024w, https:\/\/alminutonoticia.com\/noticias\/wp-content\/uploads\/2026\/05\/WhatsApp-Image-2026-04-30-at-9.35.36-AM-300x200.jpeg 300w, https:\/\/alminutonoticia.com\/noticias\/wp-content\/uploads\/2026\/05\/WhatsApp-Image-2026-04-30-at-9.35.36-AM-768x512.jpeg 768w, https:\/\/alminutonoticia.com\/noticias\/wp-content\/uploads\/2026\/05\/WhatsApp-Image-2026-04-30-at-9.35.36-AM-1536x1024.jpeg 1536w, https:\/\/alminutonoticia.com\/noticias\/wp-content\/uploads\/2026\/05\/WhatsApp-Image-2026-04-30-at-9.35.36-AM-2048x1365.jpeg 2048w\" sizes=\"(max-width: 1024px) 100vw, 1024px\" \/><\/a><\/figure>\n<\/div>\n\n\n\n<div class=\"wp-block-column is-layout-flow wp-block-column-is-layout-flow\">\n<figure class=\"wp-block-image size-large\"><a href=\"https:\/\/alminutonoticia.com\/noticias\/wp-content\/uploads\/2026\/05\/WhatsApp-Image-2026-04-30-at-9.37.03-AM.jpeg\"><img decoding=\"async\" width=\"1024\" height=\"682\" src=\"https:\/\/alminutonoticia.com\/noticias\/wp-content\/uploads\/2026\/05\/WhatsApp-Image-2026-04-30-at-9.37.03-AM-1024x682.jpeg\" alt=\"\" class=\"wp-image-19376\" title=\"\" srcset=\"https:\/\/alminutonoticia.com\/noticias\/wp-content\/uploads\/2026\/05\/WhatsApp-Image-2026-04-30-at-9.37.03-AM-1024x682.jpeg 1024w, https:\/\/alminutonoticia.com\/noticias\/wp-content\/uploads\/2026\/05\/WhatsApp-Image-2026-04-30-at-9.37.03-AM-300x200.jpeg 300w, https:\/\/alminutonoticia.com\/noticias\/wp-content\/uploads\/2026\/05\/WhatsApp-Image-2026-04-30-at-9.37.03-AM-768x512.jpeg 768w, https:\/\/alminutonoticia.com\/noticias\/wp-content\/uploads\/2026\/05\/WhatsApp-Image-2026-04-30-at-9.37.03-AM-1536x1024.jpeg 1536w, https:\/\/alminutonoticia.com\/noticias\/wp-content\/uploads\/2026\/05\/WhatsApp-Image-2026-04-30-at-9.37.03-AM-2048x1365.jpeg 2048w\" sizes=\"(max-width: 1024px) 100vw, 1024px\" \/><\/a><\/figure>\n<\/div>\n<\/div>\n\n\n\n<p>Desde la World Compliance Association \u2013 Cap\u00edtulo Panam\u00e1 se destac\u00f3 la importancia de fortalecer los marcos normativos, promover la transparencia y consolidar sistemas de cumplimiento como herramientas esenciales para la resiliencia del pa\u00eds.<\/p>\n","protected":false},"excerpt":{"rendered":"<p>Con la participaci\u00f3n de m\u00e1s de 300 asistentes, se llev\u00f3 a cabo con \u00e9xito el Congreso sobre Injerencia Criminal y Gobernanza Extractiva, consolid\u00e1ndose como un espacio clave de an\u00e1lisis frente a los desaf\u00edos de seguridad, transparencia y cumplimiento en la regi\u00f3n. El evento reuni\u00f3 a altas autoridades gubernamentales, organismos de control, sector financiero, gremios empresariales, [&hellip;]<\/p>\n","protected":false},"author":3,"featured_media":19375,"comment_status":"open","ping_status":"open","sticky":false,"template":"","format":"standard","meta":{"footnotes":""},"categories":[36],"tags":[],"class_list":["post-19374","post","type-post","status-publish","format-standard","has-post-thumbnail","hentry","category-nacionales"],"_links":{"self":[{"href":"https:\/\/alminutonoticia.com\/noticias\/wp-json\/wp\/v2\/posts\/19374","targetHints":{"allow":["GET"]}}],"collection":[{"href":"https:\/\/alminutonoticia.com\/noticias\/wp-json\/wp\/v2\/posts"}],"about":[{"href":"https:\/\/alminutonoticia.com\/noticias\/wp-json\/wp\/v2\/types\/post"}],"author":[{"embeddable":true,"href":"https:\/\/alminutonoticia.com\/noticias\/wp-json\/wp\/v2\/users\/3"}],"replies":[{"embeddable":true,"href":"https:\/\/alminutonoticia.com\/noticias\/wp-json\/wp\/v2\/comments?post=19374"}],"version-history":[{"count":1,"href":"https:\/\/alminutonoticia.com\/noticias\/wp-json\/wp\/v2\/posts\/19374\/revisions"}],"predecessor-version":[{"id":19378,"href":"https:\/\/alminutonoticia.com\/noticias\/wp-json\/wp\/v2\/posts\/19374\/revisions\/19378"}],"wp:featuredmedia":[{"embeddable":true,"href":"https:\/\/alminutonoticia.com\/noticias\/wp-json\/wp\/v2\/media\/19375"}],"wp:attachment":[{"href":"https:\/\/alminutonoticia.com\/noticias\/wp-json\/wp\/v2\/media?parent=19374"}],"wp:term":[{"taxonomy":"category","embeddable":true,"href":"https:\/\/alminutonoticia.com\/noticias\/wp-json\/wp\/v2\/categories?post=19374"},{"taxonomy":"post_tag","embeddable":true,"href":"https:\/\/alminutonoticia.com\/noticias\/wp-json\/wp\/v2\/tags?post=19374"}],"curies":[{"name":"wp","href":"https:\/\/api.w.org\/{rel}","templated":true}]}}