{"id":19363,"date":"2026-04-28T18:42:39","date_gmt":"2026-04-28T18:42:39","guid":{"rendered":"https:\/\/alminutonoticia.com\/noticias\/?p=19363"},"modified":"2026-04-28T18:43:38","modified_gmt":"2026-04-28T18:43:38","slug":"clipp-y-el-ministerio-de-ambiente-impulsan-gobernanza-estrategica-para-el-futuro-del-parque-nacional-coiba","status":"publish","type":"post","link":"https:\/\/alminutonoticia.com\/noticias\/clipp-y-el-ministerio-de-ambiente-impulsan-gobernanza-estrategica-para-el-futuro-del-parque-nacional-coiba\/","title":{"rendered":"CLIPP y el Ministerio de Ambiente impulsan gobernanza estrat\u00e9gica para el futuro del Parque Nacional Coiba"},"content":{"rendered":"\n<p>Con el objetivo de fortalecer la gesti\u00f3n sostenible de uno de los patrimonios naturales m\u00e1s importantes del pa\u00eds, la Fundaci\u00f3n Centro Latinoamericano de Innovaci\u00f3n en Pol\u00edticas P\u00fablicas (CLIPP), en conjunto con el Ministerio de Ambiente, desarroll\u00f3 el taller \u201cGobernanza Visionaria 2024-2034: Construyendo el Futuro del Parque Nacional Coiba\u201d, los d\u00edas 21 y 22 de abril en el Centro Regional Universitario de Veraguas, Universidad de Panam\u00e1.<\/p>\n\n\n\n<p>Esta iniciativa reuni\u00f3 a representantes de instituciones clave del Estado, autoridades locales, fundaciones como MarViva y Anc\u00f3n, organismos cient\u00edficos, organizaciones ambientales y actores del sector pesquero, promoviendo un espacio de di\u00e1logo interinstitucional orientado a fortalecer la toma de decisiones y la coordinaci\u00f3n para la gesti\u00f3n del Parque Nacional Coiba.<br>El taller tuvo como prop\u00f3sito principal consolidar las capacidades del Consejo Directivo del parque como \u00f3rgano de gobernanza, fomentando una gesti\u00f3n articulada, transparente y efectiva del \u00e1rea protegida, en cumplimiento con su marco normativo, incluyendo la Ley 44 de 26 de julio de 2004.<\/p>\n\n\n\n<div class=\"wp-block-columns is-layout-flex wp-container-core-columns-is-layout-28f84493 wp-block-columns-is-layout-flex\">\n<div class=\"wp-block-column is-layout-flow wp-block-column-is-layout-flow\">\n<figure class=\"wp-block-image size-large\"><a href=\"https:\/\/alminutonoticia.com\/noticias\/wp-content\/uploads\/2026\/04\/WhatsApp-Image-2026-04-28-at-12.14.10-PM-3.jpeg\"><img fetchpriority=\"high\" decoding=\"async\" width=\"1024\" height=\"683\" src=\"https:\/\/alminutonoticia.com\/noticias\/wp-content\/uploads\/2026\/04\/WhatsApp-Image-2026-04-28-at-12.14.10-PM-3-1024x683.jpeg\" alt=\"\" class=\"wp-image-19364\" title=\"\" srcset=\"https:\/\/alminutonoticia.com\/noticias\/wp-content\/uploads\/2026\/04\/WhatsApp-Image-2026-04-28-at-12.14.10-PM-3-1024x683.jpeg 1024w, https:\/\/alminutonoticia.com\/noticias\/wp-content\/uploads\/2026\/04\/WhatsApp-Image-2026-04-28-at-12.14.10-PM-3-300x200.jpeg 300w, https:\/\/alminutonoticia.com\/noticias\/wp-content\/uploads\/2026\/04\/WhatsApp-Image-2026-04-28-at-12.14.10-PM-3-768x512.jpeg 768w, https:\/\/alminutonoticia.com\/noticias\/wp-content\/uploads\/2026\/04\/WhatsApp-Image-2026-04-28-at-12.14.10-PM-3.jpeg 1280w\" sizes=\"(max-width: 1024px) 100vw, 1024px\" \/><\/a><\/figure>\n<\/div>\n\n\n\n<div class=\"wp-block-column is-layout-flow wp-block-column-is-layout-flow\">\n<figure class=\"wp-block-image size-large\"><a href=\"https:\/\/alminutonoticia.com\/noticias\/wp-content\/uploads\/2026\/04\/WhatsApp-Image-2026-04-28-at-12.14.10-PM-1.jpeg\"><img decoding=\"async\" width=\"1024\" height=\"683\" src=\"https:\/\/alminutonoticia.com\/noticias\/wp-content\/uploads\/2026\/04\/WhatsApp-Image-2026-04-28-at-12.14.10-PM-1-1024x683.jpeg\" alt=\"\" class=\"wp-image-19365\" title=\"\" srcset=\"https:\/\/alminutonoticia.com\/noticias\/wp-content\/uploads\/2026\/04\/WhatsApp-Image-2026-04-28-at-12.14.10-PM-1-1024x683.jpeg 1024w, https:\/\/alminutonoticia.com\/noticias\/wp-content\/uploads\/2026\/04\/WhatsApp-Image-2026-04-28-at-12.14.10-PM-1-300x200.jpeg 300w, https:\/\/alminutonoticia.com\/noticias\/wp-content\/uploads\/2026\/04\/WhatsApp-Image-2026-04-28-at-12.14.10-PM-1-768x512.jpeg 768w, https:\/\/alminutonoticia.com\/noticias\/wp-content\/uploads\/2026\/04\/WhatsApp-Image-2026-04-28-at-12.14.10-PM-1.jpeg 1280w\" sizes=\"(max-width: 1024px) 100vw, 1024px\" \/><\/a><\/figure>\n<\/div>\n<\/div>\n\n\n\n<p>A trav\u00e9s de una metodolog\u00eda 100% presencial y participativa, los asistentes sostuvieron sesiones de an\u00e1lisis del marco legal, diagn\u00f3stico institucional, construcci\u00f3n de visi\u00f3n estrat\u00e9gica y dise\u00f1o de mecanismos de seguimiento. Las jornadas incluyeron herramientas pr\u00e1cticas y din\u00e1micas de construcci\u00f3n de escenarios al a\u00f1o 2034 y definici\u00f3n de subcomit\u00e9s para fortalecer la operatividad del Consejo Directivo.<br>Asimismo, se abordaron temas clave como la comunicaci\u00f3n institucional, la rendici\u00f3n de cuentas y la identificaci\u00f3n de fuentes de financiamiento sostenible, con el fin de asegurar la continuidad y efectividad de las acciones acordadas. El proceso culmin\u00f3 con la presentaci\u00f3n de resultados y la firma simb\u00f3lica de compromisos por parte de los participantes.<\/p>\n\n\n\n<div class=\"wp-block-columns is-layout-flex wp-container-core-columns-is-layout-28f84493 wp-block-columns-is-layout-flex\">\n<div class=\"wp-block-column is-layout-flow wp-block-column-is-layout-flow\">\n<figure class=\"wp-block-image size-large\"><a href=\"https:\/\/alminutonoticia.com\/noticias\/wp-content\/uploads\/2026\/04\/WhatsApp-Image-2026-04-28-at-12.14.11-PM.jpeg\"><img decoding=\"async\" width=\"1024\" height=\"683\" src=\"https:\/\/alminutonoticia.com\/noticias\/wp-content\/uploads\/2026\/04\/WhatsApp-Image-2026-04-28-at-12.14.11-PM-1024x683.jpeg\" alt=\"\" class=\"wp-image-19366\" title=\"\" srcset=\"https:\/\/alminutonoticia.com\/noticias\/wp-content\/uploads\/2026\/04\/WhatsApp-Image-2026-04-28-at-12.14.11-PM-1024x683.jpeg 1024w, https:\/\/alminutonoticia.com\/noticias\/wp-content\/uploads\/2026\/04\/WhatsApp-Image-2026-04-28-at-12.14.11-PM-300x200.jpeg 300w, https:\/\/alminutonoticia.com\/noticias\/wp-content\/uploads\/2026\/04\/WhatsApp-Image-2026-04-28-at-12.14.11-PM-768x512.jpeg 768w, https:\/\/alminutonoticia.com\/noticias\/wp-content\/uploads\/2026\/04\/WhatsApp-Image-2026-04-28-at-12.14.11-PM.jpeg 1280w\" sizes=\"(max-width: 1024px) 100vw, 1024px\" \/><\/a><\/figure>\n<\/div>\n\n\n\n<div class=\"wp-block-column is-layout-flow wp-block-column-is-layout-flow\">\n<figure class=\"wp-block-image size-large\"><a href=\"https:\/\/alminutonoticia.com\/noticias\/wp-content\/uploads\/2026\/04\/WhatsApp-Image-2026-04-28-at-12.14.10-PM.jpeg\"><img loading=\"lazy\" decoding=\"async\" width=\"1024\" height=\"819\" src=\"https:\/\/alminutonoticia.com\/noticias\/wp-content\/uploads\/2026\/04\/WhatsApp-Image-2026-04-28-at-12.14.10-PM-1024x819.jpeg\" alt=\"\" class=\"wp-image-19367\" title=\"\" srcset=\"https:\/\/alminutonoticia.com\/noticias\/wp-content\/uploads\/2026\/04\/WhatsApp-Image-2026-04-28-at-12.14.10-PM-1024x819.jpeg 1024w, https:\/\/alminutonoticia.com\/noticias\/wp-content\/uploads\/2026\/04\/WhatsApp-Image-2026-04-28-at-12.14.10-PM-300x240.jpeg 300w, https:\/\/alminutonoticia.com\/noticias\/wp-content\/uploads\/2026\/04\/WhatsApp-Image-2026-04-28-at-12.14.10-PM-768x614.jpeg 768w, https:\/\/alminutonoticia.com\/noticias\/wp-content\/uploads\/2026\/04\/WhatsApp-Image-2026-04-28-at-12.14.10-PM.jpeg 1280w\" sizes=\"(max-width: 1024px) 100vw, 1024px\" \/><\/a><\/figure>\n<\/div>\n<\/div>\n\n\n\n<p><br>Con una participaci\u00f3n aproximada de 30 actores estrat\u00e9gicos, el taller se consolida como un paso fundamental dentro de una agenda m\u00e1s amplia de fortalecimiento institucional y gobernanza ambiental en Panam\u00e1, promoviendo la conservaci\u00f3n del parque, el desarrollo sostenible local y la articulaci\u00f3n entre sectores.<br>\u201cFortalecer el Consejo Directivo de Coiba es clave para garantizar una gobernanza s\u00f3lida, transparente y alineada con las prioridades del pa\u00eds. Desde CLIPP, apoyamos este proceso como un paso decisivo para asegurar el futuro sostenible del parque.\u201d<br>\u2014 Jorge Arguindegui, Director Ejecutivo de CLIPP.<br>Desde CLIPP, se reafirma el compromiso de seguir impulsando espacios de innovaci\u00f3n en pol\u00edticas p\u00fablicas que contribuyan a la protecci\u00f3n del patrimonio natural y al desarrollo sostenible del pa\u00eds, posicionando al Parque Nacional Coiba como un referente regional en gobernanza ambiental.<\/p>\n","protected":false},"excerpt":{"rendered":"<p>Con el objetivo de fortalecer la gesti\u00f3n sostenible de uno de los patrimonios naturales m\u00e1s importantes del pa\u00eds, la Fundaci\u00f3n Centro Latinoamericano de Innovaci\u00f3n en Pol\u00edticas P\u00fablicas (CLIPP), en conjunto con el Ministerio de Ambiente, desarroll\u00f3 el taller \u201cGobernanza Visionaria 2024-2034: Construyendo el Futuro del Parque Nacional Coiba\u201d, los d\u00edas 21 y 22 de abril [&hellip;]<\/p>\n","protected":false},"author":3,"featured_media":19366,"comment_status":"open","ping_status":"open","sticky":false,"template":"","format":"standard","meta":{"footnotes":""},"categories":[36],"tags":[],"class_list":["post-19363","post","type-post","status-publish","format-standard","has-post-thumbnail","hentry","category-nacionales"],"_links":{"self":[{"href":"https:\/\/alminutonoticia.com\/noticias\/wp-json\/wp\/v2\/posts\/19363","targetHints":{"allow":["GET"]}}],"collection":[{"href":"https:\/\/alminutonoticia.com\/noticias\/wp-json\/wp\/v2\/posts"}],"about":[{"href":"https:\/\/alminutonoticia.com\/noticias\/wp-json\/wp\/v2\/types\/post"}],"author":[{"embeddable":true,"href":"https:\/\/alminutonoticia.com\/noticias\/wp-json\/wp\/v2\/users\/3"}],"replies":[{"embeddable":true,"href":"https:\/\/alminutonoticia.com\/noticias\/wp-json\/wp\/v2\/comments?post=19363"}],"version-history":[{"count":1,"href":"https:\/\/alminutonoticia.com\/noticias\/wp-json\/wp\/v2\/posts\/19363\/revisions"}],"predecessor-version":[{"id":19368,"href":"https:\/\/alminutonoticia.com\/noticias\/wp-json\/wp\/v2\/posts\/19363\/revisions\/19368"}],"wp:featuredmedia":[{"embeddable":true,"href":"https:\/\/alminutonoticia.com\/noticias\/wp-json\/wp\/v2\/media\/19366"}],"wp:attachment":[{"href":"https:\/\/alminutonoticia.com\/noticias\/wp-json\/wp\/v2\/media?parent=19363"}],"wp:term":[{"taxonomy":"category","embeddable":true,"href":"https:\/\/alminutonoticia.com\/noticias\/wp-json\/wp\/v2\/categories?post=19363"},{"taxonomy":"post_tag","embeddable":true,"href":"https:\/\/alminutonoticia.com\/noticias\/wp-json\/wp\/v2\/tags?post=19363"}],"curies":[{"name":"wp","href":"https:\/\/api.w.org\/{rel}","templated":true}]}}