{"id":19357,"date":"2026-04-28T18:25:59","date_gmt":"2026-04-28T18:25:59","guid":{"rendered":"https:\/\/alminutonoticia.com\/noticias\/?p=19357"},"modified":"2026-04-28T18:28:55","modified_gmt":"2026-04-28T18:28:55","slug":"cobre-panama-destaca-con-tecnologia-en-su-stand-de-la-feria-de-azuero-2026","status":"publish","type":"post","link":"https:\/\/alminutonoticia.com\/noticias\/cobre-panama-destaca-con-tecnologia-en-su-stand-de-la-feria-de-azuero-2026\/","title":{"rendered":"Cobre Panam\u00e1 destaca con tecnolog\u00eda en su stand de la Feria de Azuero 2026"},"content":{"rendered":"\n<p>Por segundo a\u00f1o consecutivo, Cobre Panam\u00e1 participa en la <strong>LXII Feria Internacional de Azuero 2026<\/strong>, que se celebra desde el 23 de abril al 3 de mayo, llevando a uno de los eventos m\u00e1s representativos del pa\u00eds una propuesta que acerca la miner\u00eda moderna a la ciudadan\u00eda a trav\u00e9s de tecnolog\u00eda, interacci\u00f3n y conocimiento.<\/p>\n\n\n\n<p>En medio de una feria que re\u00fane a miles de paname\u00f1os y visitantes en torno a la cultura y la tradici\u00f3n, Cobre Panam\u00e1 presenta un stand donde el p\u00fablico puede comprender, de forma directa, c\u00f3mo funciona una operaci\u00f3n minera actual y cu\u00e1les son los avances que se est\u00e1n implementando para hacerla m\u00e1s eficiente y sostenible.<\/p>\n\n\n\n<p>Uno de los principales atractivos es la explicaci\u00f3n del <strong><em>sistema trolley<\/em><\/strong>, con este sistema, los camiones el\u00e9ctricos dejan de depender de m\u00e9todos tradicionales y se movilizan conectados a una l\u00ednea de energ\u00eda, reduciendo emisiones y mejorando su eficiencia. Es una muestra clara de c\u00f3mo la tecnolog\u00eda est\u00e1 transformando la miner\u00eda hacia modelos m\u00e1s sostenibles.<\/p>\n\n\n\n<div class=\"wp-block-columns is-layout-flex wp-container-core-columns-is-layout-28f84493 wp-block-columns-is-layout-flex\">\n<div class=\"wp-block-column is-layout-flow wp-block-column-is-layout-flow\">\n<figure class=\"wp-block-image size-large\"><a href=\"https:\/\/alminutonoticia.com\/noticias\/wp-content\/uploads\/2026\/04\/WhatsApp-Image-2026-04-24-at-4.08.29-PM-1.jpeg\"><img fetchpriority=\"high\" decoding=\"async\" width=\"1024\" height=\"683\" src=\"https:\/\/alminutonoticia.com\/noticias\/wp-content\/uploads\/2026\/04\/WhatsApp-Image-2026-04-24-at-4.08.29-PM-1-1024x683.jpeg\" alt=\"\" class=\"wp-image-19358\" title=\"\" srcset=\"https:\/\/alminutonoticia.com\/noticias\/wp-content\/uploads\/2026\/04\/WhatsApp-Image-2026-04-24-at-4.08.29-PM-1-1024x683.jpeg 1024w, https:\/\/alminutonoticia.com\/noticias\/wp-content\/uploads\/2026\/04\/WhatsApp-Image-2026-04-24-at-4.08.29-PM-1-300x200.jpeg 300w, https:\/\/alminutonoticia.com\/noticias\/wp-content\/uploads\/2026\/04\/WhatsApp-Image-2026-04-24-at-4.08.29-PM-1-768x512.jpeg 768w, https:\/\/alminutonoticia.com\/noticias\/wp-content\/uploads\/2026\/04\/WhatsApp-Image-2026-04-24-at-4.08.29-PM-1-1536x1024.jpeg 1536w, https:\/\/alminutonoticia.com\/noticias\/wp-content\/uploads\/2026\/04\/WhatsApp-Image-2026-04-24-at-4.08.29-PM-1.jpeg 1600w\" sizes=\"(max-width: 1024px) 100vw, 1024px\" \/><\/a><\/figure>\n<\/div>\n\n\n\n<div class=\"wp-block-column is-layout-flow wp-block-column-is-layout-flow\">\n<figure class=\"wp-block-image size-large\"><a href=\"https:\/\/alminutonoticia.com\/noticias\/wp-content\/uploads\/2026\/04\/WhatsApp-Image-2026-04-24-at-4.08.29-PM-2.jpeg\"><img decoding=\"async\" width=\"1024\" height=\"683\" src=\"https:\/\/alminutonoticia.com\/noticias\/wp-content\/uploads\/2026\/04\/WhatsApp-Image-2026-04-24-at-4.08.29-PM-2-1024x683.jpeg\" alt=\"\" class=\"wp-image-19359\" title=\"\" srcset=\"https:\/\/alminutonoticia.com\/noticias\/wp-content\/uploads\/2026\/04\/WhatsApp-Image-2026-04-24-at-4.08.29-PM-2-1024x683.jpeg 1024w, https:\/\/alminutonoticia.com\/noticias\/wp-content\/uploads\/2026\/04\/WhatsApp-Image-2026-04-24-at-4.08.29-PM-2-300x200.jpeg 300w, https:\/\/alminutonoticia.com\/noticias\/wp-content\/uploads\/2026\/04\/WhatsApp-Image-2026-04-24-at-4.08.29-PM-2-768x512.jpeg 768w, https:\/\/alminutonoticia.com\/noticias\/wp-content\/uploads\/2026\/04\/WhatsApp-Image-2026-04-24-at-4.08.29-PM-2-1536x1024.jpeg 1536w, https:\/\/alminutonoticia.com\/noticias\/wp-content\/uploads\/2026\/04\/WhatsApp-Image-2026-04-24-at-4.08.29-PM-2.jpeg 1600w\" sizes=\"(max-width: 1024px) 100vw, 1024px\" \/><\/a><\/figure>\n<\/div>\n<\/div>\n\n\n\n<p>Una de las experiencias m\u00e1s llamativas es una bicicleta que permite generar energ\u00eda al pedalear. Esta acci\u00f3n simple ayuda a entender, de forma directa, c\u00f3mo funciona el sistema trolley y c\u00f3mo la energ\u00eda se transforma en movimiento dentro de la operaci\u00f3n minera.<\/p>\n\n\n\n<p><em>\u201cVer c\u00f3mo tu propio esfuerzo se convierte en energ\u00eda cambia la forma en que entiendes todo. Ese es el objetivo: que las personas vivan la tecnolog\u00eda y comprendan c\u00f3mo est\u00e1 evolucionando la miner\u00eda\u201d,<\/em> se\u00f1al\u00f3 <strong>Maru G\u00e1lvez<\/strong>, <strong>gerente de Relaciones P\u00fablicas de Cobre Panam\u00e1<\/strong>.<\/p>\n\n\n\n<p>Durante los d\u00edas de feria, las personas pueden interactuar con profesionales paname\u00f1os, hacer consultas al avatar de inteligencia artificial CoCo y entender de manera pr\u00e1ctica el enfoque de miner\u00eda responsable y la presencia del cobre en la <strong>vida cotidiana<\/strong>.<\/p>\n\n\n\n<div class=\"wp-block-columns is-layout-flex wp-container-core-columns-is-layout-28f84493 wp-block-columns-is-layout-flex\">\n<div class=\"wp-block-column is-layout-flow wp-block-column-is-layout-flow\">\n<figure class=\"wp-block-image size-large\"><a href=\"https:\/\/alminutonoticia.com\/noticias\/wp-content\/uploads\/2026\/04\/WhatsApp-Image-2026-04-24-at-4.08.29-PM.jpeg\"><img decoding=\"async\" width=\"1024\" height=\"683\" src=\"https:\/\/alminutonoticia.com\/noticias\/wp-content\/uploads\/2026\/04\/WhatsApp-Image-2026-04-24-at-4.08.29-PM-1024x683.jpeg\" alt=\"\" class=\"wp-image-19360\" title=\"\" srcset=\"https:\/\/alminutonoticia.com\/noticias\/wp-content\/uploads\/2026\/04\/WhatsApp-Image-2026-04-24-at-4.08.29-PM-1024x683.jpeg 1024w, https:\/\/alminutonoticia.com\/noticias\/wp-content\/uploads\/2026\/04\/WhatsApp-Image-2026-04-24-at-4.08.29-PM-300x200.jpeg 300w, https:\/\/alminutonoticia.com\/noticias\/wp-content\/uploads\/2026\/04\/WhatsApp-Image-2026-04-24-at-4.08.29-PM-768x512.jpeg 768w, https:\/\/alminutonoticia.com\/noticias\/wp-content\/uploads\/2026\/04\/WhatsApp-Image-2026-04-24-at-4.08.29-PM-1536x1024.jpeg 1536w, https:\/\/alminutonoticia.com\/noticias\/wp-content\/uploads\/2026\/04\/WhatsApp-Image-2026-04-24-at-4.08.29-PM.jpeg 1600w\" sizes=\"(max-width: 1024px) 100vw, 1024px\" \/><\/a><\/figure>\n<\/div>\n\n\n\n<div class=\"wp-block-column is-layout-flow wp-block-column-is-layout-flow\">\n<figure class=\"wp-block-image size-large\"><a href=\"https:\/\/alminutonoticia.com\/noticias\/wp-content\/uploads\/2026\/04\/WhatsApp-Image-2026-04-24-at-4.08.30-PM.jpeg\"><img loading=\"lazy\" decoding=\"async\" width=\"1024\" height=\"683\" src=\"https:\/\/alminutonoticia.com\/noticias\/wp-content\/uploads\/2026\/04\/WhatsApp-Image-2026-04-24-at-4.08.30-PM-1024x683.jpeg\" alt=\"\" class=\"wp-image-19361\" title=\"\" srcset=\"https:\/\/alminutonoticia.com\/noticias\/wp-content\/uploads\/2026\/04\/WhatsApp-Image-2026-04-24-at-4.08.30-PM-1024x683.jpeg 1024w, https:\/\/alminutonoticia.com\/noticias\/wp-content\/uploads\/2026\/04\/WhatsApp-Image-2026-04-24-at-4.08.30-PM-300x200.jpeg 300w, https:\/\/alminutonoticia.com\/noticias\/wp-content\/uploads\/2026\/04\/WhatsApp-Image-2026-04-24-at-4.08.30-PM-768x512.jpeg 768w, https:\/\/alminutonoticia.com\/noticias\/wp-content\/uploads\/2026\/04\/WhatsApp-Image-2026-04-24-at-4.08.30-PM-1536x1024.jpeg 1536w, https:\/\/alminutonoticia.com\/noticias\/wp-content\/uploads\/2026\/04\/WhatsApp-Image-2026-04-24-at-4.08.30-PM.jpeg 1600w\" sizes=\"(max-width: 1024px) 100vw, 1024px\" \/><\/a><\/figure>\n<\/div>\n<\/div>\n\n\n\n<p>En un escenario donde conviven tradici\u00f3n y desarrollo, la presencia de Cobre Panam\u00e1 marca un punto de encuentro entre lo que somos y hacia d\u00f3nde vamos: una industria que evoluciona, una ciudadan\u00eda que pregunta y una conversaci\u00f3n que cada vez se vuelve m\u00e1s cercana, m\u00e1s clara y m\u00e1s necesaria.<\/p>\n","protected":false},"excerpt":{"rendered":"<p>Por segundo a\u00f1o consecutivo, Cobre Panam\u00e1 participa en la LXII Feria Internacional de Azuero 2026, que se celebra desde el 23 de abril al 3 de mayo, llevando a uno de los eventos m\u00e1s representativos del pa\u00eds una propuesta que acerca la miner\u00eda moderna a la ciudadan\u00eda a trav\u00e9s de tecnolog\u00eda, interacci\u00f3n y conocimiento. En [&hellip;]<\/p>\n","protected":false},"author":3,"featured_media":19361,"comment_status":"open","ping_status":"open","sticky":false,"template":"","format":"standard","meta":{"footnotes":""},"categories":[36],"tags":[],"class_list":["post-19357","post","type-post","status-publish","format-standard","has-post-thumbnail","hentry","category-nacionales"],"_links":{"self":[{"href":"https:\/\/alminutonoticia.com\/noticias\/wp-json\/wp\/v2\/posts\/19357","targetHints":{"allow":["GET"]}}],"collection":[{"href":"https:\/\/alminutonoticia.com\/noticias\/wp-json\/wp\/v2\/posts"}],"about":[{"href":"https:\/\/alminutonoticia.com\/noticias\/wp-json\/wp\/v2\/types\/post"}],"author":[{"embeddable":true,"href":"https:\/\/alminutonoticia.com\/noticias\/wp-json\/wp\/v2\/users\/3"}],"replies":[{"embeddable":true,"href":"https:\/\/alminutonoticia.com\/noticias\/wp-json\/wp\/v2\/comments?post=19357"}],"version-history":[{"count":1,"href":"https:\/\/alminutonoticia.com\/noticias\/wp-json\/wp\/v2\/posts\/19357\/revisions"}],"predecessor-version":[{"id":19362,"href":"https:\/\/alminutonoticia.com\/noticias\/wp-json\/wp\/v2\/posts\/19357\/revisions\/19362"}],"wp:featuredmedia":[{"embeddable":true,"href":"https:\/\/alminutonoticia.com\/noticias\/wp-json\/wp\/v2\/media\/19361"}],"wp:attachment":[{"href":"https:\/\/alminutonoticia.com\/noticias\/wp-json\/wp\/v2\/media?parent=19357"}],"wp:term":[{"taxonomy":"category","embeddable":true,"href":"https:\/\/alminutonoticia.com\/noticias\/wp-json\/wp\/v2\/categories?post=19357"},{"taxonomy":"post_tag","embeddable":true,"href":"https:\/\/alminutonoticia.com\/noticias\/wp-json\/wp\/v2\/tags?post=19357"}],"curies":[{"name":"wp","href":"https:\/\/api.w.org\/{rel}","templated":true}]}}