{"id":19352,"date":"2026-04-28T18:15:27","date_gmt":"2026-04-28T18:15:27","guid":{"rendered":"https:\/\/alminutonoticia.com\/noticias\/?p=19352"},"modified":"2026-04-28T18:16:16","modified_gmt":"2026-04-28T18:16:16","slug":"equipo-del-mici-se-reune-con-el-sector-industrial-en-la-primera-mesa-tecnica","status":"publish","type":"post","link":"https:\/\/alminutonoticia.com\/noticias\/equipo-del-mici-se-reune-con-el-sector-industrial-en-la-primera-mesa-tecnica\/","title":{"rendered":"Equipo del MICI se re\u00fane con el sector industrial en la primera Mesa T\u00e9cnica"},"content":{"rendered":"\n<p>Con la participaci\u00f3n de una amplia representaci\u00f3n de la junta directiva del Sindicato de Industriales de Panam\u00e1, SIP y una importante delegaci\u00f3n del equipo de directores del Ministerio de Comercio e Industrias, MICI. Se celebr\u00f3 la primera reuni\u00f3n de la Mesa T\u00e9cnica MICI-SIP, que pretende ser un espacio de coordinaci\u00f3n y agilizaci\u00f3n de temas conjuntos.<\/p>\n\n\n\n<p>En la agenda del encuentro se abord\u00f3 el proceso para el pago de los Certificados de Fomento Industrial pendientes, un compromiso que el \u00d3rgano Ejecutivo est\u00e1 asumiendo tras varios periodos de desatenci\u00f3n.&nbsp;<\/p>\n\n\n\n<p>Igualmente, el encuentro sirvi\u00f3 para escuchar inquietudes del sector industrial relacionadas a desaf\u00edos que surgen alrededor de las nuevas exigencias sobre etiquetado, incluso a nivel regional, tomando en cuenta que cada pa\u00eds define sus propias reglas en el tema.&nbsp;<\/p>\n\n\n\n<p>La agenda de la reuni\u00f3n permiti\u00f3 a las autoridades del MICI conocer necesidades del gremio industrial vinculadas a temas de Defensa Comercial y posibles casos de doble tributaci\u00f3n.&nbsp;<\/p>\n\n\n\n<figure class=\"wp-block-image size-large\"><a href=\"https:\/\/alminutonoticia.com\/noticias\/wp-content\/uploads\/2026\/04\/WhatsApp-Image-2026-04-28-at-11.11.30.jpeg\"><img fetchpriority=\"high\" decoding=\"async\" width=\"1024\" height=\"684\" src=\"https:\/\/alminutonoticia.com\/noticias\/wp-content\/uploads\/2026\/04\/WhatsApp-Image-2026-04-28-at-11.11.30-1024x684.jpeg\" alt=\"\" class=\"wp-image-19353\" title=\"\" srcset=\"https:\/\/alminutonoticia.com\/noticias\/wp-content\/uploads\/2026\/04\/WhatsApp-Image-2026-04-28-at-11.11.30-1024x684.jpeg 1024w, https:\/\/alminutonoticia.com\/noticias\/wp-content\/uploads\/2026\/04\/WhatsApp-Image-2026-04-28-at-11.11.30-300x200.jpeg 300w, https:\/\/alminutonoticia.com\/noticias\/wp-content\/uploads\/2026\/04\/WhatsApp-Image-2026-04-28-at-11.11.30-768x513.jpeg 768w, https:\/\/alminutonoticia.com\/noticias\/wp-content\/uploads\/2026\/04\/WhatsApp-Image-2026-04-28-at-11.11.30.jpeg 1200w\" sizes=\"(max-width: 1024px) 100vw, 1024px\" \/><\/a><\/figure>\n\n\n\n<p>Por parte del MICI, estuvieron en la mesa Linda Castillo, viceministra encargada de Comercio Exterior y jefa de la Oficina de Negociaciones Comerciales Internacionales (ONCI), acompa\u00f1ada de Deidamia Batista, jefa de Gabinete Ministerial, Francisco Mola, director Nacional de Industrias, Michael Troetsch, director general de Normas y Tecnolog\u00eda Industrial, Yahanys Y\u00e1nguez, directora general de Industrias, Daniel Tejada, director general de Defensa Comercial (parte de la ONCI), \u00c1lvaro R\u00edos, analista de Comercio Exterior-ONCI, Joseph Gallardo, ingeniero de CODEX y Iveth D\u00edaz y Laura Amato, asesoras legales.&nbsp;<\/p>\n\n\n\n<p>Como voceros del sector participaron Rosmer Jurado, presidente del SIP, acompa\u00f1ado de Melissa Miranda, Lorena Henr\u00edquez, Juan A. F\u00e1brega, Leonardo Ramos, Luis Frauca y Pedro Zeballos.&nbsp;<\/p>\n\n\n\n<figure class=\"wp-block-image size-large\"><a href=\"https:\/\/alminutonoticia.com\/noticias\/wp-content\/uploads\/2026\/04\/WhatsApp-Image-2026-04-28-at-11.11.41.jpeg\"><img decoding=\"async\" width=\"1024\" height=\"684\" src=\"https:\/\/alminutonoticia.com\/noticias\/wp-content\/uploads\/2026\/04\/WhatsApp-Image-2026-04-28-at-11.11.41-1024x684.jpeg\" alt=\"\" class=\"wp-image-19354\" title=\"\" srcset=\"https:\/\/alminutonoticia.com\/noticias\/wp-content\/uploads\/2026\/04\/WhatsApp-Image-2026-04-28-at-11.11.41-1024x684.jpeg 1024w, https:\/\/alminutonoticia.com\/noticias\/wp-content\/uploads\/2026\/04\/WhatsApp-Image-2026-04-28-at-11.11.41-300x200.jpeg 300w, https:\/\/alminutonoticia.com\/noticias\/wp-content\/uploads\/2026\/04\/WhatsApp-Image-2026-04-28-at-11.11.41-768x513.jpeg 768w, https:\/\/alminutonoticia.com\/noticias\/wp-content\/uploads\/2026\/04\/WhatsApp-Image-2026-04-28-at-11.11.41.jpeg 1200w\" sizes=\"(max-width: 1024px) 100vw, 1024px\" \/><\/a><\/figure>\n\n\n\n<p>Los delegados de ambas partes acordaron reunirse mensualmente, a partir de ahora, para dar seguimiento a los temas planteados. Esta Mesa T\u00e9cnica es resultado de la visita que realiz\u00f3 el ministro de Comercio e Industrias Julio Molt\u00f3, a la reuni\u00f3n de directiva del SIP, para exponer los resultados de la gesti\u00f3n 2025, en la instituci\u00f3n.<\/p>\n","protected":false},"excerpt":{"rendered":"<p>Con la participaci\u00f3n de una amplia representaci\u00f3n de la junta directiva del Sindicato de Industriales de Panam\u00e1, SIP y una importante delegaci\u00f3n del equipo de directores del Ministerio de Comercio e Industrias, MICI. Se celebr\u00f3 la primera reuni\u00f3n de la Mesa T\u00e9cnica MICI-SIP, que pretende ser un espacio de coordinaci\u00f3n y agilizaci\u00f3n de temas conjuntos. [&hellip;]<\/p>\n","protected":false},"author":3,"featured_media":19353,"comment_status":"open","ping_status":"open","sticky":false,"template":"","format":"standard","meta":{"footnotes":""},"categories":[36],"tags":[],"class_list":["post-19352","post","type-post","status-publish","format-standard","has-post-thumbnail","hentry","category-nacionales"],"_links":{"self":[{"href":"https:\/\/alminutonoticia.com\/noticias\/wp-json\/wp\/v2\/posts\/19352","targetHints":{"allow":["GET"]}}],"collection":[{"href":"https:\/\/alminutonoticia.com\/noticias\/wp-json\/wp\/v2\/posts"}],"about":[{"href":"https:\/\/alminutonoticia.com\/noticias\/wp-json\/wp\/v2\/types\/post"}],"author":[{"embeddable":true,"href":"https:\/\/alminutonoticia.com\/noticias\/wp-json\/wp\/v2\/users\/3"}],"replies":[{"embeddable":true,"href":"https:\/\/alminutonoticia.com\/noticias\/wp-json\/wp\/v2\/comments?post=19352"}],"version-history":[{"count":1,"href":"https:\/\/alminutonoticia.com\/noticias\/wp-json\/wp\/v2\/posts\/19352\/revisions"}],"predecessor-version":[{"id":19355,"href":"https:\/\/alminutonoticia.com\/noticias\/wp-json\/wp\/v2\/posts\/19352\/revisions\/19355"}],"wp:featuredmedia":[{"embeddable":true,"href":"https:\/\/alminutonoticia.com\/noticias\/wp-json\/wp\/v2\/media\/19353"}],"wp:attachment":[{"href":"https:\/\/alminutonoticia.com\/noticias\/wp-json\/wp\/v2\/media?parent=19352"}],"wp:term":[{"taxonomy":"category","embeddable":true,"href":"https:\/\/alminutonoticia.com\/noticias\/wp-json\/wp\/v2\/categories?post=19352"},{"taxonomy":"post_tag","embeddable":true,"href":"https:\/\/alminutonoticia.com\/noticias\/wp-json\/wp\/v2\/tags?post=19352"}],"curies":[{"name":"wp","href":"https:\/\/api.w.org\/{rel}","templated":true}]}}