{"id":19343,"date":"2026-04-25T00:06:36","date_gmt":"2026-04-25T00:06:36","guid":{"rendered":"https:\/\/alminutonoticia.com\/noticias\/?p=19343"},"modified":"2026-04-25T00:06:37","modified_gmt":"2026-04-25T00:06:37","slug":"panama-y-uruguay-fortalecen-agenda-bilateral-en-comercio-zonas-francas-y-servicios-modernos","status":"publish","type":"post","link":"https:\/\/alminutonoticia.com\/noticias\/panama-y-uruguay-fortalecen-agenda-bilateral-en-comercio-zonas-francas-y-servicios-modernos\/","title":{"rendered":"\u201cPanam\u00e1 y Uruguay fortalecen agenda bilateral en comercio, zonas francas y servicios modernos."},"content":{"rendered":"\n<p>Una delegaci\u00f3n del equipo de directores del Ministerio de Comercio e Industrias (MICI) recibi\u00f3 a la embajadora de Uruguay en Panam\u00e1, Carolina Villarrubia, quien realiz\u00f3 una visita de cortes\u00eda, a la sede principal de la instituci\u00f3n; en la que se reafirm\u00f3 el inter\u00e9s mutuo de profundizar las relaciones bilaterales, respaldadas por una s\u00f3lida relaci\u00f3n pol\u00edtica y comercial.<\/p>\n\n\n\n<p>Durante el encuentro, ambas partes destacaron el rol de las embajadas y del sector privado en el fortalecimiento de esta relaci\u00f3n, as\u00ed como el inter\u00e9s en avanzar en el acercamiento entre Panam\u00e1 y el bloque del Mercosur, generando nuevas oportunidades de cooperaci\u00f3n y desarrollo comercial.<\/p>\n\n\n\n<p>El di\u00e1logo se centr\u00f3 en la diversificaci\u00f3n de la relaci\u00f3n econ\u00f3mica, con \u00e9nfasis en servicios modernos. Uruguay manifest\u00f3 su inter\u00e9s en la experiencia paname\u00f1a como hub log\u00edstico y de conectividad regional, mientas que Panam\u00e1 valor\u00f3 el liderazgo uruguayo en innovaci\u00f3n y econom\u00eda del conocimiento.<\/p>\n\n\n\n<p>Las zonas francas fueron identificadas como un eje estrat\u00e9gico de colaboraci\u00f3n por su capacidad para facilitar el comercio, generar valor agregado y ampliar el acceso a mercados internacionales. Actualmente nuestro pa\u00eds cuenta con 18 zonas francas activas, consolid\u00e1ndose como un hub regional para la reexportaci\u00f3n y los servicios globales.<\/p>\n\n\n\n<p>Asimismo, se resalt\u00f3 la importancia del pr\u00f3ximo 12\u00b0 Congreso Mundial de Zonas Francas, que tendr\u00e1 lugar en Panam\u00e1 del 12 al 14 de mayo de 2026, organizado por la World Free Zones Organization. Este evento reunir\u00e1 a l\u00edderes gubernamentales y empresariales de todo el mundo, y ser\u00e1 un espacio clave para impulsar alianzas estrat\u00e9gicas, atraer inversiones y fortalecer el comercio exterior.<\/p>\n\n\n\n<p>En el \u00e1mbito t\u00e9cnico, se abordaron temas como reglas de origen y certificados de exportaci\u00f3n, destacando su relevancia para optimizar el aprovechamiento de nuestra red robusta de acuerdos comerciales. Estos mecanismos permiten tanto la generaci\u00f3n de valor agregado en Panam\u00e1 como la preservaci\u00f3n del origen de productos extranjeros, facilitando su acceso preferencial a mercados internacionales.<\/p>\n\n\n\n<p>Panam\u00e1 y Uruguay reiteraron su compromiso de continuar fortaleciendo los v\u00ednculos bilaterales, promoviendo iniciativas conjuntas en log\u00edstica, tecnolog\u00eda y servicios.<\/p>\n\n\n\n<figure class=\"wp-block-image size-large\"><a href=\"https:\/\/alminutonoticia.com\/noticias\/wp-content\/uploads\/2026\/04\/WhatsApp-Image-2026-04-24-at-7.05.08-PM-1.jpeg\"><img fetchpriority=\"high\" decoding=\"async\" width=\"1024\" height=\"683\" src=\"https:\/\/alminutonoticia.com\/noticias\/wp-content\/uploads\/2026\/04\/WhatsApp-Image-2026-04-24-at-7.05.08-PM-1-1024x683.jpeg\" alt=\"\" class=\"wp-image-19344\" title=\"\" srcset=\"https:\/\/alminutonoticia.com\/noticias\/wp-content\/uploads\/2026\/04\/WhatsApp-Image-2026-04-24-at-7.05.08-PM-1-1024x683.jpeg 1024w, https:\/\/alminutonoticia.com\/noticias\/wp-content\/uploads\/2026\/04\/WhatsApp-Image-2026-04-24-at-7.05.08-PM-1-300x200.jpeg 300w, https:\/\/alminutonoticia.com\/noticias\/wp-content\/uploads\/2026\/04\/WhatsApp-Image-2026-04-24-at-7.05.08-PM-1-768x512.jpeg 768w, https:\/\/alminutonoticia.com\/noticias\/wp-content\/uploads\/2026\/04\/WhatsApp-Image-2026-04-24-at-7.05.08-PM-1.jpeg 1280w\" sizes=\"(max-width: 1024px) 100vw, 1024px\" \/><\/a><\/figure>\n","protected":false},"excerpt":{"rendered":"<p>Una delegaci\u00f3n del equipo de directores del Ministerio de Comercio e Industrias (MICI) recibi\u00f3 a la embajadora de Uruguay en Panam\u00e1, Carolina Villarrubia, quien realiz\u00f3 una visita de cortes\u00eda, a la sede principal de la instituci\u00f3n; en la que se reafirm\u00f3 el inter\u00e9s mutuo de profundizar las relaciones bilaterales, respaldadas por una s\u00f3lida relaci\u00f3n pol\u00edtica [&hellip;]<\/p>\n","protected":false},"author":3,"featured_media":19345,"comment_status":"open","ping_status":"open","sticky":false,"template":"","format":"standard","meta":{"footnotes":""},"categories":[36],"tags":[],"class_list":["post-19343","post","type-post","status-publish","format-standard","has-post-thumbnail","hentry","category-nacionales"],"_links":{"self":[{"href":"https:\/\/alminutonoticia.com\/noticias\/wp-json\/wp\/v2\/posts\/19343","targetHints":{"allow":["GET"]}}],"collection":[{"href":"https:\/\/alminutonoticia.com\/noticias\/wp-json\/wp\/v2\/posts"}],"about":[{"href":"https:\/\/alminutonoticia.com\/noticias\/wp-json\/wp\/v2\/types\/post"}],"author":[{"embeddable":true,"href":"https:\/\/alminutonoticia.com\/noticias\/wp-json\/wp\/v2\/users\/3"}],"replies":[{"embeddable":true,"href":"https:\/\/alminutonoticia.com\/noticias\/wp-json\/wp\/v2\/comments?post=19343"}],"version-history":[{"count":1,"href":"https:\/\/alminutonoticia.com\/noticias\/wp-json\/wp\/v2\/posts\/19343\/revisions"}],"predecessor-version":[{"id":19346,"href":"https:\/\/alminutonoticia.com\/noticias\/wp-json\/wp\/v2\/posts\/19343\/revisions\/19346"}],"wp:featuredmedia":[{"embeddable":true,"href":"https:\/\/alminutonoticia.com\/noticias\/wp-json\/wp\/v2\/media\/19345"}],"wp:attachment":[{"href":"https:\/\/alminutonoticia.com\/noticias\/wp-json\/wp\/v2\/media?parent=19343"}],"wp:term":[{"taxonomy":"category","embeddable":true,"href":"https:\/\/alminutonoticia.com\/noticias\/wp-json\/wp\/v2\/categories?post=19343"},{"taxonomy":"post_tag","embeddable":true,"href":"https:\/\/alminutonoticia.com\/noticias\/wp-json\/wp\/v2\/tags?post=19343"}],"curies":[{"name":"wp","href":"https:\/\/api.w.org\/{rel}","templated":true}]}}