{"id":19319,"date":"2026-04-24T23:48:34","date_gmt":"2026-04-24T23:48:34","guid":{"rendered":"https:\/\/alminutonoticia.com\/noticias\/?p=19319"},"modified":"2026-04-24T23:48:36","modified_gmt":"2026-04-24T23:48:36","slug":"presidente-mulino-junto-a-mitradel-entrega-becas-a-ninos-del-proyecto-abrazos-del-futuro-en-los-santos","status":"publish","type":"post","link":"https:\/\/alminutonoticia.com\/noticias\/presidente-mulino-junto-a-mitradel-entrega-becas-a-ninos-del-proyecto-abrazos-del-futuro-en-los-santos\/","title":{"rendered":"Presidente Mulino, junto a Mitradel, entrega becas a ni\u00f1os del proyecto \u201cAbrazos del Futuro\u201d en Los Santos"},"content":{"rendered":"\n<p>Como parte de las acciones orientadas a prevenir y erradicar el trabajo infantil, el Gobierno Nacional, a trav\u00e9s del Ministerio de Trabajo y Desarrollo Laboral (Mitradel), realiz\u00f3 una jornada del proyecto \u201cAbrazos del Futuro\u201d en la provincia de Los Santos, durante la cual el presidente de la Rep\u00fablica, Jos\u00e9 Ra\u00fal Mulino, entreg\u00f3 las primeras becas educativas a 10 ni\u00f1os en condici\u00f3n de vulnerabilidad.<br>En total son 60 estudiantes de diversos centros educativos, lo que contribuye a que puedan continuar sus estudios y fortalecer sus oportunidades de crecimiento.<br>\u201cUstedes son el futuro de este pa\u00eds, y los vamos a ayudar con las becas que sean necesarias y con trabajos a sus padres, para que abandonen la pobreza y tengan empleo y vida digna\u201d, indic\u00f3 el presidente.<br>La puesta en marcha de esta iniciativa forma parte del compromiso del Gobierno Nacional de brindar futuro y esperanza a la ni\u00f1ez, impulsado por el presidente Mulino y la ministra de Trabajo, Jackeline Mu\u00f1oz de Cede\u00f1o, quienes promueven pol\u00edticas orientadas a garantizar el respeto a los derechos de ni\u00f1os, ni\u00f1as y adolescentes en todo el pa\u00eds.<br>El proyecto Abrazos del Futuro busca apoyar a familias en condici\u00f3n de vulnerabilidad, promoviendo el estudio como base para el desarrollo integral de los menores de edad.<br>Como antecedente en el marco del lanzamiento de este proyecto que se realiz\u00f3 en la provincia de Herrera, la entidad \u2014en coordinaci\u00f3n con el Instituto para la Formaci\u00f3n y Aprovechamiento de Recursos Humanos (Ifarhu)\u2014 entreg\u00f3 47 becas destinadas a ni\u00f1os y ni\u00f1as en riesgo social.<br>Las jornadas se llevan a cabo en coordinaci\u00f3n con otras instituciones del Estado, en un trabajo conjunto orientado a mitigar este flagelo a nivel nacional, incluyendo las comarcas. En la provincia de Los Santos, el Mitradel mantiene una labor constante en esta materia, con 41 recorridos de prevenci\u00f3n y 36 actividades de sensibilizaci\u00f3n y capacitaci\u00f3n dirigidas a comunidades y actores locales.<\/p>\n\n\n\n<figure class=\"wp-block-image size-large\"><a href=\"https:\/\/alminutonoticia.com\/noticias\/wp-content\/uploads\/2026\/04\/WhatsApp-Image-2026-04-24-at-1.28.50-PM.jpeg\"><img fetchpriority=\"high\" decoding=\"async\" width=\"1024\" height=\"682\" src=\"https:\/\/alminutonoticia.com\/noticias\/wp-content\/uploads\/2026\/04\/WhatsApp-Image-2026-04-24-at-1.28.50-PM-1024x682.jpeg\" alt=\"\" class=\"wp-image-19320\" title=\"\" srcset=\"https:\/\/alminutonoticia.com\/noticias\/wp-content\/uploads\/2026\/04\/WhatsApp-Image-2026-04-24-at-1.28.50-PM-1024x682.jpeg 1024w, https:\/\/alminutonoticia.com\/noticias\/wp-content\/uploads\/2026\/04\/WhatsApp-Image-2026-04-24-at-1.28.50-PM-300x200.jpeg 300w, https:\/\/alminutonoticia.com\/noticias\/wp-content\/uploads\/2026\/04\/WhatsApp-Image-2026-04-24-at-1.28.50-PM-768x512.jpeg 768w, https:\/\/alminutonoticia.com\/noticias\/wp-content\/uploads\/2026\/04\/WhatsApp-Image-2026-04-24-at-1.28.50-PM.jpeg 1280w\" sizes=\"(max-width: 1024px) 100vw, 1024px\" \/><\/a><\/figure>\n","protected":false},"excerpt":{"rendered":"<p>Como parte de las acciones orientadas a prevenir y erradicar el trabajo infantil, el Gobierno Nacional, a trav\u00e9s del Ministerio de Trabajo y Desarrollo Laboral (Mitradel), realiz\u00f3 una jornada del proyecto \u201cAbrazos del Futuro\u201d en la provincia de Los Santos, durante la cual el presidente de la Rep\u00fablica, Jos\u00e9 Ra\u00fal Mulino, entreg\u00f3 las primeras becas [&hellip;]<\/p>\n","protected":false},"author":3,"featured_media":19321,"comment_status":"open","ping_status":"open","sticky":false,"template":"","format":"standard","meta":{"footnotes":""},"categories":[36],"tags":[],"class_list":["post-19319","post","type-post","status-publish","format-standard","has-post-thumbnail","hentry","category-nacionales"],"_links":{"self":[{"href":"https:\/\/alminutonoticia.com\/noticias\/wp-json\/wp\/v2\/posts\/19319","targetHints":{"allow":["GET"]}}],"collection":[{"href":"https:\/\/alminutonoticia.com\/noticias\/wp-json\/wp\/v2\/posts"}],"about":[{"href":"https:\/\/alminutonoticia.com\/noticias\/wp-json\/wp\/v2\/types\/post"}],"author":[{"embeddable":true,"href":"https:\/\/alminutonoticia.com\/noticias\/wp-json\/wp\/v2\/users\/3"}],"replies":[{"embeddable":true,"href":"https:\/\/alminutonoticia.com\/noticias\/wp-json\/wp\/v2\/comments?post=19319"}],"version-history":[{"count":1,"href":"https:\/\/alminutonoticia.com\/noticias\/wp-json\/wp\/v2\/posts\/19319\/revisions"}],"predecessor-version":[{"id":19322,"href":"https:\/\/alminutonoticia.com\/noticias\/wp-json\/wp\/v2\/posts\/19319\/revisions\/19322"}],"wp:featuredmedia":[{"embeddable":true,"href":"https:\/\/alminutonoticia.com\/noticias\/wp-json\/wp\/v2\/media\/19321"}],"wp:attachment":[{"href":"https:\/\/alminutonoticia.com\/noticias\/wp-json\/wp\/v2\/media?parent=19319"}],"wp:term":[{"taxonomy":"category","embeddable":true,"href":"https:\/\/alminutonoticia.com\/noticias\/wp-json\/wp\/v2\/categories?post=19319"},{"taxonomy":"post_tag","embeddable":true,"href":"https:\/\/alminutonoticia.com\/noticias\/wp-json\/wp\/v2\/tags?post=19319"}],"curies":[{"name":"wp","href":"https:\/\/api.w.org\/{rel}","templated":true}]}}