{"id":19311,"date":"2026-04-24T23:45:25","date_gmt":"2026-04-24T23:45:25","guid":{"rendered":"https:\/\/alminutonoticia.com\/noticias\/?p=19311"},"modified":"2026-04-24T23:45:28","modified_gmt":"2026-04-24T23:45:28","slug":"presidente-mulino-inaugura-la-restauracion-de-la-casa-museo-de-belisario-porras-en-las-tablas","status":"publish","type":"post","link":"https:\/\/alminutonoticia.com\/noticias\/presidente-mulino-inaugura-la-restauracion-de-la-casa-museo-de-belisario-porras-en-las-tablas\/","title":{"rendered":"Presidente Mulino inaugura la restauraci\u00f3n de la casa museo de Belisario Porras en Las Tablas"},"content":{"rendered":"\n<p>El presidente de la Rep\u00fablica, Jos\u00e9 Ra\u00fal Mulino, inaugur\u00f3 este viernes en Las Tablas, provincia de Los Santos, la hist\u00f3rica Casa Museo El Paus\u00edlipo. Esta antigua residencia de campo del tres veces mandatario Belisario Porras es un emblema del patrimonio cultural del pa\u00eds.<br>Con una inversi\u00f3n de B\/.279,564.76 y tras ocho meses de arduos trabajos de restauraci\u00f3n y conservaci\u00f3n, el Gobierno Nacional ha recuperado el esplendor de El Paus\u00edlipo.<br>El rescate de este sitio hist\u00f3rico tambi\u00e9n impuls\u00f3 la resocializaci\u00f3n y reinserci\u00f3n laboral de 25 personas privadas de libertad del Centro Penitenciario de Las Tablas, quienes trabajaron en su recuperaci\u00f3n.<br>La ejecuci\u00f3n del proyecto fue posible gracias a la firma de un convenio entre los ministerios de Gobierno (Mingob) y Cultura (MiCultura), como parte del seguimiento al Plan Libertad.<br>El presidente lleg\u00f3 acompa\u00f1ado de la primera dama de la Rep\u00fablica, Maricel Cohen de Mulino; ministros y viceministros de Estado, diputados y autoridades locales.<br>Durante el acto, el ministro de la Presidencia, Juan Carlos Orillac, hizo entrega solemne de las Actas de Consejo de Gabinete del mandato del presidente Porras (1920 y 1923) a la ministra de Cultura, Mar\u00eda Eugenia Herrera, para su tratamiento y restauraci\u00f3n.<br>El presidente Mulino tuvo la oportunidad de sostener los documentos y apreciar las firmas genuinas de Porras y sus ministros de la \u00e9poca.<br>Seguidamente, el mandatario \u2014junto con la primera dama, ministros, autoridades y miembros de la familia Porras\u2014 hizo el corte de cinta protocolar y recorri\u00f3 la Casa Museo, apreciando los invaluables objetos y pertenencias del Dr. Porras.<br>Tambi\u00e9n se tomaron un momento para sentarse en la misma mesa en la que se celebraban los consejos de gabinete del gobierno de Porras.<br>\u00abEstoy seguro de que Belisario Porras no pens\u00f3 en la inmortalidad, pero es un inmortal de la Patria\u00bb, expres\u00f3 Mulino, reconociendo la visi\u00f3n que tuvo Porras en su tiempo para construir la institucionalidad y las obras que le valieron ser llamado \u00abArquitecto de la Naci\u00f3n\u00bb.<br>El mandatario tambi\u00e9n aprovech\u00f3 para conversar con los privados de libertad que laboraron en la restauraci\u00f3n de la casa museo, y los felicit\u00f3 por emprender el camino hacia su resocializaci\u00f3n.<\/p>\n\n\n\n<p><em>Extensa labor de restauraci\u00f3n<\/em><br>Las labores realizadas en este inmueble incluyeron la implementaci\u00f3n de medidas de seguridad, como la construcci\u00f3n de una cerca perimetral; la restauraci\u00f3n completa de las estructuras de madera; el reemplazo de la cubierta del cielo raso; la rehabilitaci\u00f3n de columnas y vigas; y el reemplazo de la baranda perimetral y del machimbrado interior.<br>Asimismo, se recuper\u00f3 la sala del consejo, donde el entonces presidente Porras se reun\u00eda con sus ministros de Estado.<br>Adem\u00e1s, se intervino la museograf\u00eda, que consisti\u00f3 en el dise\u00f1o y la organizaci\u00f3n de la presentaci\u00f3n de las exposiciones y sus contenidos dentro del museo.<br>Para llevar a cabo estas labores, las personas privadas de libertad fueron capacitadas en ebanister\u00eda artesanal, alba\u00f1iler\u00eda, soldadura y paisajismo, incluyendo la siembra de mil plantas. De igual manera, algunos de ellos fungir\u00e1n como gu\u00edas del museo y estar\u00e1n encargados del mantenimiento del sitio.<br>Mediante la Ley N\u00b07 del 19 de mayo de 1994, El Paus\u00edlipo fue declarado monumento hist\u00f3rico nacional y se orden\u00f3 la creaci\u00f3n de un museo regional en Los Santos.<br>Este inmueble, de planta rectangular y portal perimetral, es considerado uno de los ejemplos mejor conservados de la arquitectura campestre del siglo XIX en Panam\u00e1. Su nombre proviene del t\u00e9rmino en griego antiguo, Paus\u00edlipo, que significa \u00abdonde el dolor cesa\u00bb, y hace referencia a una famosa colina ubicada en las afueras de N\u00e1poles, en Italia.<\/p>\n\n\n\n<figure class=\"wp-block-image size-large\"><a href=\"https:\/\/alminutonoticia.com\/noticias\/wp-content\/uploads\/2026\/04\/WhatsApp-Image-2026-04-24-at-11.10.02-AM.jpeg\"><img fetchpriority=\"high\" decoding=\"async\" width=\"1024\" height=\"683\" src=\"https:\/\/alminutonoticia.com\/noticias\/wp-content\/uploads\/2026\/04\/WhatsApp-Image-2026-04-24-at-11.10.02-AM-1024x683.jpeg\" alt=\"\" class=\"wp-image-19312\" title=\"\" srcset=\"https:\/\/alminutonoticia.com\/noticias\/wp-content\/uploads\/2026\/04\/WhatsApp-Image-2026-04-24-at-11.10.02-AM-1024x683.jpeg 1024w, https:\/\/alminutonoticia.com\/noticias\/wp-content\/uploads\/2026\/04\/WhatsApp-Image-2026-04-24-at-11.10.02-AM-300x200.jpeg 300w, https:\/\/alminutonoticia.com\/noticias\/wp-content\/uploads\/2026\/04\/WhatsApp-Image-2026-04-24-at-11.10.02-AM-768x512.jpeg 768w, https:\/\/alminutonoticia.com\/noticias\/wp-content\/uploads\/2026\/04\/WhatsApp-Image-2026-04-24-at-11.10.02-AM.jpeg 1280w\" sizes=\"(max-width: 1024px) 100vw, 1024px\" \/><\/a><\/figure>\n","protected":false},"excerpt":{"rendered":"<p>El presidente de la Rep\u00fablica, Jos\u00e9 Ra\u00fal Mulino, inaugur\u00f3 este viernes en Las Tablas, provincia de Los Santos, la hist\u00f3rica Casa Museo El Paus\u00edlipo. Esta antigua residencia de campo del tres veces mandatario Belisario Porras es un emblema del patrimonio cultural del pa\u00eds.Con una inversi\u00f3n de B\/.279,564.76 y tras ocho meses de arduos trabajos de [&hellip;]<\/p>\n","protected":false},"author":3,"featured_media":19313,"comment_status":"open","ping_status":"open","sticky":false,"template":"","format":"standard","meta":{"footnotes":""},"categories":[36],"tags":[],"class_list":["post-19311","post","type-post","status-publish","format-standard","has-post-thumbnail","hentry","category-nacionales"],"_links":{"self":[{"href":"https:\/\/alminutonoticia.com\/noticias\/wp-json\/wp\/v2\/posts\/19311","targetHints":{"allow":["GET"]}}],"collection":[{"href":"https:\/\/alminutonoticia.com\/noticias\/wp-json\/wp\/v2\/posts"}],"about":[{"href":"https:\/\/alminutonoticia.com\/noticias\/wp-json\/wp\/v2\/types\/post"}],"author":[{"embeddable":true,"href":"https:\/\/alminutonoticia.com\/noticias\/wp-json\/wp\/v2\/users\/3"}],"replies":[{"embeddable":true,"href":"https:\/\/alminutonoticia.com\/noticias\/wp-json\/wp\/v2\/comments?post=19311"}],"version-history":[{"count":1,"href":"https:\/\/alminutonoticia.com\/noticias\/wp-json\/wp\/v2\/posts\/19311\/revisions"}],"predecessor-version":[{"id":19314,"href":"https:\/\/alminutonoticia.com\/noticias\/wp-json\/wp\/v2\/posts\/19311\/revisions\/19314"}],"wp:featuredmedia":[{"embeddable":true,"href":"https:\/\/alminutonoticia.com\/noticias\/wp-json\/wp\/v2\/media\/19313"}],"wp:attachment":[{"href":"https:\/\/alminutonoticia.com\/noticias\/wp-json\/wp\/v2\/media?parent=19311"}],"wp:term":[{"taxonomy":"category","embeddable":true,"href":"https:\/\/alminutonoticia.com\/noticias\/wp-json\/wp\/v2\/categories?post=19311"},{"taxonomy":"post_tag","embeddable":true,"href":"https:\/\/alminutonoticia.com\/noticias\/wp-json\/wp\/v2\/tags?post=19311"}],"curies":[{"name":"wp","href":"https:\/\/api.w.org\/{rel}","templated":true}]}}