{"id":19299,"date":"2026-04-24T23:35:22","date_gmt":"2026-04-24T23:35:22","guid":{"rendered":"https:\/\/alminutonoticia.com\/noticias\/?p=19299"},"modified":"2026-04-24T23:35:24","modified_gmt":"2026-04-24T23:35:24","slug":"panama-recibe-a-mas-de-100-delegados-de-alto-nivel-en-la-bienal-de-las-americas-2026","status":"publish","type":"post","link":"https:\/\/alminutonoticia.com\/noticias\/panama-recibe-a-mas-de-100-delegados-de-alto-nivel-en-la-bienal-de-las-americas-2026\/","title":{"rendered":"Panam\u00e1 recibe a m\u00e1s de 100 delegados de alto nivel en la Bienal de las Am\u00e9ricas 2026"},"content":{"rendered":"\n<p> La Ciudad de Panam\u00e1 es la sede de la Cumbre de las Am\u00e9ricas 2026, seleccionada por la Bienal de las Am\u00e9ricas este a\u00f1o en su misi\u00f3n de crear conexiones, construir comunidad e inspirar el cambio mediante el poder transformador de las ideas y el arte.<\/p>\n\n\n\n<p>\u200bLa cumbre re\u00fane a m\u00e1s de 100 delegados, incluyendo ejecutivos de alto nivel, funcionarios gubernamentales, acad\u00e9micos, l\u00edderes de infraestructura, innovadores y emprendedores culturales, en m\u00e1s de 20 sedes y con 60 oradores para cuatro d\u00edas de di\u00e1logo y colaboraci\u00f3n.<\/p>\n\n\n\n<p>El conversatorio \u201cInvertir en Econom\u00eda Creativa\u00bb, cont\u00f3 con la participaci\u00f3n de Miky F\u00e1brega, director nacional de Econom\u00eda Creativa, en representaci\u00f3n del Ministerio de Cultura; un espacio donde se convers\u00f3 sobre c\u00f3mo el arte y el patrimonio cultural no solo definen nuestra identidad, sino que act\u00faan como motores fundamentales para el desarrollo econ\u00f3mico y la atracci\u00f3n de inversiones en la regi\u00f3n.<\/p>\n\n\n\n<p>\u200bLa cumbre representa un compromiso del Estado de Colorado con la diplomacia cultural y la asociaci\u00f3n hemisf\u00e9rica, como un aliado estrat\u00e9gico para Panam\u00e1 en un momento fundamental del desarrollo para la infraestructura econ\u00f3mica del pa\u00eds.<\/p>\n\n\n\n<p>\u200bEn \u200bEconom\u00eda Creativa, el Instituto Sundance e IFF Panam\u00e1 dialogo sobre el cine como herramienta de conexi\u00f3n hemisf\u00e9rica. Entre los delegados se incluyen representantes de Amazon, Google, United Airlines, la Universidad de Colorado y la Universidad Estatal de Colorado.<\/p>\n\n\n\n<figure class=\"wp-block-image size-large\"><a href=\"https:\/\/alminutonoticia.com\/noticias\/wp-content\/uploads\/2026\/04\/WhatsApp-Image-2026-04-23-at-2.35.48-PM.jpeg\"><img fetchpriority=\"high\" decoding=\"async\" width=\"1024\" height=\"672\" src=\"https:\/\/alminutonoticia.com\/noticias\/wp-content\/uploads\/2026\/04\/WhatsApp-Image-2026-04-23-at-2.35.48-PM-1024x672.jpeg\" alt=\"\" class=\"wp-image-19300\" title=\"\" srcset=\"https:\/\/alminutonoticia.com\/noticias\/wp-content\/uploads\/2026\/04\/WhatsApp-Image-2026-04-23-at-2.35.48-PM-1024x672.jpeg 1024w, https:\/\/alminutonoticia.com\/noticias\/wp-content\/uploads\/2026\/04\/WhatsApp-Image-2026-04-23-at-2.35.48-PM-300x197.jpeg 300w, https:\/\/alminutonoticia.com\/noticias\/wp-content\/uploads\/2026\/04\/WhatsApp-Image-2026-04-23-at-2.35.48-PM-768x504.jpeg 768w, https:\/\/alminutonoticia.com\/noticias\/wp-content\/uploads\/2026\/04\/WhatsApp-Image-2026-04-23-at-2.35.48-PM.jpeg 1366w\" sizes=\"(max-width: 1024px) 100vw, 1024px\" \/><\/a><\/figure>\n","protected":false},"excerpt":{"rendered":"<p>La Ciudad de Panam\u00e1 es la sede de la Cumbre de las Am\u00e9ricas 2026, seleccionada por la Bienal de las Am\u00e9ricas este a\u00f1o en su misi\u00f3n de crear conexiones, construir comunidad e inspirar el cambio mediante el poder transformador de las ideas y el arte. \u200bLa cumbre re\u00fane a m\u00e1s de 100 delegados, incluyendo ejecutivos [&hellip;]<\/p>\n","protected":false},"author":3,"featured_media":19301,"comment_status":"open","ping_status":"open","sticky":false,"template":"","format":"standard","meta":{"footnotes":""},"categories":[41,36],"tags":[],"class_list":["post-19299","post","type-post","status-publish","format-standard","has-post-thumbnail","hentry","category-cultura-y-farandula","category-nacionales"],"_links":{"self":[{"href":"https:\/\/alminutonoticia.com\/noticias\/wp-json\/wp\/v2\/posts\/19299","targetHints":{"allow":["GET"]}}],"collection":[{"href":"https:\/\/alminutonoticia.com\/noticias\/wp-json\/wp\/v2\/posts"}],"about":[{"href":"https:\/\/alminutonoticia.com\/noticias\/wp-json\/wp\/v2\/types\/post"}],"author":[{"embeddable":true,"href":"https:\/\/alminutonoticia.com\/noticias\/wp-json\/wp\/v2\/users\/3"}],"replies":[{"embeddable":true,"href":"https:\/\/alminutonoticia.com\/noticias\/wp-json\/wp\/v2\/comments?post=19299"}],"version-history":[{"count":1,"href":"https:\/\/alminutonoticia.com\/noticias\/wp-json\/wp\/v2\/posts\/19299\/revisions"}],"predecessor-version":[{"id":19302,"href":"https:\/\/alminutonoticia.com\/noticias\/wp-json\/wp\/v2\/posts\/19299\/revisions\/19302"}],"wp:featuredmedia":[{"embeddable":true,"href":"https:\/\/alminutonoticia.com\/noticias\/wp-json\/wp\/v2\/media\/19301"}],"wp:attachment":[{"href":"https:\/\/alminutonoticia.com\/noticias\/wp-json\/wp\/v2\/media?parent=19299"}],"wp:term":[{"taxonomy":"category","embeddable":true,"href":"https:\/\/alminutonoticia.com\/noticias\/wp-json\/wp\/v2\/categories?post=19299"},{"taxonomy":"post_tag","embeddable":true,"href":"https:\/\/alminutonoticia.com\/noticias\/wp-json\/wp\/v2\/tags?post=19299"}],"curies":[{"name":"wp","href":"https:\/\/api.w.org\/{rel}","templated":true}]}}